{"id":26,"date":"2012-11-25T20:22:00","date_gmt":"2012-11-25T20:22:00","guid":{"rendered":"http:\/\/blogs.hoy.es\/meteobadajoz\/2012\/11\/25\/la-semana-comienza-con-descenso-termico\/"},"modified":"2012-11-25T20:22:00","modified_gmt":"2012-11-25T20:22:00","slug":"la-semana-comienza-con-descenso-termico","status":"publish","type":"post","link":"https:\/\/blogs.hoy.es\/meteobadajoz\/2012\/11\/25\/la-semana-comienza-con-descenso-termico\/","title":{"rendered":"La semana comienza con descenso t\u00e9rmico."},"content":{"rendered":"<p><\/p>\n<div style=\"clear: both;text-align: center\"><\/div>\n<div style=\"clear: both;text-align: center\"><a href=\"http:\/\/4.bp.blogspot.com\/-DgzhQ-3JpQ4\/ULJsaZtBrSI\/AAAAAAAAEDY\/rVvbp3X8_0U\/s1600\/HRV2.png\" rel=\"external nofollow\"><img loading=\"lazy\" border=\"0\" height=\"504\" src=\"\/\/4.bp.blogspot.com\/-DgzhQ-3JpQ4\/ULJsaZtBrSI\/AAAAAAAAEDY\/rVvbp3X8_0U\/s640\/HRV2.png\" width=\"640\" \/><\/a><\/div>\n<p><span style=\"font-family: Helvetica Neue, Arial, Helvetica, sans-serif\">Atentos estamos muchos aficionados a la meteorolog\u00eda en nuestro pa\u00eds de cada actualizaci\u00f3n de los modelos, ya que en las \u00faltimas horas contin\u00faan mostr\u00e1ndose bastantes interesantes, con temperaturas muy fr\u00edas y posibilidad de algunas precipitaciones, sobre todo de cara al pr\u00f3ximo viernes.<\/span><br \/><a name='more'><\/a><br \/> <span style=\"font-family: Helvetica Neue, Arial, Helvetica, sans-serif\">Ya tenemos casi confirmadas varias cosas, pero a\u00fan est\u00e1 por determinar tanto la persistencia como la posici\u00f3n final que acaba tomando ese bloqueo de altas presiones en el \u00c1rtico, ya que ser\u00e1 la clave para saber, m\u00e1s o menos, qu\u00e9 tiempo vamos a tener en los pr\u00f3ximos d\u00edas en la pen\u00ednsula.<\/span><\/p>\n<div style=\"clear: both;text-align: center\"><a href=\"http:\/\/2.bp.blogspot.com\/-3Vm_bUb7KMA\/ULJtfXQa-qI\/AAAAAAAAEDk\/taEMp6pKPug\/s1600\/isob+animado.gif\" rel=\"external nofollow\"><img loading=\"lazy\" border=\"0\" height=\"610\" src=\"\/\/2.bp.blogspot.com\/-3Vm_bUb7KMA\/ULJtfXQa-qI\/AAAAAAAAEDk\/taEMp6pKPug\/s640\/isob+animado.gif\" width=\"640\" \/><\/a><\/div>\n<p><span style=\"font-family: Helvetica Neue, Arial, Helvetica, sans-serif\"><br \/><\/span><span style=\"font-family: Helvetica Neue, Arial, Helvetica, sans-serif\">Vamos a comenzar por los mapas isob\u00e1ricos previstos para estos 1-2 pr\u00f3ximos d\u00edas en Europa y en Atl\u00e1ntico Norte. En ellos vemos la presencia del anticicl\u00f3n de las Azores en su zona habitual, pero poco a poco se va desplazando hacia el norte, como si se estirase, y esa borrasca que baja de latitud hasta las Islas\u00a0Brit\u00e1nicas. Entre ambos (el anticicl\u00f3n y la borrasca) y tras el paso del frente fr\u00edo, se abre un pasillo de vientos de componente norte (flujo de norte) con aire muy fr\u00edo directamente desde el \u00c1rtico, que provocar\u00e1 un desplome generalizado de las temperaturas en toda la pen\u00ednsula.<\/span><br \/><span style=\"font-family: Helvetica Neue, Arial, Helvetica, sans-serif\"><br \/><\/span><span style=\"font-family: Helvetica Neue, Arial, Helvetica, sans-serif\">Actualmente\u00a0nos encontramos bajo los efectos de una masa de aire &#8220;c\u00e1lida&#8221; y bastante h\u00fameda (como puede verse en la imagen que encabeza el art\u00edculo), con vientos del suroeste que acompa\u00f1a al frente que tenemos estancado sobre Portugal, y que en las pr\u00f3ximas horas ser\u00e1\u00a0sustituida\u00a0por la masa de aire fr\u00edo que entrar\u00e1 por el noroeste. Estamos disfrutando de temperaturas bastante agradables (de unos <b><span style=\"color: red\">19-20\u00b0C<\/span><\/b> de valor m\u00e1ximo, y rondando los <b><span style=\"color: cyan\">10-12\u00b0C<\/span><\/b> de m\u00ednima), pero a partir del lunes\/martes bajar\u00e1n notablemente.<\/span><\/p>\n<div style=\"clear: both;text-align: center\"><a href=\"http:\/\/4.bp.blogspot.com\/-c8NocMcLpwU\/ULJxD0esF1I\/AAAAAAAAEEw\/z5Qw0Fa5R1M\/s1600\/anim_wrf_arw_d01_temp_850.gif\" rel=\"external nofollow\"><img border=\"0\" src=\"\/\/4.bp.blogspot.com\/-c8NocMcLpwU\/ULJxD0esF1I\/AAAAAAAAEEw\/z5Qw0Fa5R1M\/s1600\/anim_wrf_arw_d01_temp_850.gif\" \/><\/a><\/div>\n<p><span style=\"font-family: Helvetica Neue, Arial, Helvetica, sans-serif\">La masa de aire fr\u00edo comenzar\u00e1 a entrar el lunes, como es l\u00f3gico, por Galicia y las comunidades del Cant\u00e1brico, y se ir\u00e1 expandiendo al resto del tercio norte y centro de la pen\u00ednsula. En su avance, se producir\u00e1 un descenso importante de las temperaturas.<\/span><\/p>\n<div style=\"clear: both;text-align: center\"><\/div>\n<div style=\"clear: both;text-align: center\"><a href=\"http:\/\/2.bp.blogspot.com\/-ZQLcvjvyo4I\/ULJ5NehKSLI\/AAAAAAAAEF0\/LZh-Cv12qVA\/s1600\/anigif.gif\" rel=\"external nofollow\"><img loading=\"lazy\" border=\"0\" height=\"291\" src=\"\/\/2.bp.blogspot.com\/-ZQLcvjvyo4I\/ULJ5NehKSLI\/AAAAAAAAEF0\/LZh-Cv12qVA\/s400\/anigif.gif\" width=\"400\" \/><\/a><\/div>\n<p><span style=\"font-family: Helvetica Neue, Arial, Helvetica, sans-serif\">En la animaci\u00f3n superior se puede observar la evoluci\u00f3n de los viento\u00a0<\/span><span style=\"font-family: 'Helvetica Neue', Arial, Helvetica, sans-serif\">en la pen\u00ednsula,<\/span><span style=\"font-family: 'Helvetica Neue', Arial, Helvetica, sans-serif\">\u00a0a nivel de la superficie. La animaci\u00f3n comienza con la situaci\u00f3n que hemos tenido hoy, viento del sur y temperaturas muy suaves, y acaba de ese flujo del norte-noroeste.<\/span><br \/><span style=\"font-family: 'Helvetica Neue', Arial, Helvetica, sans-serif\"><br \/><\/span><span style=\"font-family: 'Helvetica Neue', Arial, Helvetica, sans-serif\">Evoluci\u00f3n de las temperaturas en la pen\u00ednsula.<\/span><br \/><span style=\"font-family: 'Helvetica Neue', Arial, Helvetica, sans-serif\"><b>-LUNES:<\/b><\/span><\/p>\n<div style=\"clear: both;text-align: center\"><a href=\"http:\/\/2.bp.blogspot.com\/-2NxOb1SxYec\/ULJ6NUqkWdI\/AAAAAAAAEF8\/jWy5TuzjNX4\/s1600\/tw2gp097.gif\" rel=\"external nofollow\"><img loading=\"lazy\" border=\"0\" height=\"444\" src=\"\/\/2.bp.blogspot.com\/-2NxOb1SxYec\/ULJ6NUqkWdI\/AAAAAAAAEF8\/jWy5TuzjNX4\/s640\/tw2gp097.gif\" width=\"640\" \/><\/a><\/div>\n<div style=\"text-align: center\"><span style=\"font-family: 'Helvetica Neue', Arial, Helvetica, sans-serif\"><b>Variaci\u00f3n de las temperaturas m\u00e1ximas con respecto a la jornada del domingo.<\/b><\/span><\/div>\n<div style=\"text-align: center\"><span style=\"font-family: 'Helvetica Neue', Arial, Helvetica, sans-serif\"><b><br \/><\/b><\/span><\/div>\n<div style=\"clear: both;text-align: center\"><a href=\"http:\/\/2.bp.blogspot.com\/-SQSt7yXssGc\/ULJ6PR02zHI\/AAAAAAAAEGE\/hFDvyq9Mqjo\/s1600\/tw2gp096.gif\" rel=\"external nofollow\"><img loading=\"lazy\" border=\"0\" height=\"444\" src=\"\/\/2.bp.blogspot.com\/-SQSt7yXssGc\/ULJ6PR02zHI\/AAAAAAAAEGE\/hFDvyq9Mqjo\/s640\/tw2gp096.gif\" width=\"640\" \/><\/a><\/div>\n<div style=\"text-align: center\"><b>Variaci\u00f3n de las temperaturas m\u00ednimas con respecto a la jornada del domingo.<\/b><\/div>\n<div style=\"text-align: left\"><b><br \/><\/b><\/div>\n<div style=\"text-align: left\"><span style=\"font-family: 'Helvetica Neue', Arial, Helvetica, sans-serif\"><b>-MARTES:<\/b><\/span><\/div>\n<div style=\"clear: both;text-align: center\"><a href=\"http:\/\/2.bp.blogspot.com\/-FzcL0c9HChY\/ULJ6SJg65SI\/AAAAAAAAEGQ\/l4N2B0qphug\/s1600\/tw3gp097.gif\" rel=\"external nofollow\"><img loading=\"lazy\" border=\"0\" height=\"443\" src=\"\/\/2.bp.blogspot.com\/-FzcL0c9HChY\/ULJ6SJg65SI\/AAAAAAAAEGQ\/l4N2B0qphug\/s640\/tw3gp097.gif\" width=\"640\" \/><\/a><\/div>\n<div style=\"clear: both;text-align: center\"><b><span style=\"font-family: Helvetica Neue, Arial, Helvetica, sans-serif\">Variaci\u00f3n de las temperaturas m\u00e1ximas con respecto a la jornada del lunes.<\/span><\/b><\/div>\n<div style=\"clear: both;text-align: center\"><b><span style=\"font-family: Helvetica Neue, Arial, Helvetica, sans-serif\"><br \/><\/span><\/b><\/div>\n<div style=\"clear: both;text-align: center\"><a href=\"http:\/\/3.bp.blogspot.com\/-QTvXIS3fOg8\/ULJ6Qm9P5JI\/AAAAAAAAEGM\/EJ9vzI7DYYc\/s1600\/tw3gp096.gif\" rel=\"external nofollow\"><img loading=\"lazy\" border=\"0\" height=\"444\" src=\"\/\/3.bp.blogspot.com\/-QTvXIS3fOg8\/ULJ6Qm9P5JI\/AAAAAAAAEGM\/EJ9vzI7DYYc\/s640\/tw3gp096.gif\" width=\"640\" \/><\/a><\/div>\n<div style=\"clear: both;text-align: center\"><b>Variaci\u00f3n de las temperaturas m\u00ednimas con respecto a la jornada del lunes.<\/b><\/div>\n<div style=\"clear: both;text-align: center\"><b><br \/><\/b><\/div>\n<div style=\"clear: both;text-align: left\"><span style=\"font-family: 'Helvetica Neue', Arial, Helvetica, sans-serif\">Estaremos atentos tambi\u00e9n a la jornada del viernes, cuando un frente se junte con todo el aire fr\u00edo sobre la pen\u00ednsula, y podr\u00e1 producir algunas nevadas en cotas medias\/altas, y ojo, que tambi\u00e9n podr\u00eda nevar puntualmente en cotas bajas&#8230; Lo iremos viendo, pero se nos presenta una situaci\u00f3n muy interesante. Termino hoy con unos meteogramas que prometen! jejeje<\/span><\/div>\n<div style=\"clear: both;text-align: left\"><span style=\"font-family: 'Helvetica Neue', Arial, Helvetica, sans-serif\"><br \/><\/span><\/div>\n<div style=\"clear: both;text-align: center\"><a href=\"http:\/\/4.bp.blogspot.com\/-yHU3HLVIKl8\/ULJ9fLPN8_I\/AAAAAAAAEHg\/mbV-MctoSzs\/s1600\/A8jKPzqCQAAn5Jt.png\" rel=\"external nofollow\"><img loading=\"lazy\" border=\"0\" height=\"262\" src=\"\/\/4.bp.blogspot.com\/-yHU3HLVIKl8\/ULJ9fLPN8_I\/AAAAAAAAEHg\/mbV-MctoSzs\/s640\/A8jKPzqCQAAn5Jt.png\" width=\"640\" \/><\/a><\/div>\n<div style=\"clear: both;text-align: left\"><span style=\"font-family: 'Helvetica Neue', Arial, Helvetica, sans-serif\"><br \/><\/span><\/div>\n<div style=\"clear: both;text-align: center\"><a href=\"http:\/\/3.bp.blogspot.com\/-9YWea3lXXCk\/ULJ9ddiZqaI\/AAAAAAAAEHY\/34nTlJtYFwE\/s1600\/A8jIXTzCMAAXtIY.png\" rel=\"external nofollow\"><img loading=\"lazy\" border=\"0\" height=\"258\" src=\"\/\/3.bp.blogspot.com\/-9YWea3lXXCk\/ULJ9ddiZqaI\/AAAAAAAAEHY\/34nTlJtYFwE\/s640\/A8jIXTzCMAAXtIY.png\" width=\"640\" \/><\/a><\/div>\n<p><\/p>\n<div style=\"clear: both;text-align: center\"><a href=\"http:\/\/3.bp.blogspot.com\/-NU421ZhC0Mw\/ULJ9eaem-FI\/AAAAAAAAEHc\/Pi-LeNMLXcI\/s1600\/A8jIuZyCMAAUMCg.png\" rel=\"external nofollow\"><img loading=\"lazy\" border=\"0\" height=\"260\" src=\"\/\/3.bp.blogspot.com\/-NU421ZhC0Mw\/ULJ9eaem-FI\/AAAAAAAAEHc\/Pi-LeNMLXcI\/s640\/A8jIuZyCMAAUMCg.png\" width=\"640\" \/><\/a><\/div>\n<div style=\"clear: both;text-align: center\"><\/div>\n<div style=\"clear: both;text-align: left\"><span style=\"font-family: 'Helvetica Neue', Arial, Helvetica, sans-serif\">En fin, veremos qu\u00e9 pasa.<\/span><\/div>\n<div style=\"clear: both;text-align: left\"><span style=\"font-family: 'Helvetica Neue', Arial, Helvetica, sans-serif\">Un saludo!<\/span><\/div>\n<!-- AddThis Advanced Settings generic via filter on the_content --><!-- AddThis Share Buttons generic via filter on the_content -->","protected":false},"excerpt":{"rendered":"<p>Atentos estamos muchos aficionados a la meteorolog\u00eda en nuestro pa\u00eds de cada actualizaci\u00f3n de los modelos, ya que en las \u00faltimas horas contin\u00faan mostr\u00e1ndose bastantes interesantes, con temperaturas muy fr\u00edas y posibilidad de algunas precipitaciones, sobre todo de cara al pr\u00f3ximo viernes. Ya tenemos casi confirmadas varias cosas, pero a\u00fan est\u00e1 por determinar tanto la [&hellip;]<!-- AddThis Advanced Settings generic via filter on get_the_excerpt --><!-- AddThis Share Buttons generic via filter on get_the_excerpt --><\/p>\n","protected":false},"author":3,"featured_media":0,"comment_status":"open","ping_status":"closed","sticky":false,"template":"","format":"standard","meta":[],"categories":[3],"tags":[],"_links":{"self":[{"href":"https:\/\/blogs.hoy.es\/meteobadajoz\/wp-json\/wp\/v2\/posts\/26"}],"collection":[{"href":"https:\/\/blogs.hoy.es\/meteobadajoz\/wp-json\/wp\/v2\/posts"}],"about":[{"href":"https:\/\/blogs.hoy.es\/meteobadajoz\/wp-json\/wp\/v2\/types\/post"}],"author":[{"embeddable":true,"href":"https:\/\/blogs.hoy.es\/meteobadajoz\/wp-json\/wp\/v2\/users\/3"}],"replies":[{"embeddable":true,"href":"https:\/\/blogs.hoy.es\/meteobadajoz\/wp-json\/wp\/v2\/comments?post=26"}],"version-history":[{"count":0,"href":"https:\/\/blogs.hoy.es\/meteobadajoz\/wp-json\/wp\/v2\/posts\/26\/revisions"}],"wp:attachment":[{"href":"https:\/\/blogs.hoy.es\/meteobadajoz\/wp-json\/wp\/v2\/media?parent=26"}],"wp:term":[{"taxonomy":"category","embeddable":true,"href":"https:\/\/blogs.hoy.es\/meteobadajoz\/wp-json\/wp\/v2\/categories?post=26"},{"taxonomy":"post_tag","embeddable":true,"href":"https:\/\/blogs.hoy.es\/meteobadajoz\/wp-json\/wp\/v2\/tags?post=26"}],"curies":[{"name":"wp","href":"https:\/\/api.w.org\/{rel}","templated":true}]}}