{"id":27,"date":"2012-11-23T20:17:00","date_gmt":"2012-11-23T20:17:00","guid":{"rendered":"http:\/\/blogs.hoy.es\/meteobadajoz\/2012\/11\/23\/se-confirman-los-cambios\/"},"modified":"2012-11-23T20:17:00","modified_gmt":"2012-11-23T20:17:00","slug":"se-confirman-los-cambios","status":"publish","type":"post","link":"https:\/\/blogs.hoy.es\/meteobadajoz\/2012\/11\/23\/se-confirman-los-cambios\/","title":{"rendered":"Se confirman los cambios&#8230;"},"content":{"rendered":"<p><\/p>\n<div style=\"clear: both;text-align: center\"><a href=\"http:\/\/1.bp.blogspot.com\/--QEKyWStwzU\/UK_QI1gjnnI\/AAAAAAAAEBA\/01yzKHuoza8\/s1600\/anim+500.gif\" rel=\"external nofollow\"><img loading=\"lazy\" border=\"0\" height=\"640\" src=\"\/\/1.bp.blogspot.com\/--QEKyWStwzU\/UK_QI1gjnnI\/AAAAAAAAEBA\/01yzKHuoza8\/s640\/anim+500.gif\" width=\"640\" \/><\/a><\/div>\n<div style=\"text-align: center\"><span style=\"font-family: Helvetica Neue, Arial, Helvetica, sans-serif\"><b>Evoluci\u00f3n altura\u00a0geopotencial\u00a0500 hPa &#8211; GFS &#8211; (120-192h).<\/b><\/span><\/div>\n<p><span style=\"font-family: Helvetica Neue, Arial, Helvetica, sans-serif\"><br \/><\/span><span style=\"font-family: Helvetica Neue, Arial, Helvetica, sans-serif\">Parece que poco a poco se va confirmando esa tendencia fr\u00eda e inestable que comentaba el pasado mi\u00e9rcoles en mi <a href=\"http:\/\/meteo-badajoz.blogspot.com.es\/2012\/11\/la-primera-importante-adveccion-fria-de.html\" target=\"_blank\" rel=\"external nofollow\"><span style=\"color: red\"><b>\u00faltimo an\u00e1lisis<\/b><\/span><\/a>, se instala, por tanto, una situaci\u00f3n de altas presiones en el \u00c1rtico que provocar\u00e1 la llegada de borrascas, frentes y masas de aire m\u00e1s fr\u00edas e inestables a partir del pr\u00f3ximo lunes por el noroeste de la pen\u00ednsula.<\/span><br \/><a name='more'><\/a><br \/> <span style=\"font-family: Helvetica Neue, Arial, Helvetica, sans-serif\">Seguimos viendo importantes diferencias entre los dos grandes modelos (GFS y ECMWF), pero ambos contin\u00faan insinuando una situaci\u00f3n de descenso generalizado de las temperaturas y la llegada de algunos frentes, que la semana que viene podr\u00edan dejar (adem\u00e1s de lluvias) algunas nevadas en zonas medias y altas de la pen\u00ednsula, y ya veremos hasta d\u00f3nde acaban bajando\u00a0<\/span><span style=\"font-family: 'Helvetica Neue', Arial, Helvetica, sans-serif\">finalmente<\/span><span style=\"font-family: 'Helvetica Neue', Arial, Helvetica, sans-serif\">\u00a0esas cotas de nieve.<\/span><br \/><span style=\"font-family: Helvetica Neue, Arial, Helvetica, sans-serif\"><br \/><\/span><span style=\"font-family: Helvetica Neue, Arial, Helvetica, sans-serif\">En las \u00faltimas semanas, en cada actualizaci\u00f3n de los modelos, hemos ido observando esa situaci\u00f3n a corto\/medio plazo, que en meteorolog\u00eda se conoce con el nombre de &#8220;situaci\u00f3n en rombo&#8221;, que consiste en lo siguiente:<\/span><\/p>\n<div style=\"clear: both;text-align: center\"><\/div>\n<div style=\"clear: both;text-align: center\"><\/div>\n<div style=\"clear: both;text-align: center\"><a href=\"http:\/\/1.bp.blogspot.com\/-RcNghLNSejE\/UK_PSAfk7uI\/AAAAAAAAEA4\/2nnTCLkpkAo\/s1600\/Explicaci%C3%B3n+gr%C3%A1fica+de+la+situaci%C3%B3n+en+rombo.PNG\" rel=\"external nofollow\"><img loading=\"lazy\" border=\"0\" height=\"364\" src=\"\/\/1.bp.blogspot.com\/-RcNghLNSejE\/UK_PSAfk7uI\/AAAAAAAAEA4\/2nnTCLkpkAo\/s640\/Explicaci%C3%B3n+gr%C3%A1fica+de+la+situaci%C3%B3n+en+rombo.PNG\" width=\"640\" \/><\/a><\/div>\n<p><span style=\"font-family: Helvetica Neue, Arial, Helvetica, sans-serif\">Como podemos comprobar en la imagen superior, esta situaci\u00f3n\u00a0consiste\u00a0en que un \u00e1rea de altas presiones (anticicl\u00f3n) que se posiciona a la misma latitud que Groenlandia o incluso en el mismo \u00c1rtico, y con sustento en altura (con una burbuja de aire m\u00e1s c\u00e1lido que la que le rodea). Esto permite que el chorro polar se bifurque de forma que aparecen dos ramales, uno que se desv\u00eda hacia el sur, y otro que lo hace hacia el norte. Y como ya sabemos, el chorro polar es una corriente de viento a unos 10Km de altitud que va moviendo los diferentes centros de\u00a0acci\u00f3n, de forma que las borrascas van llegando por el oeste. Pero en esta configuraci\u00f3n, las borrascas rodean a la masa de aire c\u00e1lido en altura.<\/span><br \/><span style=\"font-family: Helvetica Neue, Arial, Helvetica, sans-serif\"><br \/><\/span><span style=\"font-family: Helvetica Neue, Arial, Helvetica, sans-serif\">La zona del \u00c1rtico, normalmente es ocupada por inmensas masas de aire polar, muy fr\u00edas, y que van girando\u00a0alrededor\u00a0del Polo junto con borrascas muy profundas.\u00a0En esta situaci\u00f3n, como esa zona es ocupada por una masa de aire m\u00e1s c\u00e1lido (en altura), el aire fr\u00edo junto con las borrascas, se ven obligadas a desplazarse hacia latitudes m\u00e1s bajas, hacia latitudes medias, afectando a\u00a0Am\u00e9rica\u00a0del Norte, buena parte de\u00a0Europa, y la zona central y norte de Asia.<\/span><br \/><span style=\"font-family: Helvetica Neue, Arial, Helvetica, sans-serif\"><br \/><\/span><span style=\"font-family: Helvetica Neue, Arial, Helvetica, sans-serif\">Se configura as\u00ed un patr\u00f3n que, en algunos casos, las precipitaciones son abundantes y las temperaturas suaves, porque las borrascas llegan desde el oeste, pero en otras ocasiones (como la que se podr\u00eda producir en los pr\u00f3ximos d\u00edas) los frentes, las borrascas y las masas de aire vienen del norte o noroeste, lo que provoca un descenso notable de las temperaturas en la mayor parte del pa\u00eds y la llegada de frentes que sobre todo afectan al tercio norte de la pen\u00ednsula, aunque en los pr\u00f3ximos d\u00edas tambi\u00e9n veremos llover en otras zonas.<\/span><br \/><span style=\"font-family: Helvetica Neue, Arial, Helvetica, sans-serif\"><br \/><\/span><span style=\"font-family: Helvetica Neue, Arial, Helvetica, sans-serif\">Echamos mano ahora de los mapas del modelo americano (GFS), donde observamos c\u00f3mo va a evolucionar la situaci\u00f3n en los pr\u00f3ximos d\u00edas:<\/span><\/p>\n<div style=\"clear: both;text-align: center\"><a href=\"http:\/\/4.bp.blogspot.com\/-BfQpq0nK10Q\/UK_Ur_tyo1I\/AAAAAAAAEB8\/6prOaoKxNp0\/s1600\/anim+500+europ.gif\" rel=\"external nofollow\"><img loading=\"lazy\" border=\"0\" height=\"426\" src=\"\/\/4.bp.blogspot.com\/-BfQpq0nK10Q\/UK_Ur_tyo1I\/AAAAAAAAEB8\/6prOaoKxNp0\/s640\/anim+500+europ.gif\" width=\"640\" \/><\/a><\/div>\n<div style=\"text-align: center\"><span style=\"font-family: Helvetica Neue, Arial, Helvetica, sans-serif\"><b>Animaci\u00f3n del campo de presi\u00f3n y altura geopotencial 500 hPa &#8211; GFS &#8211; (5.500 mtrs de altura).<\/b><\/span><\/p>\n<div style=\"text-align: left\"><span style=\"font-family: Helvetica Neue, Arial, Helvetica, sans-serif\">Fijaos como se crea esa zona de geopotenciales relativamente altos sobre Groenlandia (en colores amarillos), y las \u00e1reas con geopotenciales bajos en latitudes m\u00e1s bajas (colores azules). Pr\u00e1cticamente se quedan estancadas esas borrascas por el centro y norte de Europa.<\/span><\/div>\n<\/div>\n<div style=\"clear: both;text-align: center\"><a href=\"http:\/\/3.bp.blogspot.com\/-uG85-pM3vwE\/UK_VdKIAeeI\/AAAAAAAAECE\/98Xnpt7KQ8Y\/s1600\/anim+850+europ.gif\" rel=\"external nofollow\"><img loading=\"lazy\" border=\"0\" height=\"426\" src=\"\/\/3.bp.blogspot.com\/-uG85-pM3vwE\/UK_VdKIAeeI\/AAAAAAAAECE\/98Xnpt7KQ8Y\/s640\/anim+850+europ.gif\" width=\"640\" \/><\/a><\/div>\n<div style=\"text-align: center\"><span style=\"font-family: Helvetica Neue, Arial, Helvetica, sans-serif\"><b>Animaci\u00f3n de la temperatura a 850 hPa &#8211; GFS &#8211; (1.500 mtrs de altura).<\/b><\/span><\/p>\n<div style=\"text-align: left\"><span style=\"font-family: Helvetica Neue, Arial, Helvetica, sans-serif\"><b><br \/><\/b><\/span><\/div>\n<div style=\"text-align: left\"><span style=\"font-family: Helvetica Neue, Arial, Helvetica, sans-serif\">Y entre ese conjunto de borrascas de centroeuropa,\u00a0y el anticicl\u00f3n que hay en Azores, provocan ese pasillo de vientos del\u00a0noroeste\u00a0que arrastran esa lengua de aire fr\u00edo que vemos en la animaci\u00f3n a 850 hPa.<\/span><\/div>\n<\/div>\n<div style=\"clear: both;text-align: center\"><a href=\"http:\/\/2.bp.blogspot.com\/-C1NKUKhMsPM\/UK_Wf6SXNAI\/AAAAAAAAECM\/Mdy7aojyjTc\/s1600\/Anim+prec.gif\" rel=\"external nofollow\"><img loading=\"lazy\" border=\"0\" height=\"480\" src=\"\/\/2.bp.blogspot.com\/-C1NKUKhMsPM\/UK_Wf6SXNAI\/AAAAAAAAECM\/Mdy7aojyjTc\/s640\/Anim+prec.gif\" width=\"640\" \/><\/a><\/div>\n<div style=\"text-align: center\"><span style=\"font-family: Helvetica Neue, Arial, Helvetica, sans-serif\"><b>Animaci\u00f3n de las precipitaciones &#8211; GFS &#8211; (60-192h).<\/b><\/span><\/p>\n<div style=\"text-align: left\"><span style=\"font-family: Helvetica Neue, Arial, Helvetica, sans-serif\"><b><br \/><\/b><\/span><\/div>\n<div style=\"text-align: left\"><span style=\"font-family: Helvetica Neue, Arial, Helvetica, sans-serif\">Y en la animaci\u00f3n de las precipitaciones observamos como van a ir pasando una serie de sistemas frontales que barrer\u00e1n (seg\u00fan el GFS) la pen\u00ednsula de noroeste a sureste.<\/span><\/div>\n<\/div>\n<p><span style=\"font-family: Helvetica Neue, Arial, Helvetica, sans-serif\"><br \/><\/span><span style=\"font-family: Helvetica Neue, Arial, Helvetica, sans-serif\">En cuanto al modelo europeo, tambi\u00e9n nos muestra una situaci\u00f3n parecida a la que comentaba anteriormente, aunque a diferencia del modelo americano, las precipitaciones previstas por el europeo son algo menores y\u00a0pierde\u00a0fuerza ese bloqueo \u00c1rtico. Eso s\u00ed, predominio del flujo de norte y noroeste, lo que permite que en la zona del Cant\u00e1brico se acumulen buenas cantidades de lluvia y posiblemente en forma de nieve en la cara norte de la Cordillera Cant\u00e1brica.<\/span><\/p>\n<div style=\"clear: both;text-align: center\"><a href=\"http:\/\/1.bp.blogspot.com\/-mLxkcen1tOs\/UK_YngLt6pI\/AAAAAAAAECU\/cdhMD39E4BE\/s1600\/Anim+prec+ecmwf.gif\" rel=\"external nofollow\"><img loading=\"lazy\" border=\"0\" height=\"366\" src=\"\/\/1.bp.blogspot.com\/-mLxkcen1tOs\/UK_YngLt6pI\/AAAAAAAAECU\/cdhMD39E4BE\/s640\/Anim+prec+ecmwf.gif\" width=\"640\" \/><\/a><\/div>\n<div style=\"clear: both;text-align: left\"><span style=\"font-family: Helvetica Neue, Arial, Helvetica, sans-serif\">En fin amig@s, a ver c\u00f3mo se\u00a0desenvuelve\u00a0esto. Seguiremos pendientes, por supuesto!<\/span><\/div>\n<div style=\"clear: both;text-align: left\"><span style=\"font-family: Helvetica Neue, Arial, Helvetica, sans-serif\">Un saludo! ;)<\/span><\/div>\n<!-- AddThis Advanced Settings generic via filter on the_content --><!-- AddThis Share Buttons generic via filter on the_content -->","protected":false},"excerpt":{"rendered":"<p>Evoluci\u00f3n altura\u00a0geopotencial\u00a0500 hPa &#8211; GFS &#8211; (120-192h). Parece que poco a poco se va confirmando esa tendencia fr\u00eda e inestable que comentaba el pasado mi\u00e9rcoles en mi \u00faltimo an\u00e1lisis, se instala, por tanto, una situaci\u00f3n de altas presiones en el \u00c1rtico que provocar\u00e1 la llegada de borrascas, frentes y masas de aire m\u00e1s fr\u00edas e [&hellip;]<!-- AddThis Advanced Settings generic via filter on get_the_excerpt --><!-- AddThis Share Buttons generic via filter on get_the_excerpt --><\/p>\n","protected":false},"author":3,"featured_media":0,"comment_status":"open","ping_status":"closed","sticky":false,"template":"","format":"standard","meta":[],"categories":[3],"tags":[],"_links":{"self":[{"href":"https:\/\/blogs.hoy.es\/meteobadajoz\/wp-json\/wp\/v2\/posts\/27"}],"collection":[{"href":"https:\/\/blogs.hoy.es\/meteobadajoz\/wp-json\/wp\/v2\/posts"}],"about":[{"href":"https:\/\/blogs.hoy.es\/meteobadajoz\/wp-json\/wp\/v2\/types\/post"}],"author":[{"embeddable":true,"href":"https:\/\/blogs.hoy.es\/meteobadajoz\/wp-json\/wp\/v2\/users\/3"}],"replies":[{"embeddable":true,"href":"https:\/\/blogs.hoy.es\/meteobadajoz\/wp-json\/wp\/v2\/comments?post=27"}],"version-history":[{"count":0,"href":"https:\/\/blogs.hoy.es\/meteobadajoz\/wp-json\/wp\/v2\/posts\/27\/revisions"}],"wp:attachment":[{"href":"https:\/\/blogs.hoy.es\/meteobadajoz\/wp-json\/wp\/v2\/media?parent=27"}],"wp:term":[{"taxonomy":"category","embeddable":true,"href":"https:\/\/blogs.hoy.es\/meteobadajoz\/wp-json\/wp\/v2\/categories?post=27"},{"taxonomy":"post_tag","embeddable":true,"href":"https:\/\/blogs.hoy.es\/meteobadajoz\/wp-json\/wp\/v2\/tags?post=27"}],"curies":[{"name":"wp","href":"https:\/\/api.w.org\/{rel}","templated":true}]}}