{"id":272,"date":"2013-04-01T20:14:41","date_gmt":"2013-04-01T19:14:41","guid":{"rendered":"http:\/\/blogs.hoy.es\/meteobadajoz\/?p=272"},"modified":"2013-04-01T20:14:41","modified_gmt":"2013-04-01T19:14:41","slug":"ultima-semana-de-lluvias","status":"publish","type":"post","link":"https:\/\/blogs.hoy.es\/meteobadajoz\/2013\/04\/01\/ultima-semana-de-lluvias\/","title":{"rendered":"\u00daltima semana de lluvias"},"content":{"rendered":"<p><!-- AddThis Button BEGIN --><\/p>\n<div class=\"addthis_toolbox addthis_default_style addthis_32x32_style\">\n<p><a class=\"addthis_button_preferred_1\"><\/a><\/p>\n<p><a class=\"addthis_button_preferred_2\"><\/a><\/p>\n<p><a class=\"addthis_button_preferred_3\"><\/a><\/p>\n<p><a class=\"addthis_button_preferred_4\"><\/a><\/p>\n<p><a class=\"addthis_button_compact\"><\/a><\/p>\n<p><a class=\"addthis_counter addthis_bubble_style\"><\/a><\/p>\n<\/div>\n<p><script type=\"text\/javascript\" src=\"\/\/s7.addthis.com\/js\/250\/addthis_widget.js#pubid=xa-4eb94f1130209787\"><\/script><\/p>\n<p><!-- AddThis Button END --><\/p>\n<p style=\"text-align: center;\"><a href=\"https:\/\/blogs.hoy.es\/meteobadajoz\/2013\/04\/01\/ultima-semana-de-lluvias\/bgxsfbdcuaiavsw\/\" rel=\"attachment wp-att-286\"><img loading=\"lazy\" class=\"aligncenter  wp-image-286\" title=\"@ingeoex\" src=\"\/meteobadajoz\/wp-content\/uploads\/sites\/68\/2013\/04\/BGxsfbDCUAIAvsw.png\" alt=\"\" width=\"614\" height=\"459\" srcset=\"https:\/\/static-blogs.hoy.es\/wp-content\/uploads\/sites\/68\/2013\/04\/BGxsfbDCUAIAvsw.png 1024w, https:\/\/static-blogs.hoy.es\/wp-content\/uploads\/sites\/68\/2013\/04\/BGxsfbDCUAIAvsw-300x224.png 300w, https:\/\/static-blogs.hoy.es\/wp-content\/uploads\/sites\/68\/2013\/04\/BGxsfbDCUAIAvsw-768x574.png 768w\" sizes=\"(max-width: 614px) 100vw, 614px\" \/><\/a><\/p>\n<p style=\"text-align: center;\"><span style=\"color: #000000;\">Foto de <strong>@ingeoex<\/strong>, desde M\u00e9rida, en la tarde del lunes 1 de abril.<\/span><\/p>\n<p><span style=\"font-size: medium; color: #000000;\">Son muchas las fotos que hemos visto estos \u00faltimos d\u00edas del estado de\u00a0los arroyos, r\u00edos y embalses de nuestra regi\u00f3n. Las lluvias de los \u00faltimos\u00a0d\u00edas,\u00a0especialmente las del domingo 31 de marzo, <strong>han ayudado a que los embalses<\/strong>\u00a0(ya en un principio bastante llenos) <strong>suban notablemente su nivel<\/strong>, y varios se han visto obligados a realizar\u00a0la <strong>apertura de las compuertas<\/strong>. Tambi\u00e9n se ha notado en el estado de\u00a0arroyos y r\u00edos de la regi\u00f3n. <strong>Muchos de ellos han aumentado tanto su\u00a0caudal, que incluso han provocado algunas inundaciones<\/strong>.<\/span><\/p>\n<p><span style=\"font-size: medium; color: #000000;\">Y es que ha llovido much\u00edsimo en los \u00faltimos d\u00edas, sobre todo el pasado domingo 31 de Marzo, cuando desde el oeste y suroeste se nos colaba una <strong>masa de aire de\u00a0car\u00e1cter\u00a0muy h\u00famedo<\/strong>, <strong>cargada de abundantes precipitaciones<\/strong>, y que dej\u00f3 cantidades de lluvia <strong>bastante significativas en muchas zonas de Extremadura<\/strong>. <\/span><\/p>\n<p><span style=\"font-size: medium; color: #000000;\">Adem\u00e1s, esta vez no s\u00f3lo estuvieron restringidas en zonas monta\u00f1osas, sino que las lluvias abundantes llegaron a zonas poco habituales, zonas llanas del centro y oeste de la regi\u00f3n.<\/span><\/p>\n<p><span style=\"font-size: medium; color: #000000;\">En Badajoz capital, <strong>varias estaciones de aficionados en la propia\u00a0capital registraron precipitaciones superiores a los 40 mm<\/strong>, (<strong>44.7 mm<\/strong> en mi estaci\u00f3n, en el barrio pacense de Antonio Dom\u00ednguez).<\/span><\/p>\n<p><span style=\"font-size: medium; color: #000000;\">Durante los pr\u00f3ximos d\u00edas, <strong>seguir\u00e1n las precipitaciones afectando a todo el oeste y suroeste de la Pen\u00ednsula<\/strong>, pero estar\u00e1n irregularmente\u00a0repartidas, es decir, no ser\u00e1n lluvias generalizadas (excepto el mi\u00e9rcoles), ser\u00e1n <strong>chubascos y\/o posibles tormentas<\/strong> como las que se han formado en la jornada del lunes, que aparecer\u00e1n a partir del mediod\u00eda.<!--more--><\/span><\/p>\n<p style=\"text-align: center;\"><a href=\"https:\/\/blogs.hoy.es\/meteobadajoz\/2013\/04\/01\/ultima-semana-de-lluvias\/gfs_pi_prec_051\/\" rel=\"attachment wp-att-287\"><img loading=\"lazy\" class=\"aligncenter  wp-image-287\" title=\"Precipitaciones esperadas el mi\u00e9rcoles 3, por la tarde - Modelo GFS.\" src=\"\/meteobadajoz\/wp-content\/uploads\/sites\/68\/2013\/04\/gfs_pi_prec_051.png\" alt=\"\" width=\"640\" height=\"423\" srcset=\"https:\/\/static-blogs.hoy.es\/wp-content\/uploads\/sites\/68\/2013\/04\/gfs_pi_prec_051.png 800w, https:\/\/static-blogs.hoy.es\/wp-content\/uploads\/sites\/68\/2013\/04\/gfs_pi_prec_051-300x198.png 300w, https:\/\/static-blogs.hoy.es\/wp-content\/uploads\/sites\/68\/2013\/04\/gfs_pi_prec_051-768x508.png 768w\" sizes=\"(max-width: 640px) 100vw, 640px\" \/><\/a><\/p>\n<p><span style=\"font-size: medium; color: #000000;\">Y digo<strong> excepto el mi\u00e9rcoles<\/strong>, porque durante este d\u00eda s\u00ed <strong>nos cruzar\u00e1 un frente atl\u00e1ntico que podr\u00e1 traernos lluvias m\u00e1s generalizadas y abundantes<\/strong>. Pero parece que ser\u00e1 ya la \u00faltima semana de tantas precipitaciones, ya que a partir del s\u00e1bado, la situaci\u00f3n tiende a\u00a0estabilizarse, y <strong>ganar\u00e1 terreno el anticicl\u00f3n<\/strong>.<\/span><\/p>\n<p><span style=\"font-size: medium; color: #000000;\">Eso s\u00ed, sufriremos un <strong>descenso de las temperaturas de cara al fin de semana<\/strong>, porque se colar\u00e1 viento del norte y noroeste, acompa\u00f1ado de una masa de aire fr\u00edo, pero en principio ser\u00e1 un <strong>episodio de fr\u00edo muy breve y transitorio<\/strong>. Lo que parece seguro es que, a partir del fin de semana, habr\u00e1 <strong>una importante tregua en cuanto a las precipitaciones<\/strong>.<\/span><\/p>\n<p><span style=\"font-size: medium; color: #000000;\">Y os muestro algunas de las fotos que me han llegado a trav\u00e9s de Twitter y Facebook:<\/span><\/p>\n<p style=\"text-align: center;\"><span style=\"color: #000000;\"><strong>&#8220;@peska007Oficial<\/strong>: Embalse de la Serena (Badajoz) dos compuertas completamente abiertas.&#8221;<\/span><\/p>\n<p style=\"text-align: center;\"><a href=\"https:\/\/blogs.hoy.es\/meteobadajoz\/2013\/04\/01\/ultima-semana-de-lluvias\/attachment\/7\/\" rel=\"attachment wp-att-273\"><img loading=\"lazy\" class=\"aligncenter  wp-image-273\" title=\"@peska007Oficial\" src=\"\/meteobadajoz\/wp-content\/uploads\/sites\/68\" alt=\"\" width=\"610\" height=\"367\" \/><\/a><\/p>\n<p style=\"text-align: center;\">\u00a0&#8220;<span style=\"color: #000000;\"><strong>@peska007Oficial<\/strong>: Compuerta del embalse de la Serena (Badajoz) que se quedaran abiertas 24h.&#8221;<\/span><\/p>\n<p style=\"text-align: center;\"><span style=\"color: #000000;\"><a href=\"https:\/\/blogs.hoy.es\/meteobadajoz\/2013\/04\/01\/ultima-semana-de-lluvias\/h\/\" rel=\"attachment wp-att-274\"><span style=\"color: #000000;\"><img loading=\"lazy\" class=\"aligncenter  wp-image-274\" title=\" @peska007Oficial\" src=\"\/meteobadajoz\/wp-content\/uploads\/sites\/68\" alt=\"\" width=\"613\" height=\"366\" \/><\/span><\/a><\/span><\/p>\n<p style=\"text-align: center;\"><span style=\"color: #000000;\">\u00a0&#8220;<strong>@Coupe95Jose<\/strong>: el embalse del Alqueva, rozando el 100%.&#8221;<\/span><\/p>\n<p style=\"text-align: center;\"><span style=\"color: #000000;\"><a href=\"https:\/\/blogs.hoy.es\/meteobadajoz\/2013\/04\/01\/ultima-semana-de-lluvias\/captura-5\/\" rel=\"attachment wp-att-275\"><span style=\"color: #000000;\"><img loading=\"lazy\" class=\"aligncenter  wp-image-275\" title=\"@Coupe95Jose\" src=\"\/meteobadajoz\/wp-content\/uploads\/sites\/68\/2013\/04\/Captura.png\" alt=\"\" width=\"646\" height=\"484\" srcset=\"https:\/\/static-blogs.hoy.es\/wp-content\/uploads\/sites\/68\/2013\/04\/Captura.png 896w, https:\/\/static-blogs.hoy.es\/wp-content\/uploads\/sites\/68\/2013\/04\/Captura-300x225.png 300w, https:\/\/static-blogs.hoy.es\/wp-content\/uploads\/sites\/68\/2013\/04\/Captura-768x575.png 768w\" sizes=\"(max-width: 646px) 100vw, 646px\" \/><\/span><\/a><\/span><\/p>\n<p style=\"text-align: center;\"><span style=\"color: #000000;\"><strong>&#8220;@JEusebioAlmodov<\/strong>: embalse de Orellana.&#8221;<\/span><\/p>\n<p style=\"text-align: center;\"><span style=\"color: #000000;\"><a href=\"https:\/\/blogs.hoy.es\/meteobadajoz\/2013\/04\/01\/ultima-semana-de-lluvias\/k\/\" rel=\"attachment wp-att-276\"><span style=\"color: #000000;\"><img loading=\"lazy\" class=\"aligncenter  wp-image-276\" title=\"@JEusebioAlmodov\" src=\"\/meteobadajoz\/wp-content\/uploads\/sites\/68\" alt=\"\" width=\"592\" height=\"443\" \/><\/span><\/a><\/span><\/p>\n<p style=\"text-align: center;\"><a href=\"https:\/\/blogs.hoy.es\/meteobadajoz\/2013\/04\/01\/ultima-semana-de-lluvias\/img-20130401-wa0010\/\" rel=\"attachment wp-att-285\"><img loading=\"lazy\" class=\"aligncenter  wp-image-285\" title=\"Juan Eusebio Almod\u00f3var Sanz\" src=\"\/meteobadajoz\/wp-content\/uploads\/sites\/68\/2013\/04\/IMG-20130401-WA0010.jpg\" alt=\"\" width=\"562\" height=\"421\" srcset=\"https:\/\/static-blogs.hoy.es\/wp-content\/uploads\/sites\/68\/2013\/04\/IMG-20130401-WA0010.jpg 800w, https:\/\/static-blogs.hoy.es\/wp-content\/uploads\/sites\/68\/2013\/04\/IMG-20130401-WA0010-300x225.jpg 300w, https:\/\/static-blogs.hoy.es\/wp-content\/uploads\/sites\/68\/2013\/04\/IMG-20130401-WA0010-768x576.jpg 768w\" sizes=\"(max-width: 562px) 100vw, 562px\" \/><\/a><\/p>\n<p style=\"text-align: center;\"><span style=\"color: #000000;\">\u00a0&#8220;<strong>@MeteoOlivenza<\/strong>: Las calles de Olivenza, a reventar!!&#8221;<\/span><\/p>\n<p style=\"text-align: center;\"><span style=\"color: #000000;\"><a href=\"https:\/\/blogs.hoy.es\/meteobadajoz\/2013\/04\/01\/ultima-semana-de-lluvias\/captura-6\/\" rel=\"attachment wp-att-277\"><span style=\"color: #000000;\"><img loading=\"lazy\" class=\"aligncenter  wp-image-277\" title=\" @MeteoOlivenza\" src=\"\/meteobadajoz\/wp-content\/uploads\/sites\/68\/2013\/04\/Captura1.png\" alt=\"\" width=\"647\" height=\"485\" srcset=\"https:\/\/static-blogs.hoy.es\/wp-content\/uploads\/sites\/68\/2013\/04\/Captura1.png 898w, https:\/\/static-blogs.hoy.es\/wp-content\/uploads\/sites\/68\/2013\/04\/Captura1-300x225.png 300w, https:\/\/static-blogs.hoy.es\/wp-content\/uploads\/sites\/68\/2013\/04\/Captura1-768x576.png 768w\" sizes=\"(max-width: 647px) 100vw, 647px\" \/><\/span><\/a><\/span><\/p>\n<p style=\"text-align: center;\"><span style=\"color: #000000;\"><strong>&#8220;\u00c1lvaro Rodr\u00edguez Gonz\u00e1lez<\/strong>: vista de la cascada sobre el puente de Las Casi\u00f1as. Valencia de Alc\u00e1ntara.&#8221;<\/span><\/p>\n<p style=\"text-align: center;\"><span style=\"color: #000000;\"><a href=\"https:\/\/blogs.hoy.es\/meteobadajoz\/2013\/04\/01\/ultima-semana-de-lluvias\/529314_534398159937255_703344018_n\/\" rel=\"attachment wp-att-278\"><span style=\"color: #000000;\"><img loading=\"lazy\" class=\"aligncenter  wp-image-278\" title=\"\u00c1lvaro Rodr\u00edguez Gonz\u00e1lez\" src=\"\/meteobadajoz\/wp-content\/uploads\/sites\/68\/2013\/04\/529314_534398159937255_703344018_n.jpg\" alt=\"\" width=\"598\" height=\"399\" srcset=\"https:\/\/static-blogs.hoy.es\/wp-content\/uploads\/sites\/68\/2013\/04\/529314_534398159937255_703344018_n.jpg 960w, https:\/\/static-blogs.hoy.es\/wp-content\/uploads\/sites\/68\/2013\/04\/529314_534398159937255_703344018_n-300x200.jpg 300w, https:\/\/static-blogs.hoy.es\/wp-content\/uploads\/sites\/68\/2013\/04\/529314_534398159937255_703344018_n-768x512.jpg 768w\" sizes=\"(max-width: 598px) 100vw, 598px\" \/><\/span><\/a><\/span><\/p>\n<p style=\"text-align: center;\"><span style=\"color: #000000;\">\u00a0&#8220;<strong>@lolo15f<\/strong>: La presa de Villar del Rey no para de echar agua.&#8221;<\/span><\/p>\n<p style=\"text-align: center;\"><span style=\"color: #000000;\"><a href=\"https:\/\/blogs.hoy.es\/meteobadajoz\/2013\/04\/01\/ultima-semana-de-lluvias\/captura-7\/\" rel=\"attachment wp-att-279\"><span style=\"color: #000000;\"><img loading=\"lazy\" class=\"aligncenter  wp-image-279\" title=\"@lolo15f\" src=\"\/meteobadajoz\/wp-content\/uploads\/sites\/68\/2013\/04\/Captura2.png\" alt=\"\" width=\"646\" height=\"363\" srcset=\"https:\/\/static-blogs.hoy.es\/wp-content\/uploads\/sites\/68\/2013\/04\/Captura2.png 1020w, https:\/\/static-blogs.hoy.es\/wp-content\/uploads\/sites\/68\/2013\/04\/Captura2-300x168.png 300w, https:\/\/static-blogs.hoy.es\/wp-content\/uploads\/sites\/68\/2013\/04\/Captura2-768x430.png 768w\" sizes=\"(max-width: 646px) 100vw, 646px\" \/><\/span><\/a><\/span><\/p>\n<p style=\"text-align: center;\"><span style=\"color: #000000;\"><strong>&#8220;Juan Antonio Bermejo Ortiz<\/strong>: Helechosa de los Montes&#8230; La Presa de\u00a0C\u00edjara, se puede ver la marca m\u00e1xima y lo cerca que est\u00e1 ya el agua&#8230;&#8221;<\/span><\/p>\n<p style=\"text-align: center;\"><span style=\"color: #000000;\"><a href=\"https:\/\/blogs.hoy.es\/meteobadajoz\/2013\/04\/01\/ultima-semana-de-lluvias\/7696_10200121417337313_275945197_n\/\" rel=\"attachment wp-att-280\"><span style=\"color: #000000;\"><img loading=\"lazy\" class=\"aligncenter  wp-image-280\" title=\"Juan Antonio Bermejo Ortiz\" src=\"\/meteobadajoz\/wp-content\/uploads\/sites\/68\/2013\/04\/7696_10200121417337313_275945197_n.jpg\" alt=\"\" width=\"608\" height=\"455\" srcset=\"https:\/\/static-blogs.hoy.es\/wp-content\/uploads\/sites\/68\/2013\/04\/7696_10200121417337313_275945197_n.jpg 960w, https:\/\/static-blogs.hoy.es\/wp-content\/uploads\/sites\/68\/2013\/04\/7696_10200121417337313_275945197_n-300x225.jpg 300w, https:\/\/static-blogs.hoy.es\/wp-content\/uploads\/sites\/68\/2013\/04\/7696_10200121417337313_275945197_n-768x576.jpg 768w\" sizes=\"(max-width: 608px) 100vw, 608px\" \/><\/span><\/a><\/span><\/p>\n<p style=\"text-align: center;\"><span style=\"color: #000000;\">Hace varios d\u00edas > &#8220;<strong>Nicolas Meg\u00edas Berdonce<\/strong>: empieza a bajar (el nivel de agua del embalse de Alange) con amenaza de lluvia de nuevo, despu\u00e9s de varios d\u00edas soltando agua&#8230;&#8221;<\/span><\/p>\n<p style=\"text-align: center;\"><a href=\"https:\/\/blogs.hoy.es\/meteobadajoz\/2013\/04\/01\/ultima-semana-de-lluvias\/527595_4084538212426_1096356521_n\/\" rel=\"attachment wp-att-281\"><img loading=\"lazy\" class=\"aligncenter  wp-image-281\" title=\"Nicolas Meg\u00edas Berdonce\" src=\"\/meteobadajoz\/wp-content\/uploads\/sites\/68\/2013\/04\/527595_4084538212426_1096356521_n.jpg\" alt=\"\" width=\"553\" height=\"414\" srcset=\"https:\/\/static-blogs.hoy.es\/wp-content\/uploads\/sites\/68\/2013\/04\/527595_4084538212426_1096356521_n.jpg 960w, https:\/\/static-blogs.hoy.es\/wp-content\/uploads\/sites\/68\/2013\/04\/527595_4084538212426_1096356521_n-300x225.jpg 300w, https:\/\/static-blogs.hoy.es\/wp-content\/uploads\/sites\/68\/2013\/04\/527595_4084538212426_1096356521_n-768x576.jpg 768w\" sizes=\"(max-width: 553px) 100vw, 553px\" \/><\/a><\/p>\n<p style=\"text-align: center;\"><span style=\"color: #000000;\">El r\u00edo Guadiana a su paso por Badajoz este lunes.\u00a0Foto realizada por:\u00a0<strong>@MaryFuentesG<\/strong> y <strong>@davidsparedes<\/strong>.<\/span><\/p>\n<p style=\"text-align: center;\"><a href=\"https:\/\/blogs.hoy.es\/meteobadajoz\/2013\/04\/01\/ultima-semana-de-lluvias\/img-20130401-wa0003\/\" rel=\"attachment wp-att-282\"><img loading=\"lazy\" class=\"aligncenter  wp-image-282\" title=\"@MaryFuentesG y @davidsparedes\" src=\"\/meteobadajoz\/wp-content\/uploads\/sites\/68\/2013\/04\/IMG-20130401-WA0003.jpg\" alt=\"\" width=\"571\" height=\"428\" srcset=\"https:\/\/static-blogs.hoy.es\/wp-content\/uploads\/sites\/68\/2013\/04\/IMG-20130401-WA0003.jpg 816w, https:\/\/static-blogs.hoy.es\/wp-content\/uploads\/sites\/68\/2013\/04\/IMG-20130401-WA0003-300x225.jpg 300w, https:\/\/static-blogs.hoy.es\/wp-content\/uploads\/sites\/68\/2013\/04\/IMG-20130401-WA0003-768x576.jpg 768w\" sizes=\"(max-width: 571px) 100vw, 571px\" \/><\/a><\/p>\n<p style=\"text-align: center;\"><span style=\"color: #000000;\"><strong>&#8220;@franjlealh<\/strong>: r\u00edo Guadiana a su paso por Badajoz. El azud est\u00e1 desaparecido.&#8221;<\/span><\/p>\n<p style=\"text-align: center;\"><a href=\"https:\/\/blogs.hoy.es\/meteobadajoz\/2013\/04\/01\/ultima-semana-de-lluvias\/bgxyu2kcqaenl9c\/\" rel=\"attachment wp-att-283\"><img loading=\"lazy\" class=\"aligncenter  wp-image-283\" title=\"@franjlealh\" src=\"\/meteobadajoz\/wp-content\/uploads\/sites\/68\/2013\/04\/BGxyu2kCQAENL9c.png\" alt=\"\" width=\"553\" height=\"415\" srcset=\"https:\/\/static-blogs.hoy.es\/wp-content\/uploads\/sites\/68\/2013\/04\/BGxyu2kCQAENL9c.png 1024w, https:\/\/static-blogs.hoy.es\/wp-content\/uploads\/sites\/68\/2013\/04\/BGxyu2kCQAENL9c-300x225.png 300w, https:\/\/static-blogs.hoy.es\/wp-content\/uploads\/sites\/68\/2013\/04\/BGxyu2kCQAENL9c-768x576.png 768w\" sizes=\"(max-width: 553px) 100vw, 553px\" \/><\/a><\/p>\n<p style=\"text-align: center;\"><strong><span style=\"color: #000000; font-size: medium;\">Hay muchas m\u00e1s fotos que no est\u00e1n mostradas aqu\u00ed, pero quiero agradecer desde aqu\u00ed a tod@s los que han participado, colaborando desde muchas zonas de la regi\u00f3n mandando sus fotos. Las que van llegando v\u00eda Twitter pod\u00e9is verlas en mi perfil de Twitter <a href=\"https:\/\/twitter.com\/MeteoBadajoz\" target=\"_blank\" rel=\"external nofollow\">@MeteoBadajoz<\/a>.<\/span><\/strong><\/p>\n<div class=\"fb-like\" data-href=\"https:\/\/blogs.hoy.es\/meteobadajoz\/2013\/04\/01\/ultima-semana-de-lluvias\/\" data-send=\"false\" data-layout=\"box_count\" data-width=\"450\" data-show-faces=\"false\"><\/div>\n<!-- AddThis Advanced Settings generic via filter on the_content --><!-- AddThis Share Buttons generic via filter on the_content -->","protected":false},"excerpt":{"rendered":"<p>Foto de @ingeoex, desde M\u00e9rida, en la tarde del lunes 1 de abril. Son muchas las fotos que hemos visto estos \u00faltimos d\u00edas del estado de\u00a0los arroyos, r\u00edos y embalses de nuestra regi\u00f3n. Las lluvias de los \u00faltimos\u00a0d\u00edas,\u00a0especialmente las del domingo 31 de marzo, han ayudado a que los embalses\u00a0(ya en un principio bastante llenos) [&hellip;]<!-- AddThis Advanced Settings generic via filter on get_the_excerpt --><!-- AddThis Share Buttons generic via filter on get_the_excerpt --><\/p>\n","protected":false},"author":75,"featured_media":0,"comment_status":"open","ping_status":"closed","sticky":false,"template":"","format":"standard","meta":[],"categories":[5],"tags":[6,9,24,31,36,44,53,58,73,84,91,122,142,143,147,151],"_links":{"self":[{"href":"https:\/\/blogs.hoy.es\/meteobadajoz\/wp-json\/wp\/v2\/posts\/272"}],"collection":[{"href":"https:\/\/blogs.hoy.es\/meteobadajoz\/wp-json\/wp\/v2\/posts"}],"about":[{"href":"https:\/\/blogs.hoy.es\/meteobadajoz\/wp-json\/wp\/v2\/types\/post"}],"author":[{"embeddable":true,"href":"https:\/\/blogs.hoy.es\/meteobadajoz\/wp-json\/wp\/v2\/users\/75"}],"replies":[{"embeddable":true,"href":"https:\/\/blogs.hoy.es\/meteobadajoz\/wp-json\/wp\/v2\/comments?post=272"}],"version-history":[{"count":0,"href":"https:\/\/blogs.hoy.es\/meteobadajoz\/wp-json\/wp\/v2\/posts\/272\/revisions"}],"wp:attachment":[{"href":"https:\/\/blogs.hoy.es\/meteobadajoz\/wp-json\/wp\/v2\/media?parent=272"}],"wp:term":[{"taxonomy":"category","embeddable":true,"href":"https:\/\/blogs.hoy.es\/meteobadajoz\/wp-json\/wp\/v2\/categories?post=272"},{"taxonomy":"post_tag","embeddable":true,"href":"https:\/\/blogs.hoy.es\/meteobadajoz\/wp-json\/wp\/v2\/tags?post=272"}],"curies":[{"name":"wp","href":"https:\/\/api.w.org\/{rel}","templated":true}]}}