{"id":28,"date":"2012-11-21T20:14:00","date_gmt":"2012-11-21T20:14:00","guid":{"rendered":"http:\/\/blogs.hoy.es\/meteobadajoz\/2012\/11\/21\/la-primera-importante-adveccion-fria-de-la-temporada\/"},"modified":"2012-11-21T20:14:00","modified_gmt":"2012-11-21T20:14:00","slug":"la-primera-importante-adveccion-fria-de-la-temporada","status":"publish","type":"post","link":"https:\/\/blogs.hoy.es\/meteobadajoz\/2012\/11\/21\/la-primera-importante-adveccion-fria-de-la-temporada\/","title":{"rendered":"\u00bfLa primera importante advecci\u00f3n fr\u00eda de la temporada?"},"content":{"rendered":"<p><\/p>\n<div style=\"clear: both;text-align: center\"><a href=\"http:\/\/oi50.tinypic.com\/2mng01c.jpg\" rel=\"external nofollow\"><img loading=\"lazy\" border=\"0\" height=\"426\" src=\"\/\/oi50.tinypic.com\/2mng01c.jpg\" width=\"640\" \/><\/a><\/div>\n<div style=\"text-align: center\"><span style=\"font-family: Helvetica Neue, Arial, Helvetica, sans-serif\"><b>Evoluci\u00f3n del campo de temperaturas a 850 hPa (1.500 metros de altura), mostrando el acercamiento de la advecci\u00f3n fr\u00eda.<\/b><\/span><\/div>\n<div style=\"text-align: center\"><span style=\"font-family: Helvetica Neue, Arial, Helvetica, sans-serif\"><b><br \/><\/b><\/span><\/div>\n<p><span style=\"font-family: Helvetica Neue, Arial, Helvetica, sans-serif\">Es muy importante que en los pr\u00f3ximos d\u00edas sigamos cada una de las actualizaciones de los modelos m\u00e1s importantes que existen, el europeo (ECMWF) y el americano (GFS). Ambos llevan varias jornadas (muchas ya) mostr\u00e1ndonos en sus predicciones a medio\/largo plazo, la aproximaci\u00f3n y, posteriormente, la posible llegada de una entrada fr\u00eda desde el norte de Europa que har\u00e1 bajar mucho las temperaturas y la cota de nieve en pr\u00e1cticamente todo el pa\u00eds., con la llegada de lluvias y, como consecuencia, con la llegada de nevadas&#8230; .<\/span><br \/><a name='more'><\/a><br \/> <span style=\"font-family: Helvetica Neue, Arial, Helvetica, sans-serif\">A continuaci\u00f3n os muestro el meteograma para Badajoz, que nos indica la evoluci\u00f3n de muchas variables meteorol\u00f3gicas como la temperatura a diferentes niveles de la Troposfera, la nubosidad, las precipitaciones, \u00edndices convectivos, etc&#8230; pero y he cogido la temperatura a unos 5.500 metros de altura (500 hPa) y la temperatura a 1.500 metros (850 hPa), junto con la evoluci\u00f3n de las cotas de nieve para esta zona.<\/span><\/p>\n<div style=\"clear: both;text-align: center\"><a href=\"http:\/\/2.bp.blogspot.com\/-Cyrg_Dg6DbM\/UK0x-nwDEsI\/AAAAAAAAD-Y\/k6LRx85dUHg\/s1600\/Captura.PNG\" rel=\"external nofollow\"><img loading=\"lazy\" border=\"0\" height=\"292\" src=\"\/\/2.bp.blogspot.com\/-Cyrg_Dg6DbM\/UK0x-nwDEsI\/AAAAAAAAD-Y\/k6LRx85dUHg\/s640\/Captura.PNG\" width=\"640\" \/><\/a><\/div>\n<div style=\"text-align: center\"><span style=\"font-family: Helvetica Neue, Arial, Helvetica, sans-serif\"><b>Meteograma para Badajoz seg\u00fan el modelo GFS.<\/b><\/span><\/div>\n<div style=\"text-align: center\"><span style=\"font-family: Helvetica Neue, Arial, Helvetica, sans-serif\"><b>(C) MeteoPT.com<\/b><\/span><\/div>\n<div style=\"text-align: center\"><span style=\"font-family: Helvetica Neue, Arial, Helvetica, sans-serif\"><br \/><\/span><\/div>\n<p><span style=\"font-family: Helvetica Neue, Arial, Helvetica, sans-serif\">Pues bien, como os he indicado en el propio meteograma, a partir de la jornada del martes 27 de noviembre, las temperaturas sufrir\u00e1n (a d\u00eda de hoy, y si la cosa no cambia) un importante descenso, tanto m\u00e1ximas como m\u00ednimas, que nos llevar\u00e1 a valores de apenas 10-12\u00baC de m\u00e1xima y por debajo de los 3-4\u00baC en las m\u00ednimas. Mirad tambi\u00e9n la cota de nieve como se desploma! (l\u00ednea rosa) con cotas de 800-1.000 metros durante esa semana, eso s\u00ed, con pocas precipitaciones.<\/span><br \/><span style=\"font-family: Helvetica Neue, Arial, Helvetica, sans-serif\"><br \/><\/span><span style=\"font-family: Helvetica Neue, Arial, Helvetica, sans-serif\">Menudas anomal\u00edas positivas en el \u00c1rtico a medio plazo!!\u00a0Y si miramos los mapas de geopotencial e isobaras vemos un cintur\u00f3n de tres anticiclones que conectan el Atl\u00e1ntico Norte con el Pac\u00edfico<\/span><span style=\"font-family: 'Helvetica Neue', Arial, Helvetica, sans-serif\">!! Bloqueo de libro! :O<\/span><\/p>\n<div style=\"clear: both;text-align: center\"><a href=\"http:\/\/4.bp.blogspot.com\/-X2rqeakVYvw\/UK00098uK6I\/AAAAAAAAD-w\/NAQOPEwo5tQ\/s1600\/anigif.gif\" rel=\"external nofollow\"><img loading=\"lazy\" border=\"0\" height=\"640\" src=\"\/\/4.bp.blogspot.com\/-X2rqeakVYvw\/UK00098uK6I\/AAAAAAAAD-w\/NAQOPEwo5tQ\/s640\/anigif.gif\" width=\"640\" \/><\/a><\/div>\n<div style=\"text-align: center\"><span style=\"font-family: Helvetica Neue, Arial, Helvetica, sans-serif\"><b>Comparaci\u00f3n del mapa de anomal\u00edas a 500 hPa en el hemisferio norte y el mapa de geopotencial e isobaras a 150 h.<\/b><\/span><\/div>\n<div style=\"text-align: center\"><span style=\"font-family: Helvetica Neue, Arial, Helvetica, sans-serif\"><br \/><\/span><\/div>\n<p><span style=\"font-family: Helvetica Neue, Arial, Helvetica, sans-serif\">En definitiva, que se nos acerca una posible advecci\u00f3n fr\u00eda que nos traer\u00e1 una ca\u00edda espectacular de las temperaturas, pero hay que ser realistas, quedan muchos d\u00edas y como ya sabemos estas cosas cambian, pero a\u00fan y as\u00ed tendremos que estar pendientes.<\/span><br \/><span style=\"font-family: Helvetica Neue, Arial, Helvetica, sans-serif\"><br \/><\/span><span style=\"font-family: Helvetica Neue, Arial, Helvetica, sans-serif\">Un saludo! ;-)<\/span><\/p>\n<!-- AddThis Advanced Settings generic via filter on the_content --><!-- AddThis Share Buttons generic via filter on the_content -->","protected":false},"excerpt":{"rendered":"<p>Evoluci\u00f3n del campo de temperaturas a 850 hPa (1.500 metros de altura), mostrando el acercamiento de la advecci\u00f3n fr\u00eda. Es muy importante que en los pr\u00f3ximos d\u00edas sigamos cada una de las actualizaciones de los modelos m\u00e1s importantes que existen, el europeo (ECMWF) y el americano (GFS). Ambos llevan varias jornadas (muchas ya) mostr\u00e1ndonos en [&hellip;]<!-- AddThis Advanced Settings generic via filter on get_the_excerpt --><!-- AddThis Share Buttons generic via filter on get_the_excerpt --><\/p>\n","protected":false},"author":3,"featured_media":0,"comment_status":"open","ping_status":"closed","sticky":false,"template":"","format":"standard","meta":[],"categories":[3],"tags":[],"_links":{"self":[{"href":"https:\/\/blogs.hoy.es\/meteobadajoz\/wp-json\/wp\/v2\/posts\/28"}],"collection":[{"href":"https:\/\/blogs.hoy.es\/meteobadajoz\/wp-json\/wp\/v2\/posts"}],"about":[{"href":"https:\/\/blogs.hoy.es\/meteobadajoz\/wp-json\/wp\/v2\/types\/post"}],"author":[{"embeddable":true,"href":"https:\/\/blogs.hoy.es\/meteobadajoz\/wp-json\/wp\/v2\/users\/3"}],"replies":[{"embeddable":true,"href":"https:\/\/blogs.hoy.es\/meteobadajoz\/wp-json\/wp\/v2\/comments?post=28"}],"version-history":[{"count":0,"href":"https:\/\/blogs.hoy.es\/meteobadajoz\/wp-json\/wp\/v2\/posts\/28\/revisions"}],"wp:attachment":[{"href":"https:\/\/blogs.hoy.es\/meteobadajoz\/wp-json\/wp\/v2\/media?parent=28"}],"wp:term":[{"taxonomy":"category","embeddable":true,"href":"https:\/\/blogs.hoy.es\/meteobadajoz\/wp-json\/wp\/v2\/categories?post=28"},{"taxonomy":"post_tag","embeddable":true,"href":"https:\/\/blogs.hoy.es\/meteobadajoz\/wp-json\/wp\/v2\/tags?post=28"}],"curies":[{"name":"wp","href":"https:\/\/api.w.org\/{rel}","templated":true}]}}