{"id":29,"date":"2012-11-16T19:29:00","date_gmt":"2012-11-16T19:29:00","guid":{"rendered":"http:\/\/blogs.hoy.es\/meteobadajoz\/2012\/11\/16\/tarde-de-tormentas-y-tornados-en-portugal\/"},"modified":"2012-11-16T19:29:00","modified_gmt":"2012-11-16T19:29:00","slug":"tarde-de-tormentas-y-tornados-en-portugal","status":"publish","type":"post","link":"https:\/\/blogs.hoy.es\/meteobadajoz\/2012\/11\/16\/tarde-de-tormentas-y-tornados-en-portugal\/","title":{"rendered":"Tarde de tormentas y tornados en Portugal&#8230;"},"content":{"rendered":"<p><\/p>\n<div style=\"clear: both;text-align: center\"><a href=\"http:\/\/2.bp.blogspot.com\/-nB1BszUzs9g\/UKaEOs3vLMI\/AAAAAAAAD8g\/jZEmvakQW5s\/s1600\/HRV.png\" rel=\"external nofollow\"><img loading=\"lazy\" border=\"0\" height=\"360\" src=\"\/\/2.bp.blogspot.com\/-nB1BszUzs9g\/UKaEOs3vLMI\/AAAAAAAAD8g\/jZEmvakQW5s\/s640\/HRV.png\" width=\"640\" \/><\/a><\/div>\n<p><span style=\"font-family: Helvetica Neue, Arial, Helvetica, sans-serif\">La tarde de hoy ha sido potencialmente inestable en algunas zonas del suroeste de la pen\u00ednsula, con la formaci\u00f3n de fuertes tormentas asociadas al frente, e incluso (<a href=\"http:\/\/www.cazatormentas.net\/index.php\/noticias-de-meteorologia-mainmenu-2\/72-tiempo-severo-en-el-mundo\/3024-tornado-o-tornados-hoy-en-el-algarve-portugal.html\" target=\"_blank\" rel=\"external nofollow\"><b><span style=\"color: red\">como ya hemos visto<\/span><\/b><\/a>) con la formaci\u00f3n de algunos tornados&#8230; todo esto de la mano de esa preciosa borrasca que se sit\u00faa a estas horas al oeste de la pen\u00ednsula, frente a las costas de Portugal, enviando toda esa cadena de chubascos tormentosos que entran por el suroeste de Portugal y que apenas llegan vivas al interior.<\/span><br \/><a name='more'><\/a><\/p>\n<div style=\"clear: both;text-align: center\"><a href=\"http:\/\/3.bp.blogspot.com\/-7eAm--sNigg\/UKaKFnHxJHI\/AAAAAAAAD9c\/27eXbHU-yGM\/s1600\/Sat24.gif\" rel=\"external nofollow\"><img loading=\"lazy\" border=\"0\" height=\"480\" src=\"\/\/3.bp.blogspot.com\/-7eAm--sNigg\/UKaKFnHxJHI\/AAAAAAAAD9c\/27eXbHU-yGM\/s640\/Sat24.gif\" width=\"640\" \/><\/a><\/div>\n<p><span style=\"font-family: Helvetica Neue, Arial, Helvetica, sans-serif\">En las pr\u00f3ximas horas estas lluvias parece que ya s\u00ed acabar\u00e1n extendi\u00e9ndose por el resto del oeste y sur peninsular, sobre todo a partir de ma\u00f1ana por la ma\u00f1ana.\u00a0As\u00ed se prev\u00e9 que pasar\u00e1 la borrasca atl\u00e1ntica por la pen\u00ednsula en las pr\u00f3ximas horas:<\/span><br \/><span style=\"font-family: Helvetica Neue, Arial, Helvetica, sans-serif\"><br \/><\/span><\/p>\n<div style=\"text-align: center\"><span style=\"font-family: Helvetica Neue, Arial, Helvetica, sans-serif\">(Recomiendo ver el v\u00eddeo en la m\u00e1xima calidad)<\/span><\/div>\n<div style=\"clear: both;text-align: center\"><\/div>\n<p><span style=\"font-family: Helvetica Neue, Arial, Helvetica, sans-serif\">En la parte superior del art\u00edculo os dejo la mejor imagen de sat\u00e9lite de hoy y el momento de m\u00e1s cantidades de lluvias recogidas en Portugal, que ha sido donde m\u00e1s ha llovido. \u00a1\u00a1Como disfruto de estas im\u00e1genes!!<\/span><\/p>\n<!-- AddThis Advanced Settings generic via filter on the_content --><!-- AddThis Share Buttons generic via filter on the_content -->","protected":false},"excerpt":{"rendered":"<p>La tarde de hoy ha sido potencialmente inestable en algunas zonas del suroeste de la pen\u00ednsula, con la formaci\u00f3n de fuertes tormentas asociadas al frente, e incluso (como ya hemos visto) con la formaci\u00f3n de algunos tornados&#8230; todo esto de la mano de esa preciosa borrasca que se sit\u00faa a estas horas al oeste de [&hellip;]<!-- AddThis Advanced Settings generic via filter on get_the_excerpt --><!-- AddThis Share Buttons generic via filter on get_the_excerpt --><\/p>\n","protected":false},"author":3,"featured_media":0,"comment_status":"open","ping_status":"closed","sticky":false,"template":"","format":"standard","meta":[],"categories":[3],"tags":[],"_links":{"self":[{"href":"https:\/\/blogs.hoy.es\/meteobadajoz\/wp-json\/wp\/v2\/posts\/29"}],"collection":[{"href":"https:\/\/blogs.hoy.es\/meteobadajoz\/wp-json\/wp\/v2\/posts"}],"about":[{"href":"https:\/\/blogs.hoy.es\/meteobadajoz\/wp-json\/wp\/v2\/types\/post"}],"author":[{"embeddable":true,"href":"https:\/\/blogs.hoy.es\/meteobadajoz\/wp-json\/wp\/v2\/users\/3"}],"replies":[{"embeddable":true,"href":"https:\/\/blogs.hoy.es\/meteobadajoz\/wp-json\/wp\/v2\/comments?post=29"}],"version-history":[{"count":0,"href":"https:\/\/blogs.hoy.es\/meteobadajoz\/wp-json\/wp\/v2\/posts\/29\/revisions"}],"wp:attachment":[{"href":"https:\/\/blogs.hoy.es\/meteobadajoz\/wp-json\/wp\/v2\/media?parent=29"}],"wp:term":[{"taxonomy":"category","embeddable":true,"href":"https:\/\/blogs.hoy.es\/meteobadajoz\/wp-json\/wp\/v2\/categories?post=29"},{"taxonomy":"post_tag","embeddable":true,"href":"https:\/\/blogs.hoy.es\/meteobadajoz\/wp-json\/wp\/v2\/tags?post=29"}],"curies":[{"name":"wp","href":"https:\/\/api.w.org\/{rel}","templated":true}]}}