{"id":30,"date":"2012-11-13T22:33:00","date_gmt":"2012-11-13T22:33:00","guid":{"rendered":"http:\/\/blogs.hoy.es\/meteobadajoz\/2012\/11\/13\/la-banquisa-artica-desde-las-imagenes-infrarrojas-de-los-satelites\/"},"modified":"2012-11-13T22:33:00","modified_gmt":"2012-11-13T22:33:00","slug":"la-banquisa-artica-desde-las-imagenes-infrarrojas-de-los-satelites","status":"publish","type":"post","link":"https:\/\/blogs.hoy.es\/meteobadajoz\/2012\/11\/13\/la-banquisa-artica-desde-las-imagenes-infrarrojas-de-los-satelites\/","title":{"rendered":"La Banquisa \u00c1rtica desde las im\u00e1genes infrarrojas de los sat\u00e9lites."},"content":{"rendered":"<p><\/p>\n<div style=\"clear: both;text-align: center\"><\/div>\n<div style=\"clear: both;text-align: center\"><a href=\"http:\/\/2.bp.blogspot.com\/-RhyX5Rlbxe4\/UKKmlewXUPI\/AAAAAAAAD4k\/gopHXfzRNcg\/s1600\/uk13-1236-h-grn-n.png\" rel=\"external nofollow\"><img loading=\"lazy\" border=\"0\" height=\"556\" src=\"\/\/2.bp.blogspot.com\/-RhyX5Rlbxe4\/UKKmlewXUPI\/AAAAAAAAD4k\/gopHXfzRNcg\/s640\/uk13-1236-h-grn-n.png\" width=\"640\" \/><\/a><\/div>\n<div style=\"text-align: center\"><span style=\"font-family: Helvetica Neue, Arial, Helvetica, sans-serif\"><b>Imagen infrarroja del sat\u00e9lite NOAA-19 en la jornada del martes 13 de noviembre de 2012.<\/b><\/span><\/div>\n<div style=\"text-align: center\"><span style=\"font-family: Helvetica Neue, Arial, Helvetica, sans-serif\"><b><br \/><\/b><\/span><\/div>\n<p><span style=\"font-family: Helvetica Neue, Arial, Helvetica, sans-serif\">Habitualmente, a trav\u00e9s de las im\u00e1genes de sat\u00e9lite (visible, infrarrojo y vapor de agua) observamos desde nubosidades de cualquier tipo, hasta elementos tan llamativos como los incendios, la nieve, las inundaciones, el plancton, etc&#8230; pero hoy nos vamos a fijar en otro fen\u00f3meno que tambi\u00e9n ocurre en los mares y que salta a la vista en el espectro de\u00a0infrarrojo (IR)\u00a0de casi cualquier imagen de un sat\u00e9lite meteorol\u00f3gico, <b>el hielo<\/b>.<\/span><br \/><a name='more'><\/a><br \/><span style=\"font-family: 'Helvetica Neue', Arial, Helvetica, sans-serif\">Nos tenemos que &#8220;desplazar&#8221; hasta el Atl\u00e1ntico Norte, m\u00e1s all\u00e1 del Circulo Polar \u00c1rtico, hacia el Polo Norte, donde observamos <\/span><b>la Banquisa \u00c1rtica<\/b><span style=\"font-family: 'Helvetica Neue', Arial, Helvetica, sans-serif\">. Si cogemos una imagen infrarroja de esa zona, en una jornada de cielo despejado, observaremos tonos grises y blanquecinos, con una serie de grietas dispuestas de forma ca\u00f3tica y con tonos oscuros. Ha sido el caso de hoy, cuando el sat\u00e9lite\u00a0<\/span><span style=\"font-family: 'Helvetica Neue', Arial, Helvetica, sans-serif\">NOAA-<\/span><span style=\"font-family: 'Helvetica Neue', Arial, Helvetica, sans-serif\">19 pasaba (como cada d\u00eda) por el Polo Norte y fotografiaba la imagen que encabeza este art\u00edculo. En ella comprobamos\u00a0<\/span><span style=\"font-family: 'Helvetica Neue', Arial, Helvetica, sans-serif\">precisamente<\/span><span style=\"font-family: 'Helvetica Neue', Arial, Helvetica, sans-serif\">\u00a0lo que se comenta anteriormente. Todo eso que veis es hielo, es decir, la superficie de la Banquisa \u00c1rtica.<\/span><br \/><span style=\"font-family: 'Helvetica Neue', Arial, Helvetica, sans-serif;text-align: center\"><br \/><\/span><span style=\"font-family: 'Helvetica Neue', Arial, Helvetica, sans-serif;text-align: center\">A continuaci\u00f3n cogemos una imagen proporcionada por el sat\u00e9lite citado anteriormente, el NOAA-19, en este caso cogemos la imagen termal. Si nos fijamos\u00a0<\/span><span style=\"font-family: 'Helvetica Neue', Arial, Helvetica, sans-serif;text-align: center\">atentamente<\/span><span style=\"font-family: 'Helvetica Neue', Arial, Helvetica, sans-serif;text-align: center\">\u00a0en la zona se\u00f1alada bajo un c\u00edrculo rojo, vemos mejor esos inmensos islotes de hielo (desde el punto de vista t\u00e9rmico) que se van moviendo constantemente por el Oc\u00e9ano Glacial \u00c1rtico, empujadas por las corrientes oce\u00e1nicas de la zona. Cabe destacar que mediante estas t\u00e9cnicas (como la imagen termal) se hace mucho m\u00e1s\u00a0<\/span><span style=\"font-family: 'Helvetica Neue', Arial, Helvetica, sans-serif;text-align: center\">f\u00e1cil<\/span><span style=\"font-family: 'Helvetica Neue', Arial, Helvetica, sans-serif;text-align: center\">\u00a0detectar aquellas zonas extremadamente fr\u00edas como es el caso del interior de Groenlandia que, como se observa en la siguiente imagen y en la correspondiente escala de colores, las temperaturas son inferiores a los <\/span><b>\u00a1<span style=\"color: magenta\">-50\u00baC<\/span>!<\/b><span style=\"font-family: 'Helvetica Neue', Arial, Helvetica, sans-serif;text-align: center\">. En el caso de las masas de hielo tambi\u00e9n nos sirve de gran utilidad esta imagen.<\/span><\/p>\n<div style=\"clear: both;text-align: center\"><\/div>\n<div style=\"clear: both;text-align: center\"><a href=\"http:\/\/1.bp.blogspot.com\/-exk1g2zcYCQ\/UKKw6zjwO0I\/AAAAAAAAD6o\/3sLnblRWzVg\/s1600\/uk13-1236-i-apt.png\" rel=\"external nofollow\"><img loading=\"lazy\" border=\"0\" height=\"556\" src=\"\/\/1.bp.blogspot.com\/-exk1g2zcYCQ\/UKKw6zjwO0I\/AAAAAAAAD6o\/3sLnblRWzVg\/s640\/uk13-1236-i-apt.png\" width=\"640\" \/><\/a><\/div>\n<div style=\"text-align: center\"><span style=\"font-family: Helvetica Neue, Arial, Helvetica, sans-serif\"><b>Imagen termal del sat\u00e9lite NOAA-19 el martes 13 de noviembre de 2012.<\/b><\/span><\/div>\n<p><span style=\"font-family: 'Helvetica Neue', Arial, Helvetica, sans-serif\">En la siguiente imagen<\/span><span style=\"font-family: 'Helvetica Neue', Arial, Helvetica, sans-serif\">, en modo infrarroja y elaborada a partir de la imagen visible (VIS)-RGB, se muestra la zona cercana al Polo Norte donde se puede apreciar<\/span><span style=\"font-family: 'Helvetica Neue', Arial, Helvetica, sans-serif\">\u00a0todo ese manto de hielo\u00a0<\/span><span style=\"font-family: 'Helvetica Neue', Arial, Helvetica, sans-serif\">fragmentado<\/span><span style=\"font-family: 'Helvetica Neue', Arial, Helvetica, sans-serif\">\u00a0que se extiende por encima del Circulo Polar \u00c1rtico, y que corresponde a la superficie de la Banquisa \u00c1rtica.<\/span><\/p>\n<div style=\"clear: both;text-align: center\"><a href=\"http:\/\/4.bp.blogspot.com\/-4Ar_adV4JGI\/UKKryk7bCDI\/AAAAAAAAD5k\/2PTyTTGxbhc\/s1600\/metop02_20121113_1713_31496_satproj_00000_01079_avhrr.ch_37_11_12.png\" rel=\"external nofollow\"><img loading=\"lazy\" border=\"0\" height=\"374\" src=\"\/\/4.bp.blogspot.com\/-4Ar_adV4JGI\/UKKryk7bCDI\/AAAAAAAAD5k\/2PTyTTGxbhc\/s640\/metop02_20121113_1713_31496_satproj_00000_01079_avhrr.ch_37_11_12.png\" width=\"640\" \/><\/a><\/div>\n<div style=\"text-align: center\"><span style=\"font-family: Helvetica Neue, Arial, Helvetica, sans-serif\"><b>Imagen en alta resoluci\u00f3n del sat\u00e9lite Metop-A (en modo IR-RGB) el jueves 13 de noviembre de 2012 a las 17:13 UTC.<\/b><\/span><\/div>\n<div style=\"text-align: center\"><span style=\"font-family: Helvetica Neue, Arial, Helvetica, sans-serif\"><b><br \/><\/b><\/span><\/div>\n<p><span style=\"font-family: Helvetica Neue, Arial, Helvetica, sans-serif\">Ya que hablamos del hielo del \u00c1rtico, vamos ver r\u00e1pidamente c\u00f3mo se encentra la Banquisa \u00c1rtica y hagamos una comparaci\u00f3n del \u00faltimo mes hasta la actualidad, (desde el 10 de octubre, hasta el 10 de noviembre de 2012).<\/span><\/p>\n<div style=\"clear: both;text-align: center\"><a href=\"http:\/\/1.bp.blogspot.com\/-tQNEfGPrFVk\/UKK_TD844tI\/AAAAAAAAD7k\/GFxSTPdf0x4\/s1600\/Comparative.PNG\" rel=\"external nofollow\"><img loading=\"lazy\" border=\"0\" height=\"442\" src=\"\/\/1.bp.blogspot.com\/-tQNEfGPrFVk\/UKK_TD844tI\/AAAAAAAAD7k\/GFxSTPdf0x4\/s640\/Comparative.PNG\" width=\"640\" \/><\/a><\/div>\n<p><span style=\"font-family: Helvetica Neue, Arial, Helvetica, sans-serif\">Por \u00faltimo os dejo un v\u00eddeo que resume la evoluci\u00f3n de la superficie de la Banquisa\u00a0desde el 1 Octubre, hasta el 12 Noviembre de 2012. (Recomiendo verlo en HD).<\/span><br \/><span style=\"font-family: Helvetica Neue, Arial, Helvetica, sans-serif\"><br \/><\/span><\/p>\n<div style=\"clear: both;text-align: center\"><\/div>\n<p><span style=\"font-family: Helvetica Neue, Arial, Helvetica, sans-serif\">Resulta muy curioso poder observar toda esta &#8220;manta&#8221; de hielo a trav\u00e9s de los sat\u00e9lites, que en esta \u00e9poca del a\u00f1o se encuentra en plena regeneraci\u00f3n tras marcar m\u00ednimos hist\u00f3ricos durante el pasado verano.\u00a0<\/span><span style=\"font-family: 'Helvetica Neue', Arial, Helvetica, sans-serif\">Una vez m\u00e1s las im\u00e1genes de sat\u00e9lite nos ayudan a observar fen\u00f3menos o elementos que resultan imposibles de ver por uno mismo. <b>Curioso \u00bfno? :))<\/b><\/span><\/p>\n<!-- AddThis Advanced Settings generic via filter on the_content --><!-- AddThis Share Buttons generic via filter on the_content -->","protected":false},"excerpt":{"rendered":"<p>Imagen infrarroja del sat\u00e9lite NOAA-19 en la jornada del martes 13 de noviembre de 2012. Habitualmente, a trav\u00e9s de las im\u00e1genes de sat\u00e9lite (visible, infrarrojo y vapor de agua) observamos desde nubosidades de cualquier tipo, hasta elementos tan llamativos como los incendios, la nieve, las inundaciones, el plancton, etc&#8230; pero hoy nos vamos a fijar [&hellip;]<!-- AddThis Advanced Settings generic via filter on get_the_excerpt --><!-- AddThis Share Buttons generic via filter on get_the_excerpt --><\/p>\n","protected":false},"author":3,"featured_media":0,"comment_status":"open","ping_status":"closed","sticky":false,"template":"","format":"standard","meta":[],"categories":[3],"tags":[],"_links":{"self":[{"href":"https:\/\/blogs.hoy.es\/meteobadajoz\/wp-json\/wp\/v2\/posts\/30"}],"collection":[{"href":"https:\/\/blogs.hoy.es\/meteobadajoz\/wp-json\/wp\/v2\/posts"}],"about":[{"href":"https:\/\/blogs.hoy.es\/meteobadajoz\/wp-json\/wp\/v2\/types\/post"}],"author":[{"embeddable":true,"href":"https:\/\/blogs.hoy.es\/meteobadajoz\/wp-json\/wp\/v2\/users\/3"}],"replies":[{"embeddable":true,"href":"https:\/\/blogs.hoy.es\/meteobadajoz\/wp-json\/wp\/v2\/comments?post=30"}],"version-history":[{"count":0,"href":"https:\/\/blogs.hoy.es\/meteobadajoz\/wp-json\/wp\/v2\/posts\/30\/revisions"}],"wp:attachment":[{"href":"https:\/\/blogs.hoy.es\/meteobadajoz\/wp-json\/wp\/v2\/media?parent=30"}],"wp:term":[{"taxonomy":"category","embeddable":true,"href":"https:\/\/blogs.hoy.es\/meteobadajoz\/wp-json\/wp\/v2\/categories?post=30"},{"taxonomy":"post_tag","embeddable":true,"href":"https:\/\/blogs.hoy.es\/meteobadajoz\/wp-json\/wp\/v2\/tags?post=30"}],"curies":[{"name":"wp","href":"https:\/\/api.w.org\/{rel}","templated":true}]}}