{"id":302,"date":"2013-04-05T19:41:53","date_gmt":"2013-04-05T18:41:53","guid":{"rendered":"http:\/\/blogs.hoy.es\/meteobadajoz\/?p=302"},"modified":"2013-04-05T19:41:53","modified_gmt":"2013-04-05T18:41:53","slug":"llega-el-buen-tiempo-pero-con-algo-de-frio","status":"publish","type":"post","link":"https:\/\/blogs.hoy.es\/meteobadajoz\/2013\/04\/05\/llega-el-buen-tiempo-pero-con-algo-de-frio\/","title":{"rendered":"Llega el buen tiempo, pero con fr\u00edo."},"content":{"rendered":"<p><!-- AddThis Button BEGIN --><\/p>\n<div class=\"addthis_toolbox addthis_default_style addthis_32x32_style\">\n<p><a class=\"addthis_button_preferred_1\"><\/a><\/p>\n<p><a class=\"addthis_button_preferred_2\"><\/a><\/p>\n<p><a class=\"addthis_button_preferred_3\"><\/a><\/p>\n<p><a class=\"addthis_button_preferred_4\"><\/a><\/p>\n<p><a class=\"addthis_button_compact\"><\/a><\/p>\n<p><a class=\"addthis_counter addthis_bubble_style\"><\/a><\/p>\n<\/div>\n<p><script type=\"text\/javascript\" src=\"\/\/s7.addthis.com\/js\/250\/addthis_widget.js#pubid=xa-4eb94f1130209787\"><\/script><\/p>\n<p><!-- AddThis Button END --><\/p>\n<div class=\"mceTemp mceIEcenter\" style=\"text-align: center;\">\n<dl id=\"attachment_303\" class=\"wp-caption aligncenter\" style=\"width: 669px;\">\n<dt class=\"wp-caption-dt\"><a href=\"https:\/\/blogs.hoy.es\/meteobadajoz\/2013\/04\/05\/llega-el-buen-tiempo-pero-con-algo-de-frio\/bitmap-2\/\" rel=\"attachment wp-att-303\"><img loading=\"lazy\" class=\" wp-image-303  \" title=\"An\u00e1lisis de isobaras + masas de aire, previsto para el S\u00e1bado 6 de abril de 2013, a las 12h.\" src=\"\/meteobadajoz\/wp-content\/uploads\/sites\/68\/2013\/04\/bitmap.png\" alt=\"An\u00e1lisis de isobaras + masas de aire, previsto para el S\u00e1bado 6 de abril de 2013, a las 12h.\" width=\"659\" height=\"475\" srcset=\"https:\/\/static-blogs.hoy.es\/wp-content\/uploads\/sites\/68\/2013\/04\/bitmap.png 732w, https:\/\/static-blogs.hoy.es\/wp-content\/uploads\/sites\/68\/2013\/04\/bitmap-300x216.png 300w\" sizes=\"(max-width: 659px) 100vw, 659px\" \/><\/a><\/dt>\n<\/dl>\n<\/div>\n<p><span style=\"font-size: medium; color: #000000;\">Comenzamos un fin de semana marcado por la estabilidad, y por un\u00a0descenso generalizado de las temperaturas en pr\u00e1cticamente toda la\u00a0regi\u00f3n. Ya en la jornada del viernes hemos notado un claro cambio de\u00a0tiempo, sobre todo a partir de la tarde, con la apertura de bastantes\u00a0claros en el cielo extreme\u00f1o.<\/span><\/p>\n<p><span style=\"font-size: medium; color: #000000;\">La masa de aire fr\u00edo que esper\u00e1bamos para comienzos del fin de semana\u00a0ya ha\u00a0empezado\u00a0a entrar este viernes. Lo ha hecho desde el norte de la\u00a0Pen\u00ednsula, por donde ya han bajado notablemente las temperaturas y se\u00a0han registrado algunas nevadas.<!--more--><\/span><\/p>\n<p><span style=\"font-size: medium; color: #000000;\">En Extremadura, la entrada de todo ese aire de fr\u00edo desde el norte, ha\u00a0limpiado el cielo de casi toda la regi\u00f3n, reduciendo la nubosidad a\u00a0tan s\u00f3lo unos intervalos nubosos, aunque a\u00fan con algunos chubascos por las sierras del este de Extremadura.<\/span><\/p>\n<p><a href=\"https:\/\/blogs.hoy.es\/meteobadajoz\/2013\/04\/05\/llega-el-buen-tiempo-pero-con-algo-de-frio\/minimas\/\" rel=\"attachment wp-att-306\"><img loading=\"lazy\" class=\"aligncenter size-full wp-image-306\" title=\"Temperaturas m\u00ednimas previstas para la noche del viernes-s\u00e1bado en Extremadura.\" src=\"\/meteobadajoz\/wp-content\/uploads\/sites\/68\/2013\/04\/Minimas.png\" alt=\"\" width=\"615\" height=\"452\" srcset=\"https:\/\/static-blogs.hoy.es\/wp-content\/uploads\/sites\/68\/2013\/04\/Minimas.png 615w, https:\/\/static-blogs.hoy.es\/wp-content\/uploads\/sites\/68\/2013\/04\/Minimas-300x220.png 300w\" sizes=\"(max-width: 615px) 100vw, 615px\" \/><\/a><\/p>\n<p>&nbsp;<\/p>\n<p><span style=\"font-size: medium; color: #000000;\">La noche del viernes al s\u00e1bado se presenta fr\u00eda, m\u00ednimas bajo cero en\u00a0las sierras del extremo norte de la regi\u00f3n, mientras que en el resto\u00a0rondar\u00e1n los <span style=\"color: #0000ff;\"><strong>3-5\u00b0C<\/strong><\/span>. Las m\u00e1ximas bajar\u00e1n algo menos que las m\u00ednimas,\u00a0valores m\u00e1ximos de unos <span style=\"color: #ff0000;\"><strong>14-15\u00b0C<\/strong><\/span>, en el mejor de los casos.<\/span><\/p>\n<p><span style=\"font-size: medium; color: #000000;\">Tanto el s\u00e1bado, como el domingo, jornadas de cielos poco nubosos, con algunos intervalos nubosos poco destacables, y ya sin precipitaciones. El domingo por la tarde s\u00ed notaremos un aumento de la nubosidad desde el noroeste, por el acercamiento de un nuevo frente para el domingo-lunes. Al final de la jornada del domingo no se\u00a0descarta\u00a0la presencia de alg\u00fan chubasco d\u00e9bil en las sierras del noroeste de la provincia de C\u00e1ceres, pero poco m\u00e1s. Este frente ser\u00e1 mucho menos destacable que los que nos han cruzado en jornadas anteriores.<\/span><\/p>\n<p><span style=\"font-size: medium; color: #000000;\">Pero esta peque\u00f1a irrupci\u00f3n de aire fr\u00edo durar\u00e1 s\u00f3lo este fin de\u00a0semana (el s\u00e1bado, sobre todo), ya que a partir del domingo y lunes, las temperaturas tienden\u00a0a subir. Tanto es as\u00ed que, si se cumplen los pron\u00f3sticos, para\u00a0mediados de la pr\u00f3xima semana ya podr\u00edamos tener valores m\u00e1ximos de\u00a0unos <span style=\"color: #ff0000;\"><strong>19-20\u00b0C<\/strong><\/span>. Y (un poco m\u00e1s lejos), para finales de la pr\u00f3xima\u00a0semana, las m\u00e1ximas podr\u00edan ser de unos <span style=\"color: #ff0000;\"><strong>22-24\u00b0C<\/strong><\/span>, valores m\u00e1s propios\u00a0de la primavera.<\/span><\/p>\n<p><span style=\"font-size: medium; color: #000000;\">Aunque para \u00e9sto todav\u00eda quedan bastantes d\u00edas y no es recomendable\u00a0fiarse de predicciones a m\u00e1s de 3-4 d\u00edas en esta \u00e9poca del a\u00f1o.\u00a0Estamos en un momento del a\u00f1o en el que empieza a haber una especie de\u00a0&#8220;lucha&#8221; entre masas de aire de diferentes temperaturas; la fr\u00eda que\u00a0poco a poco se reduce a latitudes m\u00e1s altas, y la c\u00e1lida que ya viene\u00a0empujando desde el sur.<\/span><\/p>\n<p><span style=\"font-size: medium; color: #000000;\">L\u00f3gicamente acabar\u00e1 ganando la c\u00e1lida porque ya va tocando, pero en la\u00a0primavera solemos encontrar una sucesi\u00f3n de entradas fr\u00edas d\u00e9biles y,<\/span><span style=\"color: #000000;\">\u00a0<\/span><span style=\"font-size: medium; color: #000000;\">poco despu\u00e9s, irrupciones c\u00e1lidas desde el sur. Entre cada irrupci\u00f3n,\u00a0pueden sucederse algunos episodios de chubascos y tormentas, fruto de<\/span><span style=\"color: #000000;\">\u00a0<\/span><span style=\"font-size: medium; color: #000000;\">la misma diferencia de temperaturas (sobre todo de cara al mes de\u00a0mayo). Al final, ir\u00e1n ganando m\u00e1s importancia las entradas de aire\u00a0c\u00e1lido desde el sur.<\/span><\/p>\n<p><span style=\"font-size: medium; color: #000000;\">En definitiva, primavera revuelta, con cambios bruscos de tiempo de un\u00a0d\u00eda para otro, y todo \u00e9sto afecta much\u00edsimo a los modelos\u00a0meteorol\u00f3gicos, a los que les cuesta mucho modelizar cada situaci\u00f3n, y\u00a0son frecuentes los cambios bruscos en los mapas. Por eso se dice que\u00a0en primavera el tiempo es dif\u00edcil de predecir.<\/span><\/p>\n<div class=\"fb-like\" data-href=\"https:\/\/blogs.hoy.es\/meteobadajoz\/2013\/04\/05\/llega-el-buen-tiempo-pero-con-algo-de-frio\/\" data-send=\"false\" data-layout=\"box_count\" data-width=\"450\" data-show-faces=\"false\"><\/div>\n<!-- AddThis Advanced Settings generic via filter on the_content --><!-- AddThis Share Buttons generic via filter on the_content -->","protected":false},"excerpt":{"rendered":"<p>Comenzamos un fin de semana marcado por la estabilidad, y por un\u00a0descenso generalizado de las temperaturas en pr\u00e1cticamente toda la\u00a0regi\u00f3n. Ya en la jornada del viernes hemos notado un claro cambio de\u00a0tiempo, sobre todo a partir de la tarde, con la apertura de bastantes\u00a0claros en el cielo extreme\u00f1o. La masa de aire fr\u00edo que esper\u00e1bamos [&hellip;]<!-- AddThis Advanced Settings generic via filter on get_the_excerpt --><!-- AddThis Share Buttons generic via filter on get_the_excerpt --><\/p>\n","protected":false},"author":75,"featured_media":0,"comment_status":"open","ping_status":"closed","sticky":false,"template":"","format":"standard","meta":[],"categories":[4,5],"tags":[12,62,136],"_links":{"self":[{"href":"https:\/\/blogs.hoy.es\/meteobadajoz\/wp-json\/wp\/v2\/posts\/302"}],"collection":[{"href":"https:\/\/blogs.hoy.es\/meteobadajoz\/wp-json\/wp\/v2\/posts"}],"about":[{"href":"https:\/\/blogs.hoy.es\/meteobadajoz\/wp-json\/wp\/v2\/types\/post"}],"author":[{"embeddable":true,"href":"https:\/\/blogs.hoy.es\/meteobadajoz\/wp-json\/wp\/v2\/users\/75"}],"replies":[{"embeddable":true,"href":"https:\/\/blogs.hoy.es\/meteobadajoz\/wp-json\/wp\/v2\/comments?post=302"}],"version-history":[{"count":0,"href":"https:\/\/blogs.hoy.es\/meteobadajoz\/wp-json\/wp\/v2\/posts\/302\/revisions"}],"wp:attachment":[{"href":"https:\/\/blogs.hoy.es\/meteobadajoz\/wp-json\/wp\/v2\/media?parent=302"}],"wp:term":[{"taxonomy":"category","embeddable":true,"href":"https:\/\/blogs.hoy.es\/meteobadajoz\/wp-json\/wp\/v2\/categories?post=302"},{"taxonomy":"post_tag","embeddable":true,"href":"https:\/\/blogs.hoy.es\/meteobadajoz\/wp-json\/wp\/v2\/tags?post=302"}],"curies":[{"name":"wp","href":"https:\/\/api.w.org\/{rel}","templated":true}]}}