{"id":31,"date":"2012-11-12T21:03:00","date_gmt":"2012-11-12T21:03:00","guid":{"rendered":"http:\/\/blogs.hoy.es\/meteobadajoz\/2012\/11\/12\/foro-meteosuroeste-sitio-de-reunion-para-los-aficionados-extremenos\/"},"modified":"2012-11-12T21:03:00","modified_gmt":"2012-11-12T21:03:00","slug":"foro-meteosuroeste-sitio-de-reunion-para-los-aficionados-extremenos","status":"publish","type":"post","link":"https:\/\/blogs.hoy.es\/meteobadajoz\/2012\/11\/12\/foro-meteosuroeste-sitio-de-reunion-para-los-aficionados-extremenos\/","title":{"rendered":"Foro Meteosuroeste; sitio de reuni\u00f3n para los aficionados Extreme\u00f1os."},"content":{"rendered":"<p><\/p>\n<div style=\"clear: both;text-align: center\"><a href=\"http:\/\/2.bp.blogspot.com\/-8XvU5yWw9dM\/UKFj8sPchII\/AAAAAAAAD3k\/ZG33-zD_Ttk\/s1600\/1.PNG\" rel=\"external nofollow\"><img loading=\"lazy\" border=\"0\" height=\"346\" src=\"\/\/2.bp.blogspot.com\/-8XvU5yWw9dM\/UKFj8sPchII\/AAAAAAAAD3k\/ZG33-zD_Ttk\/s640\/1.PNG\" width=\"640\" \/><\/a><\/div>\n<p><span style=\"font-family: 'Helvetica Neue', Arial, Helvetica, sans-serif\">\u00a1Si eres aficionado a la meteorolog\u00eda y adem\u00e1s vives en alguna parte de Extremadura o del suroeste de la pen\u00ednsula DEBES REGISTRARTE EN ESTE FORO DE METEOROLOG\u00cdA! (<a href=\"http:\/\/meteosuroeste.foroactivo.com\/\" target=\"_blank\" rel=\"external nofollow\"><b><span style=\"color: yellow\">Foro Meteosuroeste<\/span><\/b><\/a>)<\/span><br \/><span style=\"font-family: Helvetica Neue, Arial, Helvetica, sans-serif\"><br \/><\/span><span style=\"font-family: Helvetica Neue, Arial, Helvetica, sans-serif\">De momento somos muy pocos, pero merece mucho la pena sacarlo adelante. \u00a1Ya era hora de que los Extreme\u00f1os tuvi\u00e9ramos un sitio propio de aficionados a esta preciosa ciencia. \u00a1\u00a1QUE CORRA LA VOZ!! ;-D<\/span><\/p>\n<!-- AddThis Advanced Settings generic via filter on the_content --><!-- AddThis Share Buttons generic via filter on the_content -->","protected":false},"excerpt":{"rendered":"<p>\u00a1Si eres aficionado a la meteorolog\u00eda y adem\u00e1s vives en alguna parte de Extremadura o del suroeste de la pen\u00ednsula DEBES REGISTRARTE EN ESTE FORO DE METEOROLOG\u00cdA! (Foro Meteosuroeste)De momento somos muy pocos, pero merece mucho la pena sacarlo adelante. \u00a1Ya era hora de que los Extreme\u00f1os tuvi\u00e9ramos un sitio propio de aficionados a esta [&hellip;]<!-- AddThis Advanced Settings generic via filter on get_the_excerpt --><!-- AddThis Share Buttons generic via filter on get_the_excerpt --><\/p>\n","protected":false},"author":3,"featured_media":0,"comment_status":"open","ping_status":"closed","sticky":false,"template":"","format":"standard","meta":[],"categories":[3],"tags":[],"_links":{"self":[{"href":"https:\/\/blogs.hoy.es\/meteobadajoz\/wp-json\/wp\/v2\/posts\/31"}],"collection":[{"href":"https:\/\/blogs.hoy.es\/meteobadajoz\/wp-json\/wp\/v2\/posts"}],"about":[{"href":"https:\/\/blogs.hoy.es\/meteobadajoz\/wp-json\/wp\/v2\/types\/post"}],"author":[{"embeddable":true,"href":"https:\/\/blogs.hoy.es\/meteobadajoz\/wp-json\/wp\/v2\/users\/3"}],"replies":[{"embeddable":true,"href":"https:\/\/blogs.hoy.es\/meteobadajoz\/wp-json\/wp\/v2\/comments?post=31"}],"version-history":[{"count":0,"href":"https:\/\/blogs.hoy.es\/meteobadajoz\/wp-json\/wp\/v2\/posts\/31\/revisions"}],"wp:attachment":[{"href":"https:\/\/blogs.hoy.es\/meteobadajoz\/wp-json\/wp\/v2\/media?parent=31"}],"wp:term":[{"taxonomy":"category","embeddable":true,"href":"https:\/\/blogs.hoy.es\/meteobadajoz\/wp-json\/wp\/v2\/categories?post=31"},{"taxonomy":"post_tag","embeddable":true,"href":"https:\/\/blogs.hoy.es\/meteobadajoz\/wp-json\/wp\/v2\/tags?post=31"}],"curies":[{"name":"wp","href":"https:\/\/api.w.org\/{rel}","templated":true}]}}