{"id":310,"date":"2013-04-07T20:33:26","date_gmt":"2013-04-07T19:33:26","guid":{"rendered":"http:\/\/blogs.hoy.es\/meteobadajoz\/?p=310"},"modified":"2013-04-07T20:33:26","modified_gmt":"2013-04-07T19:33:26","slug":"la-crecida-del-guadiana-visible-desde-el-espacio","status":"publish","type":"post","link":"https:\/\/blogs.hoy.es\/meteobadajoz\/2013\/04\/07\/la-crecida-del-guadiana-visible-desde-el-espacio\/","title":{"rendered":"La crecida del Guadiana; visible desde el espacio"},"content":{"rendered":"<p><a href=\"https:\/\/blogs.hoy.es\/meteobadajoz\/2013\/04\/07\/la-crecida-del-guadiana-visible-desde-el-espacio\/6-4-2013\/\" rel=\"attachment wp-att-311\"><img loading=\"lazy\" class=\"aligncenter size-full wp-image-311\" title=\"Imagen en alta definici\u00f3n del sat\u00e9lite TERRA de la NASA, el 6 de abril de 2013.\" src=\"\/meteobadajoz\/wp-content\/uploads\/sites\/68\/2013\/04\/6-4-2013.png\" alt=\"\" width=\"656\" height=\"480\" srcset=\"https:\/\/static-blogs.hoy.es\/wp-content\/uploads\/sites\/68\/2013\/04\/6-4-2013.png 656w, https:\/\/static-blogs.hoy.es\/wp-content\/uploads\/sites\/68\/2013\/04\/6-4-2013-300x220.png 300w\" sizes=\"(max-width: 656px) 100vw, 656px\" \/><\/a><br \/>\n<span style=\"color: black;\">Una vez m\u00e1s, los sat\u00e9lites de la NASA est\u00e1n\u00a0siendo testigos de los cambios que se producen, a gran escala, a nivel de la superficie terrestre. Si el otro d\u00eda ve\u00edamos la <strong><span style=\"color: red;\"><a href=\"https:\/\/blogs.hoy.es\/meteobadajoz\/2013\/04\/02\/gran-cantidad-de-sedimentos-arrojados-por-el-guadiana-y-del-guadalquivir\/\" target=\"_blank\"><span style=\"color: red;\">gran cantidad de sedimentos que el r\u00edo Guadiana y Guadalquivir estaban arrojando al mar<\/span><\/a><\/span><\/strong>, hoy nos centramos en el estado del r\u00edo Guadiana, <strong>antes de las intensas y persistentes lluvias del mes de Marzo<\/strong>, con el fin de compararlo con el estado (casi extraordinario) que ha sufrido este r\u00edo durante los \u00faltimos d\u00edas (en el caso del Guadiana).<\/span><span style=\"color: black;\">La imagen que encabeza este nuevo art\u00edculo, pertenece al sat\u00e9lite TERRA de la NASA, tomada el pasado s\u00e1bado 6 de abril de 2013, que con su \u00fatil instrumentaci\u00f3n nos deleita con im\u00e1genes tan espectaculares como esa.<\/span><\/p>\n<p><span style=\"color: black;\">En ella podemos observar, con mucha nitidez, <strong>todos los embalses asociados a la cuenca del Guadiana<\/strong>, a su paso por Extremadura. Les he se\u00f1alado los principales embalses para que puedan situarse, y tambi\u00e9n, en c\u00edrculos rojos, he rodeado aquellas zonas donde es m\u00e1s apreciable la diferencia de una fecha a otra. Bajo estos c\u00edrculos, se pueden ver zonas con tonalidades azuladas, que corresponden a aquellas zonas que han estado (o que todav\u00eda est\u00e1n) <strong>inundadas por la crecida del Guadiana<\/strong> (a fecha de \u00e9sta jornada).<\/span><\/p>\n<p><!--more--> <span style=\"font-family: Helvetica Neue, Arial, Helvetica, sans-serif;\"><span style=\"color: black;\">Cabe destacar que <strong>se ha tenido que esperar a que el cielo estuviera casi totalmente despejado para poder observar perfectamente estos cambios<\/strong>. Durante el s\u00e1bado 6 de abril (d\u00eda al que pertenece la imagen), la crecida del Guadiana ya era algo menor que en jornadas anteriores, pero debido a la abundante nubosidad presente por gran parte de la cuenca en los momentos de m\u00e1ximo caudal, apenas se dejaban ver las zonas inundadas. Aunque s\u00ed es cierto que, a pesar de ello, se ve perfectamente la crecida.<\/span><\/span><\/p>\n<p><span style=\"color: black;\">Ahora quiero que nos fijemos en la siguiente animaci\u00f3n (de tan s\u00f3lo dos im\u00e1genes), en la\u00a0que\u00a0vamos a poder ver muy bien <strong>la diferencia entre el antes, y el despu\u00e9s<\/strong>. Es brutal&#8230;<\/span><\/p>\n<div>\n<div>\n<p><a href=\"https:\/\/blogs.hoy.es\/meteobadajoz\/2013\/04\/07\/la-crecida-del-guadiana-visible-desde-el-espacio\/comparacion-crecida-del-guadiana-desde-el-espacio-terra\/\" rel=\"attachment wp-att-312\"><img loading=\"lazy\" class=\"aligncenter size-full wp-image-312\" title=\"Comparaci\u00f3n crecida del Guadiana desde el espacio - TERRA\" src=\"\/meteobadajoz\/wp-content\/uploads\/sites\/68\/2013\/04\/Comparaci\u00f3n-crecida-del-Guadiana-desde-el-espacio-TERRA.gif\" alt=\"\" width=\"656\" height=\"480\" \/><\/a><\/p>\n<div>\n<p><span style=\"font-family: Helvetica Neue, Arial, Helvetica, sans-serif;\"><span style=\"color: black;\">Se han comparado la imagen del 26 de febrero de 2013, con la imagen del 6 de abril de 2013. F\u00edjense que, antes de la crecida, apenas se pod\u00eda observar el curso del Guadiana, pero <strong>con la crecida se aprecian muy bien aquellas zonas afectadas por las inundaciones<\/strong>. Destaca tambi\u00e9n <strong>el aumento del nivel del agua en algunos embalses<\/strong>, como por ejemplo el embalse que vemos al noroeste de Badajoz, de nombre <em style=\"color: black;\">albufeira de Barragem do Caia<\/em>. Tambi\u00e9n es apreciable fij\u00e1ndose en la cola de los embalses, donde se ve que &#8220;crecen&#8221; en extensi\u00f3n.<\/span><\/span><\/p>\n<p><span style=\"color: black;\">Por lo dem\u00e1s, <strong>resalta &#8220;el verde&#8221; que abunda en toda la regi\u00f3n<\/strong> (se nota algo menos en la Tierra de Barros), aunque \u00e9sta imagen es un\u00a0producto\u00a0del sat\u00e9lite un poco &#8220;manipulado&#8221;, es decir, no es la imagen real, no lo ver\u00edamos as\u00ed con nuestros propios ojos desde arriba. Este modo del sat\u00e9lite nos sirve, sobre todo, para contemplar los incendios.<\/span><\/p>\n<p><span style=\"color: black;\">La imagen real, del pasado s\u00e1bado 6 de abril, es la siguiente, y es a\u00fan m\u00e1s impresionante si cabe&#8230;<\/span><\/p>\n<\/div>\n<\/div>\n<\/div>\n<div style=\"text-align: center;\"><img loading=\"lazy\" class=\"aligncenter\" title=\"Imagen en alta resoluci\u00f3n - TERRA - 6 de abril de 2013.\" src=\"\/\/nsae01.casimages.net\/img\/2013\/04\/07\/130407092123523769.png\" alt=\"\" width=\"646\" height=\"565\" \/><\/div>\n<div style=\"text-align: center;\"><span style=\"font-family: Helvetica Neue, Arial, Helvetica, sans-serif;\">&#8211;<strong><span style=\"color: red;\"><a href=\"http:\/\/nsae01.casimages.net\/img\/2013\/04\/07\/130407092123523769.png\" target=\"_blank\" rel=\"external nofollow\"><span style=\"color: red;\">Imagen en m\u00e1s resoluci\u00f3n<\/span><\/a><\/span><\/strong>&#8211;<\/span><\/div>\n<div style=\"text-align: left;\"><span style=\"color: black; font-family: Helvetica Neue, Arial, Helvetica, sans-serif;\">Este art\u00edculo que sirva como pura curiosidad, es otra de las muchas cosas que acompa\u00f1an a la meteorolog\u00eda. Hoy en d\u00eda, sin \u00e9stas observaciones tan n\u00edtidas, tomadas por sat\u00e9lites desde esas alturas, muchas cosas\u00a0pasar\u00edan\u00a0por alto, sin darnos cuenta de lo impresionantes que son y de lo que nos deben de importar.<\/span><\/div>\n<div style=\"text-align: left;\"><\/div>\n<div style=\"text-align: center;\"><span style=\"color: black; font-family: Helvetica Neue, Arial, Helvetica, sans-serif; font-size: small;\"><strong>Puedes seguir la cuenta de Twitter de este blog en <span style=\"color: red;\"><a href=\"https:\/\/twitter.com\/MeteoBadajoz\" target=\"_blank\" rel=\"external nofollow\"><span style=\"color: red;\">@MeteoBadajoz<\/span><\/a><\/span>, donde estar\u00e1s totalmente informados en todo momento de c\u00f3mo evolucionan los d\u00edas, as\u00ed como de noticias de inter\u00e9s meteorol\u00f3gico.<\/strong><\/span><\/div>\n<div style=\"text-align: center;\"><span style=\"color: black; font-family: Helvetica Neue, Arial, Helvetica, sans-serif; font-size: small;\"><strong><br \/>\n<\/strong><\/span><\/div>\n<div style=\"text-align: center;\"><span style=\"color: black; font-family: Helvetica Neue, Arial, Helvetica, sans-serif; font-size: small; text-decoration: underline;\"><strong>Si el art\u00edculo te ha parecido interesante, puedes ayudar a divulgarlo a trav\u00e9s de las redes sociales, con ayuda de los botones para compartir.<\/strong><\/span><\/div>\n<div style=\"text-align: center;\"><span style=\"color: black; font-family: Helvetica Neue, Arial, Helvetica, sans-serif; font-size: small; text-decoration: underline;\"><strong><br \/>\n<\/strong><\/span><\/div>\n<div style=\"text-align: center;\"><span style=\"color: black; font-family: Helvetica Neue, Arial, Helvetica, sans-serif; font-size: small;\"><strong>\u00a1\u00a1Gracias!!<\/strong><\/span><\/div>\n<!-- AddThis Advanced Settings generic via filter on the_content --><!-- AddThis Share Buttons generic via filter on the_content -->","protected":false},"excerpt":{"rendered":"<p>Una vez m\u00e1s, los sat\u00e9lites de la NASA est\u00e1n\u00a0siendo testigos de los cambios que se producen, a gran escala, a nivel de la superficie terrestre. Si el otro d\u00eda ve\u00edamos la gran cantidad de sedimentos que el r\u00edo Guadiana y Guadalquivir estaban arrojando al mar, hoy nos centramos en el estado del r\u00edo Guadiana, antes [&hellip;]<!-- AddThis Advanced Settings generic via filter on get_the_excerpt --><!-- AddThis Share Buttons generic via filter on get_the_excerpt --><\/p>\n","protected":false},"author":75,"featured_media":0,"comment_status":"open","ping_status":"closed","sticky":false,"template":"","format":"standard","meta":[],"categories":[4,5],"tags":[6,9,75,84,101,145],"_links":{"self":[{"href":"https:\/\/blogs.hoy.es\/meteobadajoz\/wp-json\/wp\/v2\/posts\/310"}],"collection":[{"href":"https:\/\/blogs.hoy.es\/meteobadajoz\/wp-json\/wp\/v2\/posts"}],"about":[{"href":"https:\/\/blogs.hoy.es\/meteobadajoz\/wp-json\/wp\/v2\/types\/post"}],"author":[{"embeddable":true,"href":"https:\/\/blogs.hoy.es\/meteobadajoz\/wp-json\/wp\/v2\/users\/75"}],"replies":[{"embeddable":true,"href":"https:\/\/blogs.hoy.es\/meteobadajoz\/wp-json\/wp\/v2\/comments?post=310"}],"version-history":[{"count":0,"href":"https:\/\/blogs.hoy.es\/meteobadajoz\/wp-json\/wp\/v2\/posts\/310\/revisions"}],"wp:attachment":[{"href":"https:\/\/blogs.hoy.es\/meteobadajoz\/wp-json\/wp\/v2\/media?parent=310"}],"wp:term":[{"taxonomy":"category","embeddable":true,"href":"https:\/\/blogs.hoy.es\/meteobadajoz\/wp-json\/wp\/v2\/categories?post=310"},{"taxonomy":"post_tag","embeddable":true,"href":"https:\/\/blogs.hoy.es\/meteobadajoz\/wp-json\/wp\/v2\/tags?post=310"}],"curies":[{"name":"wp","href":"https:\/\/api.w.org\/{rel}","templated":true}]}}