{"id":32,"date":"2012-11-09T20:51:00","date_gmt":"2012-11-09T20:51:00","guid":{"rendered":"http:\/\/blogs.hoy.es\/meteobadajoz\/2012\/11\/09\/tiempo-muy-variable-y-temperaturas-frias\/"},"modified":"2012-11-09T20:51:00","modified_gmt":"2012-11-09T20:51:00","slug":"tiempo-muy-variable-y-temperaturas-frias","status":"publish","type":"post","link":"https:\/\/blogs.hoy.es\/meteobadajoz\/2012\/11\/09\/tiempo-muy-variable-y-temperaturas-frias\/","title":{"rendered":"Tiempo muy variable y temperaturas fr\u00edas."},"content":{"rendered":"<div style=\"clear: both;text-align: center\"><a href=\"http:\/\/3.bp.blogspot.com\/-NSSBTyVMkQk\/UJ1UR4qPUII\/AAAAAAAAD0M\/8TPEMoT4Oqc\/s1600\/Pbz8yaVWE9XgT.png\" rel=\"external nofollow\"><img loading=\"lazy\" border=\"0\" height=\"366\" src=\"\/\/3.bp.blogspot.com\/-NSSBTyVMkQk\/UJ1UR4qPUII\/AAAAAAAAD0M\/8TPEMoT4Oqc\/s640\/Pbz8yaVWE9XgT.png\" width=\"640\" \/><\/a><\/div>\n<p><span style=\"font-family: Helvetica Neue, Arial, Helvetica, sans-serif\">Menudo cambio de situaci\u00f3n hemos\u00a0notado\u00a0en los \u00faltimos meses, hemos pasado de situaciones prolongadas de Sol y \u00a0temperaturas muy suaves, a una situaci\u00f3n de sucesivas borrascas que se descuelgan de la circulaci\u00f3n general y que afectan a la mayor parte del pa\u00eds, aunque con bastante menos intensidad a la fachada mediterr\u00e1nea.\u00a0<\/span><span style=\"font-family: 'Helvetica Neue', Arial, Helvetica, sans-serif\">Ha llovido mucho en las \u00faltimas semanas por todo el oeste y sur de la pen\u00ednsula, zonas tremendamente necesitadas que ya han recibido importantes cantidades de agua, muy bien recibidas por supuesto.<\/span><br \/><a name='more'><\/a><br \/><span style=\"font-family: Helvetica Neue, Arial, Helvetica, sans-serif\">Durante los pr\u00f3ximos d\u00edas el tiempo tender\u00e1 a estabilizarse algo por la parte occidental de la pen\u00ednsula, aunque todav\u00eda con bastante nubosidad y riesgo de algunas precipitaciones, eso s\u00ed, ya no ser\u00e1n tan importantes, ni generosas, ni abundantes como las de estos d\u00edas atr\u00e1s. La inestabilidad de desplaza hacia el este como\u00a0consecuencia\u00a0de otro descolgamiento de aire fr\u00edo en capas medias y altas de la Troposfera que provocar\u00e1 precipitaciones bastante abundantes por las regiones mediterr\u00e1neas.<\/span><br \/><span style=\"font-family: Helvetica Neue, Arial, Helvetica, sans-serif\"><br \/><\/span><span style=\"font-family: Helvetica Neue, Arial, Helvetica, sans-serif\">Si miramos los modelos, observamos que esa masa de aire fr\u00edo acabar\u00e1 separ\u00e1ndose de una profunda y estrecha vaguada, que entrar\u00e1 por el oeste y noroeste de Europa en los pr\u00f3ximos d\u00edas. Parece que todo\u00a0ocurrir\u00e1\u00a0durante el pr\u00f3ximo domingo 11 de noviembre, cuando esa vaguada empezar\u00e1 a romperse por su parte central y la parte sur (ya en forma de burbuja de aire fr\u00edo) ir\u00e1 a parar al sureste de la pen\u00ednsula y, posteriormente, al norte de Argelia. Todo ello ocurrir\u00e1 en tan solo unas horas, esa masa de aire fr\u00edo se descolgar\u00e1 muy r\u00e1pidamente. En los siguientes mapas del modelo americano GFS de su salida de las 12Z observamos muy\u00a0gr\u00e1ficamente\u00a0lo que va a suceder.<\/span><br \/><span style=\"font-family: Helvetica Neue, Arial, Helvetica, sans-serif\"><br \/><\/span><span style=\"color: orange;font-family: Helvetica Neue, Arial, Helvetica, sans-serif\"><b>Proceso de separaci\u00f3n de la masa de aire fr\u00edo:<\/b><\/span><\/p>\n<div style=\"clear: both;text-align: center\"><a href=\"http:\/\/1.bp.blogspot.com\/-80CRJfGrbSA\/UJ1caWuiSdI\/AAAAAAAAD1E\/F3OxdJ6b9mY\/s1600\/gfs_eu_t500_024.png\" rel=\"external nofollow\"><img loading=\"lazy\" border=\"0\" height=\"480\" src=\"\/\/1.bp.blogspot.com\/-80CRJfGrbSA\/UJ1caWuiSdI\/AAAAAAAAD1E\/F3OxdJ6b9mY\/s640\/gfs_eu_t500_024.png\" width=\"640\" \/><\/a><\/div>\n<div style=\"clear: both;text-align: center\"><a href=\"http:\/\/1.bp.blogspot.com\/-BrNs07BtFaM\/UJ1cgpQXLzI\/AAAAAAAAD1M\/5TTyI3v4hvQ\/s1600\/gfs_eu_t500_036.png\" rel=\"external nofollow\"><img loading=\"lazy\" border=\"0\" height=\"480\" src=\"\/\/1.bp.blogspot.com\/-BrNs07BtFaM\/UJ1cgpQXLzI\/AAAAAAAAD1M\/5TTyI3v4hvQ\/s640\/gfs_eu_t500_036.png\" width=\"640\" \/><\/a><\/div>\n<div style=\"clear: both;text-align: center\"><a href=\"http:\/\/1.bp.blogspot.com\/-SfhJyHFw1Rw\/UJ1ciuTc72I\/AAAAAAAAD1U\/B9sWmrVwsqI\/s1600\/gfs_eu_t500_048.png\" rel=\"external nofollow\"><img loading=\"lazy\" border=\"0\" height=\"480\" src=\"\/\/1.bp.blogspot.com\/-SfhJyHFw1Rw\/UJ1ciuTc72I\/AAAAAAAAD1U\/B9sWmrVwsqI\/s640\/gfs_eu_t500_048.png\" width=\"640\" \/><\/a><\/div>\n<div style=\"clear: both;text-align: center\"><a href=\"http:\/\/4.bp.blogspot.com\/-P3zTlN6kRrg\/UJ1ckmFD86I\/AAAAAAAAD1c\/LFFxw0mb_Jg\/s1600\/gfs_eu_t500_060.png\" rel=\"external nofollow\"><img loading=\"lazy\" border=\"0\" height=\"480\" src=\"\/\/4.bp.blogspot.com\/-P3zTlN6kRrg\/UJ1ckmFD86I\/AAAAAAAAD1c\/LFFxw0mb_Jg\/s640\/gfs_eu_t500_060.png\" width=\"640\" \/><\/a><\/div>\n<p><\/p>\n<div style=\"clear: both;text-align: center\"><a href=\"http:\/\/2.bp.blogspot.com\/-yPuY6MlI-aU\/UJ1cmld-VFI\/AAAAAAAAD1k\/BBLDcbs4fU8\/s1600\/gfs_eu_t500_072.png\" rel=\"external nofollow\"><img loading=\"lazy\" border=\"0\" height=\"480\" src=\"\/\/2.bp.blogspot.com\/-yPuY6MlI-aU\/UJ1cmld-VFI\/AAAAAAAAD1k\/BBLDcbs4fU8\/s640\/gfs_eu_t500_072.png\" width=\"640\" \/><\/a><\/div>\n<p><span style=\"font-family: Helvetica Neue, Arial, Helvetica, sans-serif\">Las precipitaciones podr\u00edan ser abundantes hacia las costas del sureste\u00a0peninsular\u00a0durante la tarde\/noche del domingo y la madrugada del lunes.<\/span><\/p>\n<div style=\"clear: both;text-align: center\"><\/div>\n<div style=\"clear: both;text-align: center\"><a href=\"http:\/\/4.bp.blogspot.com\/-atAai-PnL6g\/UJ1q8pFUP8I\/AAAAAAAAD2k\/D5_U4pL0FRk\/s1600\/gfs_pi_prec_057.png\" rel=\"external nofollow\"><img loading=\"lazy\" border=\"0\" height=\"480\" src=\"\/\/4.bp.blogspot.com\/-atAai-PnL6g\/UJ1q8pFUP8I\/AAAAAAAAD2k\/D5_U4pL0FRk\/s640\/gfs_pi_prec_057.png\" width=\"640\" \/><\/a><\/div>\n<p><span style=\"font-family: Helvetica Neue, Arial, Helvetica, sans-serif\">En el mapa de acumulados desde hoy hasta el martes a las 00h observamos cantidades que hacia puntos de la comunidad Valenciana y en zonas del este de Andaluc\u00eda podr\u00edan superar los <b>30 mm<\/b> y hasta <b>50 mm<\/b> en la provincia de Alicante.<\/span><\/p>\n<div style=\"clear: both;text-align: center\"><a href=\"http:\/\/4.bp.blogspot.com\/-GXoJ7rt4jVQ\/UJ1q7KpA_vI\/AAAAAAAAD2c\/29wMhWh9mHQ\/s1600\/12111300_2_0912.gif\" rel=\"external nofollow\"><img loading=\"lazy\" border=\"0\" height=\"468\" src=\"\/\/4.bp.blogspot.com\/-GXoJ7rt4jVQ\/UJ1q7KpA_vI\/AAAAAAAAD2c\/29wMhWh9mHQ\/s640\/12111300_2_0912.gif\" width=\"640\" \/><\/a><\/div>\n<p><span style=\"font-family: Helvetica Neue, Arial, Helvetica, sans-serif\">Como consecuencia del descolgamiento de esta masa de aire fr\u00edo las temperaturas bajar\u00e1n notablemente y tendremos que vigilar tambi\u00e9n la cota de nieve porque bajar\u00e1 bastante por el norte y centro de la pen\u00ednsula, que junto con las precipitaciones podr\u00e1n dejarnos ver algunas nevadas. Seguiremos pendientes.<\/span><br \/><span style=\"font-family: Helvetica Neue, Arial, Helvetica, sans-serif\"><br \/><\/span><span style=\"font-family: Helvetica Neue, Arial, Helvetica, sans-serif\">Un saludo.<\/span><\/p>\n<!-- AddThis Advanced Settings generic via filter on the_content --><!-- AddThis Share Buttons generic via filter on the_content -->","protected":false},"excerpt":{"rendered":"<p>Menudo cambio de situaci\u00f3n hemos\u00a0notado\u00a0en los \u00faltimos meses, hemos pasado de situaciones prolongadas de Sol y \u00a0temperaturas muy suaves, a una situaci\u00f3n de sucesivas borrascas que se descuelgan de la circulaci\u00f3n general y que afectan a la mayor parte del pa\u00eds, aunque con bastante menos intensidad a la fachada mediterr\u00e1nea.\u00a0Ha llovido mucho en las \u00faltimas [&hellip;]<!-- AddThis Advanced Settings generic via filter on get_the_excerpt --><!-- AddThis Share Buttons generic via filter on get_the_excerpt --><\/p>\n","protected":false},"author":3,"featured_media":0,"comment_status":"open","ping_status":"closed","sticky":false,"template":"","format":"standard","meta":[],"categories":[3],"tags":[],"_links":{"self":[{"href":"https:\/\/blogs.hoy.es\/meteobadajoz\/wp-json\/wp\/v2\/posts\/32"}],"collection":[{"href":"https:\/\/blogs.hoy.es\/meteobadajoz\/wp-json\/wp\/v2\/posts"}],"about":[{"href":"https:\/\/blogs.hoy.es\/meteobadajoz\/wp-json\/wp\/v2\/types\/post"}],"author":[{"embeddable":true,"href":"https:\/\/blogs.hoy.es\/meteobadajoz\/wp-json\/wp\/v2\/users\/3"}],"replies":[{"embeddable":true,"href":"https:\/\/blogs.hoy.es\/meteobadajoz\/wp-json\/wp\/v2\/comments?post=32"}],"version-history":[{"count":0,"href":"https:\/\/blogs.hoy.es\/meteobadajoz\/wp-json\/wp\/v2\/posts\/32\/revisions"}],"wp:attachment":[{"href":"https:\/\/blogs.hoy.es\/meteobadajoz\/wp-json\/wp\/v2\/media?parent=32"}],"wp:term":[{"taxonomy":"category","embeddable":true,"href":"https:\/\/blogs.hoy.es\/meteobadajoz\/wp-json\/wp\/v2\/categories?post=32"},{"taxonomy":"post_tag","embeddable":true,"href":"https:\/\/blogs.hoy.es\/meteobadajoz\/wp-json\/wp\/v2\/tags?post=32"}],"curies":[{"name":"wp","href":"https:\/\/api.w.org\/{rel}","templated":true}]}}