{"id":326,"date":"2013-04-15T18:04:20","date_gmt":"2013-04-15T17:04:20","guid":{"rendered":"http:\/\/blogs.hoy.es\/meteobadajoz\/?p=326"},"modified":"2013-04-15T18:04:20","modified_gmt":"2013-04-15T17:04:20","slug":"semana-calurosa","status":"publish","type":"post","link":"https:\/\/blogs.hoy.es\/meteobadajoz\/2013\/04\/15\/semana-calurosa\/","title":{"rendered":"Semana de calor: superaremos los 30 grados"},"content":{"rendered":"<p><!-- AddThis Button BEGIN --><\/p>\n<div class=\"addthis_toolbox addthis_default_style addthis_32x32_style\">\n<p><a class=\"addthis_button_preferred_1\"><\/a><\/p>\n<p><a class=\"addthis_button_preferred_2\"><\/a><\/p>\n<p><a class=\"addthis_button_preferred_3\"><\/a><\/p>\n<p><a class=\"addthis_button_preferred_4\"><\/a><\/p>\n<p><a class=\"addthis_button_compact\"><\/a><\/p>\n<p><a class=\"addthis_counter addthis_bubble_style\"><\/a><\/p>\n<\/div>\n<p><script type=\"text\/javascript\" src=\"\/\/s7.addthis.com\/js\/250\/addthis_widget.js#pubid=xa-4eb94f1130209787\"><\/script><\/p>\n<p><!-- AddThis Button END --><\/p>\n<p style=\"text-align: center;\"><a href=\"https:\/\/blogs.hoy.es\/meteobadajoz\/2013\/04\/15\/semana-calurosa\/analisis2\/\" rel=\"attachment wp-att-328\"><img loading=\"lazy\" class=\"aligncenter  wp-image-328\" title=\"An\u00e1lisis de la posici\u00f3n de los centros de acci\u00f3n y movimiento de los vientos.\" src=\"\/meteobadajoz\/wp-content\/uploads\/sites\/68\/2013\/04\/An\u00e1lisis2.png\" alt=\"\" width=\"634\" height=\"482\" srcset=\"https:\/\/static-blogs.hoy.es\/wp-content\/uploads\/sites\/68\/2013\/04\/An\u00e1lisis2.png 782w, https:\/\/static-blogs.hoy.es\/wp-content\/uploads\/sites\/68\/2013\/04\/An\u00e1lisis2-300x229.png 300w, https:\/\/static-blogs.hoy.es\/wp-content\/uploads\/sites\/68\/2013\/04\/An\u00e1lisis2-768x585.png 768w\" sizes=\"(max-width: 634px) 100vw, 634px\" \/><\/a><\/p>\n<p><span style=\"font-size: medium; color: #000000;\">A lo largo del fin de semana, ya hemos notado un <strong>importante ascenso\u00a0t\u00e9rmico<\/strong> en Espa\u00f1a, experimentado tanto en las m\u00e1ximas, como en las m\u00ednimas. En\u00a0<strong>Extremadura<\/strong> se han alcanzado<strong> valores m\u00e1ximos de 25-27\u00b0C el s\u00e1bado, y de 27-28\u00b0C<\/strong> durante el domingo.<\/span><\/p>\n<p><span style=\"font-size: medium; color: #000000;\">Para los pr\u00f3ximos d\u00edas<strong> el tiempo no va a sufrir demasiadas\u00a0variaciones, e incluso la estabilidad podr\u00eda durar pr\u00e1cticamente\u00a0toda la semana<\/strong>. Pero cabe destacar que las temperaturas, en l\u00edneas\u00a0generales, <strong>van a seguir subiendo<\/strong>, y de cara a mediados de\u00a0esta semana, se podr\u00edan registrar temperaturas m\u00e1ximas un par de grados <strong>por encima de los 30\u00b0C<\/strong>.<\/span><\/p>\n<p><span style=\"font-size: medium; color: #000000;\">A continuaci\u00f3n vamos a repasar las <strong>causas de este episodio de calor<\/strong> en\u00a0pleno mes de abril, as\u00ed como algunas de sus consecuencias. Personalmente, \u00e9sta es la parte que m\u00e1s me gusta,\u00a0ya que todo tiene un por qu\u00e9, y la respuesta est\u00e1 en c\u00f3mo est\u00e1n\u00a0ubicados los anticiclones y las borrascas a lo largo del hemisferio.<!--more--><\/span><\/p>\n<p><span style=\"font-size: medium; color: #000000;\">As\u00ed pues, si prestamos atenci\u00f3n al mapa que encabeza este art\u00edculo, donde se han\u00a0analizado los rasgos m\u00e1s importantes que afectan a la Pen\u00ednsula\u00a0Ib\u00e9rica y a Europa, observamos la presencia de un <strong>cintur\u00f3n de altas presiones<\/strong> (una extensa regi\u00f3n anticicl\u00f3nica), formado por <strong>dos anticiclones<\/strong>, uno ubicado en el\u00a0Mediterr\u00e1neo occidental, abarcando todo el sur de Europa y norte de\u00a0\u00c1frica, y otro hacia el este de Europa &#8211; oeste de Rusia. Por otra parte, vemos un <strong>sistema de borrascas<\/strong> que parte desde el norte de las Azores, y que se extiende por gran parte del Atl\u00e1ntico Norte.<\/span><\/p>\n<p><span style=\"font-size: medium; color: #000000;\">Como sab\u00e9is, en el hemisferio norte, el viento gira alrededor de un\u00a0anticicl\u00f3n en sentido horario (como las agujas del reloj), mientras que en las borrascas lo hace\u00a0de forma antihoraria. Pues como bien queda reflejado en el an\u00e1lisis\u00a0superior, la interacci\u00f3n entre el anticicl\u00f3n del Mediterr\u00e1neo\u00a0occidental, y todo ese\u00a0sistema\u00a0de borrascas Atl\u00e1nticas, provocan un pasillo de vientos, que en la Pen\u00ednsula es del sur y sureste, que cruzan parte del norte de \u00c1frica, y\u00a0que <strong>llegan recalentados y muy secos a la Pen\u00ednsula Ib\u00e9rica<\/strong>. Son \u00e9stos vientos lo que nos <strong>traen la masa de aire c\u00e1lido<\/strong>, y los que <strong>hacen subir las temperaturas<\/strong>.<\/span><\/p>\n<p><span style=\"font-size: medium; color: #000000;\">Por otra parte, toda la <strong>fachada occidental de Europa<\/strong> se encuentra bajo un\u00a0<strong>flujo\u00a0de vientos de suroeste, que en este caso son templados y muy h\u00famedos<\/strong>. De hecho, todos los frentes asociados a esas borrascas Atl\u00e1nticas, y que son desviados por el anticicl\u00f3n, ir\u00e1n afectando a lo largo de la semana al oeste y norte de las Islas Brit\u00e1nicas, y a casi todo el norte de Europa, por lo que cabe esperar un tiempo complicado por esas zonas.<\/span><\/p>\n<p><span style=\"font-size: medium; color: #000000;\">Volviendo a la Pen\u00ednsula, adem\u00e1s de que <strong>esos vientos llegan c\u00e1lidos y muy secos al atravesar regiones\u00a0des\u00e9rticas<\/strong>\u00a0como Argelia o parte de Marruecos, se le suma\u00a0<strong>el arrastre de aire c\u00e1lido que mueven estos vientos<\/strong>. Si esto ocurriera en\u00a0pleno agosto, <strong>hablar\u00edamos de un importante episodio de calor<\/strong>,\u00a0pero afortunadamente, dada la \u00e9poca del a\u00f1o en la que nos encontramos,\u00a0las masas de aire que suben desde \u00c1frica <strong>no est\u00e1n a\u00fan tan recalentadas<\/strong>\u00a0como lo suelen estar en pleno verano.<\/span><\/p>\n<p style=\"text-align: center;\">\u00a0<a href=\"https:\/\/blogs.hoy.es\/meteobadajoz\/2013\/04\/15\/semana-calurosa\/maximas-miercoles-17-de-abril-de-2013\/\" rel=\"attachment wp-att-329\"><img loading=\"lazy\" class=\"aligncenter  wp-image-329\" title=\"M\u00e1ximas - mi\u00e9rcoles 17 de abril de 2013.\" src=\"\/meteobadajoz\/wp-content\/uploads\/sites\/68\/2013\/04\/M\u00e1ximas-mi\u00e9rcoles-17-de-abril-de-2013.png\" alt=\"\" width=\"653\" height=\"546\" srcset=\"https:\/\/static-blogs.hoy.es\/wp-content\/uploads\/sites\/68\/2013\/04\/M\u00e1ximas-mi\u00e9rcoles-17-de-abril-de-2013.png 848w, https:\/\/static-blogs.hoy.es\/wp-content\/uploads\/sites\/68\/2013\/04\/M\u00e1ximas-mi\u00e9rcoles-17-de-abril-de-2013-300x250.png 300w, https:\/\/static-blogs.hoy.es\/wp-content\/uploads\/sites\/68\/2013\/04\/M\u00e1ximas-mi\u00e9rcoles-17-de-abril-de-2013-768x641.png 768w\" sizes=\"(max-width: 653px) 100vw, 653px\" \/><\/a><\/p>\n<p><span style=\"font-size: medium; color: #000000;\">A pesar de ello, las temperaturas durante los pr\u00f3ximos d\u00edas <strong>podr\u00edan rozar los 30\u00b0C\u00a0en numerosas zonas del centro, oeste y sur de la Pen\u00ednsula<\/strong>, y por\u00a0encima de los 25\u00b0C en bastantes zonas. <\/span><\/p>\n<p><span style=\"font-size: medium; color: #000000;\">En los valles m\u00e1s profundos,\u00a0como las <strong>Vegas bajas del Guadiana o Valle del Guadalquivir<\/strong>, <strong>las\u00a0m\u00e1ximas podr\u00edan superar la marca de los 30\u00baC<\/strong>, e incluso superar los <strong>31-32\u00b0C<\/strong> (en las Vegas del Guadiana), y <strong>33-34\u00baC<\/strong> (en el\u00a0Valle del Guadalquivir). No se descarta que en puntos de Andaluc\u00eda se alcancen temperaturas m\u00e1ximas de hasta <span style=\"color: #ff0000;\"><strong>35\u00baC<\/strong><\/span>, mucho calor para ser abril&#8230;<\/span><\/p>\n<p><span style=\"font-size: medium; color: #000000;\">A\u00a0continuaci\u00f3n\u00a0veamos algunas <strong>predicciones de temperaturas<\/strong> para algunas ciudades de la Pen\u00ednsula, ordenadas de norte a sur:<\/span><\/p>\n<p style=\"text-align: center;\"><a href=\"http:\/\/nsae01.casimages.net\/img\/2013\/04\/15\/130415064445578894.png\" rel=\"external nofollow\"><img loading=\"lazy\" class=\"aligncenter\" title=\"Predicci\u00f3n -  Madrid.\" src=\"\/\/nsae01.casimages.net\/img\/2013\/04\/15\/130415064445578894.png\" alt=\"\" width=\"638\" height=\"160\" \/><\/a><\/p>\n<p style=\"text-align: center;\"><a href=\"http:\/\/nsae01.casimages.net\/img\/2013\/04\/15\/130415064537606732.png\" rel=\"external nofollow\"><img loading=\"lazy\" class=\"aligncenter\" title=\"Predicci\u00f3n - Badajoz.\" src=\"\/\/nsae01.casimages.net\/img\/2013\/04\/15\/130415064537606732.png\" alt=\"\" width=\"638\" height=\"160\" \/><\/a><\/p>\n<p style=\"text-align: center;\"><a href=\"http:\/\/nsae01.casimages.net\/img\/2013\/04\/15\/130415064826592382.png\" rel=\"external nofollow\"><img loading=\"lazy\" class=\"aligncenter\" title=\"Predicci\u00f3n - C\u00f3rdoba.\" src=\"\/\/nsae01.casimages.net\/img\/2013\/04\/15\/130415064826592382.png\" alt=\"\" width=\"638\" height=\"160\" \/><\/a><\/p>\n<p style=\"text-align: center;\"><a href=\"http:\/\/nsae01.casimages.net\/img\/2013\/04\/15\/130415065008961079.png\" rel=\"external nofollow\"><img loading=\"lazy\" class=\"aligncenter\" title=\"Predicci\u00f3n - Sevilla.\" src=\"\/\/nsae01.casimages.net\/img\/2013\/04\/15\/130415065008961079.png\" alt=\"\" width=\"638\" height=\"160\" \/><\/a><\/p>\n<p><span style=\"font-size: medium; color: #000000;\">Como vemos, a mediados de semana, <strong>temperaturas calurosas en muchas zonas del centro y sur de la Pen\u00ednsula<\/strong>, incluso vemos datos de hasta <strong>34.6\u00baC<\/strong>. De todas formas, \u00e9stos <strong>son datos orientativos<\/strong>, y <strong>bajo condiciones de cielo completamente despejado<\/strong>. A fecha de hoy, lunes 15 de abril, en Badajoz hemos tenido una m\u00e1xima de unos 25\u00baC, y \u00e9sta predicci\u00f3n del modelo europeo calculaba unos 27\u00baC, pero hoy hemos tenido\u00a0algo\u00a0de nubosidad de tipo alto, lo que ha impedido que se alcance ese registro.<\/span><\/p>\n<p><span style=\"font-size: medium; color: #000000;\">Como es l\u00f3gico, no se\u00a0registrar\u00e1n exactamente los valores que indican estas predicciones, pero muy probablemente las m\u00e1ximas durante los\u00a0pr\u00f3ximos\u00a0d\u00edas, estar\u00e1n muy cercanas a las indicadas anteriormente.<\/span><\/p>\n<p><span style=\"font-size: medium; color: #000000;\">As\u00ed pues, a modo de resumen, todav\u00eda <strong>nos quedan muchas jornadas\u00a0consecutivas de Sol y temperaturas altas para la \u00e9poca<\/strong>, aunque parece que de cara al pr\u00f3ximo fin de semana, las temperatura bajar\u00edan levemente, de nuevo a valores de unos 25\u00baC.\u00a0<\/span><span style=\"font-size: medium; color: #000000;\">A ver c\u00f3mo evoluciona la semana.<\/span><\/p>\n<p style=\"text-align: center;\"><span style=\"font-size: small; color: #000000;\"><strong>Pod\u00e9is seguir la cuenta de Twitter de este blog en\u00a0<span style=\"color: #ff0000;\"><a title=\"@MeteoBadajoz\" href=\"https:\/\/twitter.com\/MeteoBadajoz\" rel=\"external nofollow\" target=\"_blank\"><span style=\"color: #ff0000;\">@MeteoBadajoz<\/span><\/a><\/span>, donde estar\u00e9is totalmente informados en todo momento de c\u00f3mo evolucionan los d\u00edas, as\u00ed como de noticias de inter\u00e9s meteorol\u00f3gico.<\/strong><\/span><\/p>\n<p style=\"text-align: center;\"><span style=\"text-decoration: underline;\"><span style=\"color: #000000;\">\u00a0<strong>Si el art\u00edculo te ha parecido interesante, puedes ayudar a divulgarlo a trav\u00e9s de las redes sociales, con ayuda de los botones de compartir ubicados en la parte superior de este art\u00edculo, gracias.<\/strong><\/span><\/span><\/p>\n<div class=\"fb-like\" data-href=\"https:\/\/blogs.hoy.es\/meteobadajoz\/2013\/04\/15\/semana-calurosa\/\" data-send=\"false\" data-layout=\"box_count\" data-width=\"450\" data-show-faces=\"false\"><\/div>\n<!-- AddThis Advanced Settings generic via filter on the_content --><!-- AddThis Share Buttons generic via filter on the_content -->","protected":false},"excerpt":{"rendered":"<p>A lo largo del fin de semana, ya hemos notado un importante ascenso\u00a0t\u00e9rmico en Espa\u00f1a, experimentado tanto en las m\u00e1ximas, como en las m\u00ednimas. En\u00a0Extremadura se han alcanzado valores m\u00e1ximos de 25-27\u00b0C el s\u00e1bado, y de 27-28\u00b0C durante el domingo. Para los pr\u00f3ximos d\u00edas el tiempo no va a sufrir demasiadas\u00a0variaciones, e incluso la estabilidad [&hellip;]<!-- AddThis Advanced Settings generic via filter on get_the_excerpt --><!-- AddThis Share Buttons generic via filter on get_the_excerpt --><\/p>\n","protected":false},"author":75,"featured_media":0,"comment_status":"open","ping_status":"closed","sticky":false,"template":"","format":"standard","meta":[],"categories":[4,5],"tags":[6,9,11,19,146],"_links":{"self":[{"href":"https:\/\/blogs.hoy.es\/meteobadajoz\/wp-json\/wp\/v2\/posts\/326"}],"collection":[{"href":"https:\/\/blogs.hoy.es\/meteobadajoz\/wp-json\/wp\/v2\/posts"}],"about":[{"href":"https:\/\/blogs.hoy.es\/meteobadajoz\/wp-json\/wp\/v2\/types\/post"}],"author":[{"embeddable":true,"href":"https:\/\/blogs.hoy.es\/meteobadajoz\/wp-json\/wp\/v2\/users\/75"}],"replies":[{"embeddable":true,"href":"https:\/\/blogs.hoy.es\/meteobadajoz\/wp-json\/wp\/v2\/comments?post=326"}],"version-history":[{"count":0,"href":"https:\/\/blogs.hoy.es\/meteobadajoz\/wp-json\/wp\/v2\/posts\/326\/revisions"}],"wp:attachment":[{"href":"https:\/\/blogs.hoy.es\/meteobadajoz\/wp-json\/wp\/v2\/media?parent=326"}],"wp:term":[{"taxonomy":"category","embeddable":true,"href":"https:\/\/blogs.hoy.es\/meteobadajoz\/wp-json\/wp\/v2\/categories?post=326"},{"taxonomy":"post_tag","embeddable":true,"href":"https:\/\/blogs.hoy.es\/meteobadajoz\/wp-json\/wp\/v2\/tags?post=326"}],"curies":[{"name":"wp","href":"https:\/\/api.w.org\/{rel}","templated":true}]}}