{"id":33,"date":"2012-10-31T19:45:00","date_gmt":"2012-10-31T19:45:00","guid":{"rendered":"http:\/\/blogs.hoy.es\/meteobadajoz\/2012\/10\/31\/las-primeras-nieves-de-la-temporada\/"},"modified":"2012-10-31T19:45:00","modified_gmt":"2012-10-31T19:45:00","slug":"las-primeras-nieves-de-la-temporada","status":"publish","type":"post","link":"https:\/\/blogs.hoy.es\/meteobadajoz\/2012\/10\/31\/las-primeras-nieves-de-la-temporada\/","title":{"rendered":"Las primeras nieves de la temporada!"},"content":{"rendered":"<div style=\"clear: both;text-align: center\"><a href=\"http:\/\/3.bp.blogspot.com\/-p3K-xwP0L3o\/UJF0wiCJO6I\/AAAAAAAADxY\/mzW-AJddHYM\/s1600\/1.PNG\" rel=\"external nofollow\"><img loading=\"lazy\" border=\"0\" height=\"358\" src=\"\/\/3.bp.blogspot.com\/-p3K-xwP0L3o\/UJF0wiCJO6I\/AAAAAAAADxY\/mzW-AJddHYM\/s640\/1.PNG\" width=\"640\" \/><\/a><\/div>\n<p>\u00a0<span style=\"font-family: 'Helvetica Neue', Arial, Helvetica, sans-serif\">En los \u00faltimos d\u00edas hemos visto como las temperaturas han bajado en gran parte del pa\u00eds, con ambiente bastante fr\u00edo y con heladas durante la noche. Pero poco despu\u00e9s nos empezaron a llegar nubes bastante compactas desde el oeste con precipitaciones muy abundantes y generosas. El frente se encontr\u00f3 con una situaci\u00f3n bastante fr\u00eda sobre la pen\u00ednsula y eso, unido a las precipitaciones, nos han dejado ver ya <b>las primeras nieves de la temporada<\/b>. Ha nevado en cotas medias-altas y no han sido espesores demasiado espectaculares, pero es una gran novedad.<\/span><br \/><a name='more'><\/a><br \/> <span style=\"font-family: 'Helvetica Neue', Arial, Helvetica, sans-serif\">Comenzamos por el primer cuadrante que os muestro en la imagen superior, que engloba a gran parte del Sistema Central. Como vemos, la nieve a llegado a zonas medias-altas de las sierras, no en grandes cantidades, pero se deja ver muy bien a trav\u00e9s de la imagen en alta resoluci\u00f3n del sat\u00e9lite TERRA de la NASA, con esas manchas de color azul turquesa.<\/span><\/p>\n<div style=\"clear: both;text-align: center\"><a href=\"http:\/\/3.bp.blogspot.com\/-LYC_37EGeuo\/UJF07S7gkqI\/AAAAAAAADxg\/plm2T0MTe_w\/s1600\/Spain.2012305.terra.721.250m.png\" rel=\"external nofollow\"><img loading=\"lazy\" border=\"0\" height=\"354\" src=\"\/\/3.bp.blogspot.com\/-LYC_37EGeuo\/UJF07S7gkqI\/AAAAAAAADxg\/plm2T0MTe_w\/s640\/Spain.2012305.terra.721.250m.png\" width=\"640\" \/><\/a><\/div>\n<p><span style=\"font-family: Helvetica Neue, Arial, Helvetica, sans-serif\"><br \/><\/span><span style=\"font-family: Helvetica Neue, Arial, Helvetica, sans-serif\">Y en el segundo cuadrante, hacemos un zoom hacia el norte de la provincia de C\u00e1ceres, sur de la de\u00a0\u00c1vila\u00a0y norte de Toledo. \u00a1Mirad lo extensa que ha sido la nevada en la Sierra de Gredos! Tambi\u00e9n se observan parches de nieve en la Sierra de Bejar.<\/span><\/p>\n<div style=\"clear: both;text-align: center\"><a href=\"http:\/\/4.bp.blogspot.com\/-59Ro-cJ-kcQ\/UJF0_LBAWyI\/AAAAAAAADxo\/IpQYU-FCxzA\/s1600\/Spain.2012305.terra.721.250mm.png\" rel=\"external nofollow\"><img loading=\"lazy\" border=\"0\" height=\"366\" src=\"\/\/4.bp.blogspot.com\/-59Ro-cJ-kcQ\/UJF0_LBAWyI\/AAAAAAAADxo\/IpQYU-FCxzA\/s640\/Spain.2012305.terra.721.250mm.png\" width=\"640\" \/><\/a><\/div>\n<p><span style=\"font-family: 'Helvetica Neue', Arial, Helvetica, sans-serif\"><br \/><\/span><span style=\"font-family: Helvetica Neue, Arial, Helvetica, sans-serif\">Es\u00a0precisamente\u00a0ah\u00ed, hacia la Sierra de Bejar, donde nos vamos ahora&#8230; El compa\u00f1ero de afici\u00f3n,\u00a0<b>Meteopino Pinofranqueado<\/b>, con <a href=\"http:\/\/www.telefonica.net\/web2\/meteopino\/meteopinofranqueado.html\" target=\"_blank\" rel=\"external nofollow\"><span style=\"color: red\"><b>estaci\u00f3n<\/b><\/span><\/a> en Pinofranqueado (C\u00e1ceres), me ha facilitado muy amablemente unas preciosas fotograf\u00edas que ha tomado esta misma ma\u00f1ana mirando hacia la Sierra de Bejar. Hoy despedimos este art\u00edculo con sus fotograf\u00edas:<\/span><br \/><span style=\"font-family: Helvetica Neue, Arial, Helvetica, sans-serif\"><br \/><\/span><\/p>\n<div style=\"text-align: center\"><span style=\"color: cyan;font-family: Helvetica Neue, Arial, Helvetica, sans-serif\"><b><><\/b><\/span><\/div>\n<div style=\"clear: both;text-align: center\"><a href=\"http:\/\/2.bp.blogspot.com\/-XFh6buqQAB0\/UJF9TLZtXCI\/AAAAAAAADyg\/9Kb8MlwpnaE\/s1600\/171969_387452031348689_944116666_o.jpg\" rel=\"external nofollow\"><img loading=\"lazy\" border=\"0\" height=\"190\" src=\"\/\/2.bp.blogspot.com\/-XFh6buqQAB0\/UJF9TLZtXCI\/AAAAAAAADyg\/9Kb8MlwpnaE\/s640\/171969_387452031348689_944116666_o.jpg\" width=\"640\" \/><\/a><\/div>\n<p><\/p>\n<div style=\"clear: both;text-align: center\"><a href=\"http:\/\/3.bp.blogspot.com\/-HCWZ98jjESM\/UJF9VIr4ivI\/AAAAAAAADyk\/umJCKRe3Plw\/s1600\/201098_387451514682074_943720933_o.jpg\" rel=\"external nofollow\"><img loading=\"lazy\" border=\"0\" height=\"312\" src=\"\/\/3.bp.blogspot.com\/-HCWZ98jjESM\/UJF9VIr4ivI\/AAAAAAAADyk\/umJCKRe3Plw\/s640\/201098_387451514682074_943720933_o.jpg\" width=\"640\" \/><\/a><\/div>\n<p><span style=\"font-family: Helvetica Neue, Arial, Helvetica, sans-serif\"><br \/><\/span><span style=\"font-family: Helvetica Neue, Arial, Helvetica, sans-serif\">Saludos! :)<\/span><\/p>\n<!-- AddThis Advanced Settings generic via filter on the_content --><!-- AddThis Share Buttons generic via filter on the_content -->","protected":false},"excerpt":{"rendered":"<p>\u00a0En los \u00faltimos d\u00edas hemos visto como las temperaturas han bajado en gran parte del pa\u00eds, con ambiente bastante fr\u00edo y con heladas durante la noche. Pero poco despu\u00e9s nos empezaron a llegar nubes bastante compactas desde el oeste con precipitaciones muy abundantes y generosas. El frente se encontr\u00f3 con una situaci\u00f3n bastante fr\u00eda sobre [&hellip;]<!-- AddThis Advanced Settings generic via filter on get_the_excerpt --><!-- AddThis Share Buttons generic via filter on get_the_excerpt --><\/p>\n","protected":false},"author":3,"featured_media":0,"comment_status":"open","ping_status":"closed","sticky":false,"template":"","format":"standard","meta":[],"categories":[3],"tags":[],"_links":{"self":[{"href":"https:\/\/blogs.hoy.es\/meteobadajoz\/wp-json\/wp\/v2\/posts\/33"}],"collection":[{"href":"https:\/\/blogs.hoy.es\/meteobadajoz\/wp-json\/wp\/v2\/posts"}],"about":[{"href":"https:\/\/blogs.hoy.es\/meteobadajoz\/wp-json\/wp\/v2\/types\/post"}],"author":[{"embeddable":true,"href":"https:\/\/blogs.hoy.es\/meteobadajoz\/wp-json\/wp\/v2\/users\/3"}],"replies":[{"embeddable":true,"href":"https:\/\/blogs.hoy.es\/meteobadajoz\/wp-json\/wp\/v2\/comments?post=33"}],"version-history":[{"count":0,"href":"https:\/\/blogs.hoy.es\/meteobadajoz\/wp-json\/wp\/v2\/posts\/33\/revisions"}],"wp:attachment":[{"href":"https:\/\/blogs.hoy.es\/meteobadajoz\/wp-json\/wp\/v2\/media?parent=33"}],"wp:term":[{"taxonomy":"category","embeddable":true,"href":"https:\/\/blogs.hoy.es\/meteobadajoz\/wp-json\/wp\/v2\/categories?post=33"},{"taxonomy":"post_tag","embeddable":true,"href":"https:\/\/blogs.hoy.es\/meteobadajoz\/wp-json\/wp\/v2\/tags?post=33"}],"curies":[{"name":"wp","href":"https:\/\/api.w.org\/{rel}","templated":true}]}}