{"id":331,"date":"2013-04-19T19:47:38","date_gmt":"2013-04-19T17:47:38","guid":{"rendered":"http:\/\/blogs.hoy.es\/meteobadajoz\/?p=331"},"modified":"2013-04-19T19:47:38","modified_gmt":"2013-04-19T17:47:38","slug":"cambio-de-tiempo-para-finales-de-abril","status":"publish","type":"post","link":"https:\/\/blogs.hoy.es\/meteobadajoz\/2013\/04\/19\/cambio-de-tiempo-para-finales-de-abril\/","title":{"rendered":"Posible cambio de tiempo para finales de abril"},"content":{"rendered":"<p><!-- AddThis Button BEGIN --><\/p>\n<div class=\"addthis_toolbox addthis_default_style addthis_32x32_style\">\n<p><a class=\"addthis_button_preferred_1\"><\/a><\/p>\n<p><a class=\"addthis_button_preferred_2\"><\/a><\/p>\n<p><a class=\"addthis_button_preferred_3\"><\/a><\/p>\n<p><a class=\"addthis_button_preferred_4\"><\/a><\/p>\n<p><a class=\"addthis_button_compact\"><\/a><\/p>\n<p><a class=\"addthis_counter addthis_bubble_style\"><\/a><\/p>\n<\/div>\n<p><script type=\"text\/javascript\" src=\"\/\/s7.addthis.com\/js\/250\/addthis_widget.js#pubid=xa-4eb94f1130209787\"><\/script><\/p>\n<p><!-- AddThis Button END --><\/p>\n<p style=\"text-align: center;\"><img loading=\"lazy\" class=\"aligncenter\" title=\"Imagen visible RGB  -  Meteosat-10, viernes 19 de abril de 2013.\" src=\"\/\/nsae01.casimages.net\/img\/2013\/04\/19\/13041906581287715.png\" alt=\"\" width=\"636\" height=\"365\" \/><\/p>\n<p><span style=\"font-size: medium; color: #000000;\">La imagen superior ha sido tomada por el sat\u00e9lite Meteosat-10 en la tarde del\u00a0viernes 19 de abril de 2013, pero podr\u00eda ser la imagen de cualquiera de los \u00faltimos d\u00edas. Y es que l<\/span><span style=\"font-size: medium;\"><span style=\"color: #000000;\">levamos varias jornadas con predominio de cielos poco nubosos, y\u00a0con\u00a0temperaturas\u00a0por encima de los umbrales propios de la \u00e9poca. Pero<\/span><span>\u00a0<\/span><\/span><span style=\"color: #000000; font-size: medium;\">cabe destacar que durante los \u00faltimos d\u00edas, <strong>los modelos num\u00e9ricos<\/strong><\/span><strong>\u00a0<\/strong><span style=\"color: #000000; font-size: medium;\"><strong>empiezan a mostrar algunas novedades a medio plazo<\/strong> (hacia finales de abril), en forma de una<\/span><span>\u00a0<\/span><span style=\"color: #000000; font-size: medium;\">clara <strong>tendencia a la inestabilidad<\/strong>.<\/span><\/p>\n<p><span style=\"color: #000000; font-size: medium;\">Despedimos la masa de aire c\u00e1lido que nos ha estado afectando durante<\/span><span style=\"color: #000000;\">\u00a0<\/span><span style=\"color: #000000; font-size: medium;\">estos \u00faltimos d\u00edas, para dar paso a un ambiente algo menos caluroso,<\/span><span style=\"color: #000000;\">\u00a0<\/span><span style=\"color: #000000; font-size: medium;\">pero con temperaturas no demasiado frescas. Los valores m\u00e1ximos y<\/span><span style=\"color: #000000;\">\u00a0<\/span><span style=\"color: #000000; font-size: medium;\">m\u00ednimos <strong>se normalizar\u00e1n durante el fin de semana<\/strong>, pero de cara a la<\/span><span style=\"color: #000000;\">\u00a0<\/span><span style=\"color: #000000; font-size: medium;\">pr\u00f3xima semana, <strong>volver\u00e1n a subir ligeramente<\/strong>. Eso s\u00ed, de momento no<\/span><span style=\"color: #000000;\">\u00a0<\/span><span style=\"color: #000000; font-size: medium;\">volveremos a registrar temperaturas de 27-31\u00b0C como ya las tuvimos el<\/span><span style=\"color: #000000;\">\u00a0<\/span><span style=\"color: #000000; font-size: medium;\">pasado mi\u00e9rcoles.<!--more--><\/span><\/p>\n<p><span style=\"color: #000000; font-size: medium;\">El fin de semana se presenta en Extremadura <strong>con tiempo tranquilo<\/strong>,<\/span><span style=\"color: #000000;\">\u00a0c<\/span><span style=\"color: #000000; font-size: medium;\">ielos poco nubosos, con algunos intervalos de nubes altas, pero poco<\/span><span style=\"color: #000000;\">\u00a0<\/span><span style=\"color: #000000; font-size: medium;\">m\u00e1s. Las temperaturas, en l\u00edneas generales, ser\u00e1n bastante suaves,<\/span><span style=\"color: #000000;\">\u00a0<\/span><span style=\"color: #000000; font-size: medium;\">m\u00e1ximas de <span style=\"color: #ff0000;\"><strong>22-25\u00b0C<\/strong><\/span>, y m\u00ednimas algo m\u00e1s frescas, de unos <span style=\"color: #0000ff;\"><strong>8-12\u00b0C<\/strong><\/span>.<\/span><\/p>\n<p><span style=\"color: #000000; font-size: medium;\">Como comentaba anteriormente, con tendencia a que el tiempo se<\/span><span style=\"color: #000000;\">\u00a0<\/span><span style=\"color: #000000; font-size: medium;\">inestabilice en la Pen\u00ednsula de cara a \u00faltimos de este mes de abril (concretamente el \u00faltimo fin de semana de abril),<\/span><span style=\"color: #000000;\">\u00a0<\/span><span style=\"color: #000000; font-size: medium;\"><strong>con la llegada de una masa de aire fr\u00edo y algunas precipitaciones<\/strong>.<\/span><span style=\"text-align: center;\">\u00a0<\/span><\/p>\n<p style=\"text-align: center;\"><img loading=\"lazy\" class=\"aligncenter\" title=\"Evoluci\u00f3n de las temperaturas a 500 hPa (5.500 metros), por el modelo GFS.\" src=\"\/\/nsae01.casimages.net\/img\/2013\/04\/19\/130419071638779776.gif\" alt=\"\" width=\"614\" height=\"410\" \/><\/p>\n<p><span style=\"color: #000000; font-size: medium;\">Todo lo que podr\u00eda ocurrir lo vemos muy bien representado en la animaci\u00f3n superior,<\/span><span style=\"color: #000000;\">\u00a0<\/span><span style=\"color: #000000; font-size: medium;\">donde se observa la evoluci\u00f3n de las temperaturas a 500 hPa (hectopascales), a unos 5.500 metros de altura (niveles medios-altos de la Troposfera)<\/span><span style=\"color: #000000; font-size: medium;\">. Como vemos, hacia el<\/span><span style=\"color: #000000;\">\u00a0<\/span><span style=\"color: #000000; font-size: medium;\">26-27 de abril, los modelos insin\u00faan lo que podr\u00eda ser <strong>el<\/strong><\/span><strong><span style=\"color: #000000;\">\u00a0<\/span><\/strong><span style=\"color: #000000; font-size: medium;\"><strong>descolgamiento de una importante masa de aire fr\u00edo en altura<\/strong> que, posteriormente,<\/span><span style=\"color: #000000;\">\u00a0<\/span><span style=\"color: #000000; font-size: medium;\"><strong>podr\u00eda derivar en una posible situaci\u00f3n de lluvias intensas<\/strong> hacia el este de la Pen\u00ednsula<\/span><span style=\"color: #000000; font-size: medium;\">.<\/span><\/p>\n<p><span style=\"font-size: medium; color: #000000;\">\u00c9sto es lo que se conoce con el nombre de <em><strong>DANA<\/strong><\/em> (<strong>D<\/strong>epresi\u00f3n <strong>A<\/strong>islada en<strong>\u00a0N<\/strong>iveles <strong>A<\/strong>ltos). Se trata de una <strong>borrasca en altura<\/strong>, que <strong>no tiene\u00a0mucho reflejo en superficie<\/strong> (no es muy visible en los mapas\u00a0isob\u00e1ricos), y que sufre <strong>un proceso de estrangulamiento, separaci\u00f3n y\u00a0desplazamiento hacia latitudes m\u00e1s bajas<\/strong>\u00a0(en este caso, desde el las Islas Brit\u00e1nicas, hasta la Pen\u00ednsula\u00a0Ib\u00e9rica). El proceso comienza con la formaci\u00f3n de una profunda\u00a0vaguada\u00a0(en forma de U), con una <strong>direcci\u00f3n norte-sur muy marcada<\/strong>. El hecho de que esta vaguada se estire tanto hacia el sur, provoca que por su parte central se acabe rompiendo (se estrangula), <strong>quedando aislada la parte sur de la vaguada<\/strong>, en forma de una <strong>burbuja de aire fr\u00edo<\/strong>, rodeada de masas de aire m\u00e1s c\u00e1lidas, y que <strong>queda casi a la <\/strong>&#8220;<strong>deriva<\/strong>&#8220;.<\/span><\/p>\n<p><span style=\"font-size: medium; color: #000000;\">A\u00fan es pronto para conocer perfectamente la evoluci\u00f3n posterior de esta burbuja de aire fr\u00edo, ya que en este tipo de situaciones, estas burbujas de are fr\u00edo al quedar aisladas, <strong>acostumbran a realizar movimientos err\u00e1ticos<\/strong>, muy poco habituales y, por tanto, <strong>muy\u00a0dif\u00edciles\u00a0de predecir por los modelos<\/strong>, por lo que va a ser una semana muy entretenida viendo c\u00f3mo evolucionan \u00e9stos.<\/span><\/p>\n<p><span style=\"color: #000000; font-size: medium;\">Los dos modelos m\u00e1s fiables del mundo en la actualidad, <strong>se muestran<\/strong><\/span><strong><span style=\"color: #000000;\">\u00a0<\/span><\/strong><span style=\"color: #000000; font-size: medium;\"><strong>muy parecidos entre s\u00ed<\/strong>, mostrando la situaci\u00f3n descrita anteriormente,<\/span><span style=\"color: #000000;\">\u00a0<\/span><span style=\"color: #000000; font-size: medium;\">por lo que las posibilidades de que este cambio de tiempo se acabe<\/span><span style=\"color: #000000;\">\u00a0<\/span><span style=\"color: #000000; font-size: medium;\">produciendo,<strong> son elevadas<\/strong>. No suelen coincidir demasiadas veces estos<\/span><span style=\"color: #000000;\">\u00a0<\/span><span style=\"color: #000000; font-size: medium;\">dos modelos (<strong><a href=\"http:\/\/es.wikipedia.org\/wiki\/Global_Forecast_System\" target=\"_blank\" rel=\"external nofollow\">GFS<\/a><\/strong> -americano- y <strong><a href=\"http:\/\/es.wikipedia.org\/wiki\/Centro_Europeo_de_Previsiones_Meteorol%C3%B3gicas_a_Plazo_Medio\" target=\"_blank\" rel=\"external nofollow\">ECMWF<\/a><\/strong> -europeo-), ya que habitualmente,<\/span><span style=\"color: #000000;\">\u00a0<\/span><span style=\"color: #000000; font-size: medium;\">uno muestra mapas muy distintos al otro (a medio-largo plazo). En cualquier caso, <strong>recordemos que estamos en primavera<\/strong>, y no s\u00f3lo la sangre altera, sino tambi\u00e9n el tiempo.<\/span><\/p>\n<p><span style=\"font-size: medium; color: #000000;\">As\u00ed que, de momento, <strong>en Extremadura con tiempo bastante tranquilo y temperaturas agradables<\/strong>, por lo menos hasta el pr\u00f3ximo fin de semana. Eso s\u00ed, la pr\u00f3xima semana, por las regiones del este peninsular, <strong>la situaci\u00f3n ya podr\u00eda empezar a complicarse<\/strong> de cara a mediados de semana, <strong>con la llegada de las primeras lluvias de cierta intensidad<\/strong>. Estaremos pendientes de c\u00f3mo evolucionan los modelos y de lo que finalmente acaba ocurriendo.<\/span><\/p>\n<p style=\"text-align: center;\"><strong><span style=\"color: #000000;\">Pod\u00e9is seguir la cuenta de Twitter de este blog en\u00a0<\/span><span style=\"color: #ff0000;\"><a title=\"@MeteoBadajoz\" href=\"https:\/\/twitter.com\/MeteoBadajoz\" rel=\"external nofollow\" target=\"_blank\"><span style=\"color: #ff0000;\">@MeteoBadajoz<\/span><\/a><\/span><span style=\"color: #000000;\">, donde estar\u00e9is totalmente informados en todo momento de c\u00f3mo evolucionan los d\u00edas, as\u00ed como de noticias de inter\u00e9s meteorol\u00f3gico.<\/span><\/strong><\/p>\n<p style=\"text-align: center;\"><span style=\"text-decoration: underline; color: #000000;\">\u00a0<strong>Si el art\u00edculo te ha parecido interesante, puedes ayudar a divulgarlo a trav\u00e9s de las redes sociales, con ayuda de los botones de compartir ubicados en la parte superior de este art\u00edculo, gracias.<\/strong><\/span><\/p>\n<div class=\"fb-like\" data-href=\"https:\/\/blogs.hoy.es\/meteobadajoz\/2013\/04\/19\/cambio-de-tiempo-para-finales-de-abril\/\" data-send=\"false\" data-layout=\"box_count\" data-width=\"450\" data-show-faces=\"false\"><\/div>\n<!-- AddThis Advanced Settings generic via filter on the_content --><!-- AddThis Share Buttons generic via filter on the_content -->","protected":false},"excerpt":{"rendered":"<p>La imagen superior ha sido tomada por el sat\u00e9lite Meteosat-10 en la tarde del\u00a0viernes 19 de abril de 2013, pero podr\u00eda ser la imagen de cualquiera de los \u00faltimos d\u00edas. Y es que llevamos varias jornadas con predominio de cielos poco nubosos, y\u00a0con\u00a0temperaturas\u00a0por encima de los umbrales propios de la \u00e9poca. Pero\u00a0cabe destacar que durante [&hellip;]<!-- AddThis Advanced Settings generic via filter on get_the_excerpt --><!-- AddThis Share Buttons generic via filter on get_the_excerpt --><\/p>\n","protected":false},"author":75,"featured_media":0,"comment_status":"open","ping_status":"closed","sticky":false,"template":"","format":"standard","meta":[],"categories":[4,5],"tags":[6,9,12,33,39,50,61,65,83,102,126,142],"_links":{"self":[{"href":"https:\/\/blogs.hoy.es\/meteobadajoz\/wp-json\/wp\/v2\/posts\/331"}],"collection":[{"href":"https:\/\/blogs.hoy.es\/meteobadajoz\/wp-json\/wp\/v2\/posts"}],"about":[{"href":"https:\/\/blogs.hoy.es\/meteobadajoz\/wp-json\/wp\/v2\/types\/post"}],"author":[{"embeddable":true,"href":"https:\/\/blogs.hoy.es\/meteobadajoz\/wp-json\/wp\/v2\/users\/75"}],"replies":[{"embeddable":true,"href":"https:\/\/blogs.hoy.es\/meteobadajoz\/wp-json\/wp\/v2\/comments?post=331"}],"version-history":[{"count":0,"href":"https:\/\/blogs.hoy.es\/meteobadajoz\/wp-json\/wp\/v2\/posts\/331\/revisions"}],"wp:attachment":[{"href":"https:\/\/blogs.hoy.es\/meteobadajoz\/wp-json\/wp\/v2\/media?parent=331"}],"wp:term":[{"taxonomy":"category","embeddable":true,"href":"https:\/\/blogs.hoy.es\/meteobadajoz\/wp-json\/wp\/v2\/categories?post=331"},{"taxonomy":"post_tag","embeddable":true,"href":"https:\/\/blogs.hoy.es\/meteobadajoz\/wp-json\/wp\/v2\/tags?post=331"}],"curies":[{"name":"wp","href":"https:\/\/api.w.org\/{rel}","templated":true}]}}