{"id":333,"date":"2013-04-21T20:36:56","date_gmt":"2013-04-21T18:36:56","guid":{"rendered":"http:\/\/blogs.hoy.es\/meteobadajoz\/?p=333"},"modified":"2013-04-21T20:36:56","modified_gmt":"2013-04-21T18:36:56","slug":"posible-dana-para-acabar-abril","status":"publish","type":"post","link":"https:\/\/blogs.hoy.es\/meteobadajoz\/2013\/04\/21\/posible-dana-para-acabar-abril\/","title":{"rendered":"Pendientes de una posible DANA para acabar abril"},"content":{"rendered":"<p><!-- AddThis Button BEGIN --><\/p>\n<div class=\"addthis_toolbox addthis_default_style \"><a class=\"addthis_button_facebook_like\" fb:like:layout=\"button_count\"><\/a><a class=\"addthis_button_tweet\"><\/a><a class=\"addthis_button_google_plusone\" g:plusone:size=\"medium\"><\/a><a class=\"addthis_counter addthis_pill_style\"><\/a><\/div>\n<p><!-- AddThis Button END --><\/p>\n<p><img loading=\"lazy\" class=\"aligncenter\" style=\"text-align: center;\" title=\"Evoluci\u00f3n de las temperaturas a 500 hPa, con el fin de ilustrar el proceso de formaci\u00f3n de la DANA - Modelo GFS\" src=\"\/\/nsae01.casimages.net\/img\/2013\/04\/21\/130421081808487009.gif\" alt=\"\" width=\"592\" height=\"394\" \/><\/p>\n<p><span style=\"color: #000000; font-size: medium;\">Como ya vimos en la <strong><span style=\"color: #ff0000;\"><a href=\"https:\/\/blogs.hoy.es\/meteobadajoz\/2013\/04\/19\/cambio-de-tiempo-para-finales-de-abril\/\" target=\"_blank\"><span style=\"color: #ff0000;\">\u00faltima entrada de este blog<\/span><\/a><\/span><\/strong>, los \u00faltimos d\u00edas\u00a0del presente mes de abril podr\u00edan caracterizarse por un claro\u00a0predominio de la inestabilidad en muchas zonas del pa\u00eds, provocado por\u00a0la llegada de una borrasca desde el norte de la Pen\u00ednsula.<\/span><\/p>\n<p><span style=\"color: #000000; font-size: medium;\">Volvemos a analizar la situaci\u00f3n que se nos presenta de cara a los\u00a0pr\u00f3ximos d\u00edas, porque\u00a0podr\u00edamos\u00a0tener, o no, bastantes precipitaciones\u00a0en varias zonas de la Pen\u00ednsula. Todo llegar\u00e1 de la mano de una\u00a0borrasca en altura, que se descolgar\u00e1 desde el entorno de las Islas\u00a0Brit\u00e1nicas, y que ir\u00e1 a parar muy cerca de la Pen\u00ednsula Ib\u00e9rica, para\u00a0finales de esta semana.<br \/>\n<!--more--><\/span><\/p>\n<p><span style=\"color: #000000; font-size: medium;\">Como ya se coment\u00f3, lo que vamos a\u00a0tener es la formaci\u00f3n de una <em><strong>DANA<\/strong><\/em> (<strong>D<\/strong>epresi\u00f3n <strong>A<\/strong>islada en <strong>N<\/strong>iveles\u00a0<strong>A<\/strong>ltos) o tambi\u00e9n conocido con el nombre de <strong>Gota Fr\u00eda <\/strong>(que es menos apropiado). No es m\u00e1s que un\u00a0embolsamiento de aire fr\u00edo, en niveles\u00a0medios-altos de la Troposfera, que <strong>provoca una situaci\u00f3n de lluvias\u00a0abundantes en determinadas zonas de nuestro pa\u00eds<\/strong> -habitualmente en zonas del Mediterr\u00e1neo-. (Ahora veremos las\u00a0dos situaciones m\u00e1s probables que podr\u00edan afectarnos para finales de\u00a0abril).<\/span><\/p>\n<p style=\"text-align: left;\"><span style=\"font-size: medium; color: #000000;\">En la animaci\u00f3n que encabeza esta nueva entrada, comprobamos perfectamente el proceso de formaci\u00f3n de la DANA. Todo comenzar\u00e1 en pocos d\u00edas, con la formaci\u00f3n de una vaguada (en\u00a0forma de U), que ser\u00e1 estirada hacia el sur, y por su parte central\u00a0acabar\u00e1 rompi\u00e9ndose, de forma que la parte sur quedar\u00e1 aislada en\u00a0forma de una burbuja de aire fr\u00edo. Esa burbuja quedar\u00e1 separada de su\u00a0lugar de origen (la vaguada), quedando a la &#8220;deriva&#8221;.<\/span><\/p>\n<p><span style=\"color: #000000; font-size: medium;\">Los modelos meteorol\u00f3gicos, a pesar de mostrarse bastante parecidos\u00a0durante los \u00faltimos d\u00edas, en algunas de sus actualizaciones muestran,\u00a0principalmente, dos escenarios posibles que podr\u00edan configurarse para\u00a0finales de abril. Son \u00e9stos:<\/span><\/p>\n<p style=\"text-align: center;\"><span style=\"text-decoration: underline;\"><span style=\"color: #000000; font-size: x-large; text-decoration: underline;\"><strong>\u00a0 \u00a0 1\u00ba escenario \u00a0 \u00a0<\/strong><\/span><\/span><\/p>\n<p style=\"text-align: center;\"><a href=\"http:\/\/nsae01.casimages.net\/img\/2013\/04\/21\/130421062125355725.png\" rel=\"external nofollow\"><img loading=\"lazy\" class=\"aligncenter\" title=\"1\u00ba escenario posible\" src=\"\/\/nsae01.casimages.net\/img\/2013\/04\/21\/130421062125355725.png\" alt=\"\" width=\"626\" height=\"442\" \/><\/a><\/p>\n<p><span style=\"color: #000000; font-size: medium;\">&#8211; En el primer escenario que podr\u00edamos tener, encontrar\u00edamos la\u00a0supuesta borrasca ubicada hacia el oeste o suroeste de la Pen\u00ednsula\u00a0Ib\u00e9rica (frente a Portugal o en las cercan\u00edas del Golfo de C\u00e1diz), impulsando vientos de suroeste muy h\u00famedos, quedando la parte m\u00e1s activa en cuanto a <strong>lluvias y tormentas ocupando\u00a0zonas del oeste y centro peninsular<\/strong>, y tambi\u00e9n con algunas\u00a0precipitaciones en bastantes zonas del pa\u00eds. Esta situaci\u00f3n puede resumirse en <strong>un tiempo muy inestable a nivel general<\/strong>.<\/span><\/p>\n<p style=\"text-align: center;\"><span style=\"text-decoration: underline; font-size: x-large;\"><span style=\"color: #000000; text-decoration: underline;\"><strong>\u00a0 \u00a0 2\u00ba escenario \u00a0 \u00a0<\/strong><\/span><\/span><\/p>\n<p style=\"text-align: center;\"><a href=\"http:\/\/nsae01.casimages.net\/img\/2013\/04\/21\/130421062347924054.png\" rel=\"external nofollow\"><img loading=\"lazy\" class=\"aligncenter\" title=\"2\u00ba escenario posible\" src=\"\/\/nsae01.casimages.net\/img\/2013\/04\/21\/130421062347924054.png\" alt=\"\" width=\"626\" height=\"442\" \/><\/a><\/p>\n<p><span style=\"color: #000000; font-size: medium;\">&#8211; En este posible segundo escenario, la situaci\u00f3n esperada consistir\u00eda\u00a0en que la borrasca ocupar\u00eda zonas del este peninsular, ubicada sobre\u00a0el Mediterr\u00e1neo, y dejando <strong>precipitaciones s\u00f3lo en las regiones del\u00a0levante<\/strong> (costa este peninsular e Islas Baleares). Mientras, en el resto de la Pen\u00ednsula, tan s\u00f3lo cabr\u00eda esperar la presencia de algunas nubes, precipitaciones d\u00e9biles e incluso nulas y, eso s\u00ed, <strong>un importante descenso de las temperaturas<\/strong>, debido a ese flujo de noroeste que se configurar\u00eda entre el anticicl\u00f3n de las Azores y la borrasca.<\/span><\/p>\n<p><span style=\"color: #000000; font-size: medium;\">De \u00e9stos dos escenarios representados anteriormente, <strong>el primero de\u00a0ellos ser\u00eda el m\u00e1s\u00a0lluvioso\u00a0en la Pen\u00ednsula<\/strong>, una situaci\u00f3n que nos\u00a0dejar\u00eda <strong>lluvias y tormentas de cierta entidad por zonas del centro y sur peninsular<\/strong>, extendi\u00e9ndose a otras zonas del tercio norte. El primer escenario es la t\u00edpica situaci\u00f3n de vientos de\u00a0sur y suroeste, muy h\u00famedos, y con presencia de fuertes contrastes\u00a0t\u00e9rmicos entre diferentes capas de la Troposfera (<strong>aire fr\u00edo en altura + cierto calor en superficie + humedad<\/strong>), lo que suele derivar en una situaci\u00f3n\u00a0de <strong>posibles tormentas<\/strong>.<\/span><\/p>\n<p><span style=\"color: #000000; font-size: medium;\">El otro d\u00eda tambi\u00e9n os comentaba que no estaba del todo clara la\u00a0posici\u00f3n\u00a0final de esta DANA (que acaba en borrasca con reflejo en\u00a0superficie), ya que acostumbran a realizar movimientos err\u00e1ticos,\u00a0<strong>dif\u00edciles de predecir<\/strong>. A d\u00eda de hoy a\u00fan no es fiable hablar de qu\u00e9\u00a0situaci\u00f3n acabar\u00e1 produci\u00e9ndose, aunque s\u00ed es cierto que \u00faltimamente los\u00a0modelos apuestan por ubicarla sobre la Pen\u00ednsula, quedando la zona m\u00e1s\u00a0activa sobre el este del pa\u00eds, por lo que <strong>por el oeste casi ni nos\u00a0enterar\u00edamos de este cambio de tiempo<\/strong> (s\u00f3lo con un importante descenso\u00a0t\u00e9rmico).<\/span><\/p>\n<p style=\"text-align: center;\"><a href=\"https:\/\/blogs.hoy.es\/meteobadajoz\/2013\/04\/21\/posible-dana-para-acabar-abril\/to-850-hpa-domingo-28-de-abril-de-2013-a-las-06h\/\" rel=\"attachment wp-att-335\"><img loading=\"lazy\" class=\"aligncenter  wp-image-335\" title=\"T\u00ba 850 hPa - Domingo 28 de abril de 2013, a las 06h\" src=\"\/meteobadajoz\/wp-content\/uploads\/sites\/68\/2013\/04\/T\u00ba-850-hPa-Domingo-28-de-abril-de-2013-a-las-06h.png\" alt=\"\" width=\"584\" height=\"387\" srcset=\"https:\/\/static-blogs.hoy.es\/wp-content\/uploads\/sites\/68\/2013\/04\/T\u00ba-850-hPa-Domingo-28-de-abril-de-2013-a-las-06h.png 773w, https:\/\/static-blogs.hoy.es\/wp-content\/uploads\/sites\/68\/2013\/04\/T\u00ba-850-hPa-Domingo-28-de-abril-de-2013-a-las-06h-300x199.png 300w, https:\/\/static-blogs.hoy.es\/wp-content\/uploads\/sites\/68\/2013\/04\/T\u00ba-850-hPa-Domingo-28-de-abril-de-2013-a-las-06h-768x509.png 768w\" sizes=\"(max-width: 584px) 100vw, 584px\" \/><\/a><\/p>\n<p><span style=\"font-size: medium; color: #000000;\">En cuanto a las temperaturas, como puede verse en el an\u00e1lisis superior (con el mapa de temperaturas a unos 1.500 metros de altura), entre el anticicl\u00f3n y la borrasca se producir\u00e1 un pasillo de vientos de componente norte-noroeste, que <strong>arrastrar\u00e1n una lengua de aire fr\u00edo desde el norte del continente Europeo<\/strong>. El momento que refleja el mapa superior (Domingo 28 de abril, a las 06h), la DANA la encontraremos entrando por el norte de la Pen\u00ednsula, pero mirad que apenas tiene reflejo en el mapa de isobaras (l\u00edneas blancas), s\u00f3lo vemos c\u00f3mo se profundiza ligeramente esa peque\u00f1a borrasca del norte de \u00c1frica y otra ubicada al norte de Italia, debido a que captan ese aire fr\u00edo en altura, y se reactivan.<\/span><\/p>\n<p><span style=\"font-size: medium; color: #000000;\">Las temperaturas bajar\u00e1n, y tambi\u00e9n las cotas de nieve, que podr\u00edan\u00a0descender\u00a0considerablemente en puntos de la meseta norte, por donde, a d\u00eda de hoy, se prev\u00e9n cotas muy bajas, pero\u00a0<strong>vuelvo\u00a0a insistir en que estamos hablando de plazos muy lejanos<\/strong>, de alrededor de una semana, y <strong>existe much\u00edsima incertidumbre<\/strong>. El siguiente mapa nos da una idea de las acumulaciones de nieve (tonos blancos y azulados) y la cota (l\u00edneas azules y valor), para el domingo 28 de abril, <span style=\"text-decoration: underline;\"><strong>OJO, poco fiable<\/strong><\/span>, a\u00fan pendiente de que se confirme.<\/span><\/p>\n<p style=\"text-align: center;\"><a href=\"https:\/\/blogs.hoy.es\/meteobadajoz\/2013\/04\/21\/posible-dana-para-acabar-abril\/gfs_pi_neve_162\/\" rel=\"attachment wp-att-336\"><img loading=\"lazy\" class=\"aligncenter  wp-image-336\" title=\"Acumulaci\u00f3n de nieve y cota para el domingo 28 de abril de 2013, a las 06h - Modelo GFS\" src=\"\/meteobadajoz\/wp-content\/uploads\/sites\/68\/2013\/04\/gfs_pi_neve_162.png\" alt=\"\" width=\"616\" height=\"462\" srcset=\"https:\/\/static-blogs.hoy.es\/wp-content\/uploads\/sites\/68\/2013\/04\/gfs_pi_neve_162.png 800w, https:\/\/static-blogs.hoy.es\/wp-content\/uploads\/sites\/68\/2013\/04\/gfs_pi_neve_162-300x225.png 300w, https:\/\/static-blogs.hoy.es\/wp-content\/uploads\/sites\/68\/2013\/04\/gfs_pi_neve_162-768x576.png 768w\" sizes=\"(max-width: 616px) 100vw, 616px\" \/><\/a><\/p>\n<p style=\"text-align: left;\"><span style=\"font-size: medium; color: #000000;\">As\u00ed que ya hemos visto que este mes de abril <strong style=\"color: #000000; font-size: medium;\">podr\u00eda despedirse de nosotros a lo grande<\/strong>, con la llegada de una nueva\u00a0borrasca\u00a0y un importante descenso de las temperaturas, e incluso con nieve en el norte y, quiz\u00e1s en zonas del centro. De momento, <strong>esta nueva semana se presenta soleada y con temperaturas que ir\u00e1n subiendo<\/strong>, hasta el viernes.<\/span><\/p>\n<p style=\"text-align: left;\"><span style=\"font-size: medium; color: #000000;\">Atentos a c\u00f3mo evoluciona esta situaci\u00f3n a lo largo de la semana, porque podr\u00eda ser el \u00faltimo episodio importante de fr\u00edo en la Pen\u00ednsula, lo iremos viendo.<\/span><\/p>\n<p style=\"text-align: center;\"><span style=\"color: #000000; font-size: medium;\"><strong>Pod\u00e9is seguir la cuenta de Twitter de este blog en\u00a0<span style=\"color: #ff0000;\"><a title=\"@MeteoBadajoz\" href=\"https:\/\/twitter.com\/MeteoBadajoz\" rel=\"external nofollow\" target=\"_blank\"><span style=\"color: #ff0000;\">@MeteoBadajoz<\/span><\/a><\/span>, donde estar\u00e9is totalmente informados en todo momento de c\u00f3mo evolucionan los d\u00edas, as\u00ed como de noticias de inter\u00e9s meteorol\u00f3gico.<\/strong><\/span><\/p>\n<p style=\"text-align: center;\"><span style=\"text-decoration: underline; color: #000000; font-size: medium;\">\u00a0<strong>Si el art\u00edculo te ha parecido interesante, puedes ayudar a divulgarlo a trav\u00e9s de las redes sociales, con ayuda de los botones de compartir ubicados en la parte superior de este art\u00edculo, gracias.<\/strong><\/span><\/p>\n<div class=\"fb-like\" data-href=\"https:\/\/blogs.hoy.es\/meteobadajoz\/2013\/04\/21\/posible-dana-para-acabar-abril\/\" data-send=\"false\" data-layout=\"box_count\" data-width=\"450\" data-show-faces=\"false\"><\/div>\n<!-- AddThis Advanced Settings generic via filter on the_content --><!-- AddThis Share Buttons generic via filter on the_content -->","protected":false},"excerpt":{"rendered":"<p>Como ya vimos en la \u00faltima entrada de este blog, los \u00faltimos d\u00edas\u00a0del presente mes de abril podr\u00edan caracterizarse por un claro\u00a0predominio de la inestabilidad en muchas zonas del pa\u00eds, provocado por\u00a0la llegada de una borrasca desde el norte de la Pen\u00ednsula. Volvemos a analizar la situaci\u00f3n que se nos presenta de cara a los\u00a0pr\u00f3ximos [&hellip;]<!-- AddThis Advanced Settings generic via filter on get_the_excerpt --><!-- AddThis Share Buttons generic via filter on get_the_excerpt --><\/p>\n","protected":false},"author":75,"featured_media":0,"comment_status":"open","ping_status":"closed","sticky":false,"template":"","format":"standard","meta":[],"categories":[4,5],"tags":[6,9,12,15,33,50,73,83,91,142,147],"_links":{"self":[{"href":"https:\/\/blogs.hoy.es\/meteobadajoz\/wp-json\/wp\/v2\/posts\/333"}],"collection":[{"href":"https:\/\/blogs.hoy.es\/meteobadajoz\/wp-json\/wp\/v2\/posts"}],"about":[{"href":"https:\/\/blogs.hoy.es\/meteobadajoz\/wp-json\/wp\/v2\/types\/post"}],"author":[{"embeddable":true,"href":"https:\/\/blogs.hoy.es\/meteobadajoz\/wp-json\/wp\/v2\/users\/75"}],"replies":[{"embeddable":true,"href":"https:\/\/blogs.hoy.es\/meteobadajoz\/wp-json\/wp\/v2\/comments?post=333"}],"version-history":[{"count":0,"href":"https:\/\/blogs.hoy.es\/meteobadajoz\/wp-json\/wp\/v2\/posts\/333\/revisions"}],"wp:attachment":[{"href":"https:\/\/blogs.hoy.es\/meteobadajoz\/wp-json\/wp\/v2\/media?parent=333"}],"wp:term":[{"taxonomy":"category","embeddable":true,"href":"https:\/\/blogs.hoy.es\/meteobadajoz\/wp-json\/wp\/v2\/categories?post=333"},{"taxonomy":"post_tag","embeddable":true,"href":"https:\/\/blogs.hoy.es\/meteobadajoz\/wp-json\/wp\/v2\/tags?post=333"}],"curies":[{"name":"wp","href":"https:\/\/api.w.org\/{rel}","templated":true}]}}