{"id":343,"date":"2013-04-25T21:24:27","date_gmt":"2013-04-25T19:24:27","guid":{"rendered":"http:\/\/blogs.hoy.es\/meteobadajoz\/?p=343"},"modified":"2013-04-25T21:24:27","modified_gmt":"2013-04-25T19:24:27","slug":"vuelve-el-invierno","status":"publish","type":"post","link":"https:\/\/blogs.hoy.es\/meteobadajoz\/2013\/04\/25\/vuelve-el-invierno\/","title":{"rendered":"Este fin de semana, volver\u00e1 el invierno&#8230;"},"content":{"rendered":"<p><!-- AddThis Button BEGIN --><\/p>\n<div class=\"addthis_toolbox addthis_default_style addthis_32x32_style\">\n<p><a class=\"addthis_button_preferred_1\"><\/a><\/p>\n<p><a class=\"addthis_button_preferred_2\"><\/a><\/p>\n<p><a class=\"addthis_button_preferred_3\"><\/a><\/p>\n<p><a class=\"addthis_button_preferred_4\"><\/a><\/p>\n<p><a class=\"addthis_button_compact\"><\/a><\/p>\n<p><a class=\"addthis_counter addthis_bubble_style\"><\/a><\/p>\n<\/div>\n<p><script type=\"text\/javascript\" src=\"\/\/s7.addthis.com\/js\/250\/addthis_widget.js#pubid=xa-4eb94f1130209787\"><\/script><\/p>\n<p><!-- AddThis Button END --><\/p>\n<p style=\"text-align: center;\"><a href=\"https:\/\/blogs.hoy.es\/meteobadajoz\/2013\/04\/25\/vuelve-el-invierno\/map\/\" rel=\"attachment wp-att-349\"><img loading=\"lazy\" class=\"aligncenter  wp-image-349\" title=\"Variaci\u00f3n de las temperaturas m\u00e1ximas previsto para el pr\u00f3ximo s\u00e1bado 27 de abril de 2013 - AEMET\" src=\"\/meteobadajoz\/wp-content\/uploads\/sites\/68\/2013\/04\/map.png\" alt=\"\" width=\"651\" height=\"353\" srcset=\"https:\/\/static-blogs.hoy.es\/wp-content\/uploads\/sites\/68\/2013\/04\/map.png 930w, https:\/\/static-blogs.hoy.es\/wp-content\/uploads\/sites\/68\/2013\/04\/map-300x163.png 300w, https:\/\/static-blogs.hoy.es\/wp-content\/uploads\/sites\/68\/2013\/04\/map-768x416.png 768w\" sizes=\"(max-width: 651px) 100vw, 651px\" \/><\/a><\/p>\n<p><span style=\"font-size: medium; color: #000000;\">Seguro que muchos ya hab\u00edan guardado la ropa de invierno,<\/span><span style=\"color: #000000;\">\u00a0<\/span><span style=\"font-size: medium; color: #000000;\">sobre todo despu\u00e9s de las temperaturas que hemos tenido durante las<\/span><span style=\"color: #000000;\">\u00a0<\/span><span style=\"font-size: medium; color: #000000;\">\u00faltimas semanas, incluso con valores por<\/span><span style=\"color: #000000;\">\u00a0<\/span><span style=\"font-size: medium; color: #000000;\">encima de los umbrales normales para la \u00e9poca. Pero, una vez m\u00e1s, la<\/span><span style=\"color: #000000;\">\u00a0<\/span><span style=\"font-size: medium; color: #000000;\">meteorolog\u00eda nos recuerda que seguimos en primavera, y aunque tengamos<\/span><span style=\"color: #000000;\">\u00a0<\/span><span style=\"font-size: medium; color: #000000;\">algunos episodios de calor, todav\u00eda son probables breves irrupciones<\/span><span style=\"color: #000000;\">\u00a0<\/span><span style=\"font-size: medium; color: #000000;\">de fr\u00edo. Y as\u00ed parece que va a ocurrir durante este pr\u00f3ximo fin de<\/span><span style=\"color: #000000;\">\u00a0<\/span><span style=\"font-size: medium; color: #000000;\">semana, ya que <strong>se producir\u00e1 un important\u00edsimo cambio de tiempo<\/strong> que<\/span><span style=\"color: #000000;\">\u00a0<\/span><span style=\"font-size: medium; color: #000000;\">afectar\u00e1 a toda la Pen\u00ednsula Ib\u00e9rica.<!--more--><\/span><\/p>\n<p><span style=\"font-size: medium; color: #000000;\">Como ya vimos en la entrada anterior, analizando la situaci\u00f3n prevista para finales del presente mes de abril, con la visita<\/span><span style=\"font-size: medium; color: #000000;\">\u00a0de una posible\u00a0<em><strong>DANA<\/strong><\/em> (<strong>D<\/strong>epresi\u00f3n <strong>A<\/strong>islada en <strong>N<\/strong>iveles <strong>A<\/strong>ltos), parece que finalmente, esa supuesta situaci\u00f3n <strong>podr\u00eda producirse<\/strong>. Ese embolsamiento de aire fr\u00edo entrar\u00e1 en las pr\u00f3ximas jornadas por el norte<\/span><span style=\"color: #000000;\">\u00a0<\/span><span style=\"font-size: medium; color: #000000;\">de la Pen\u00ednsula, provocando <strong>un descenso generalizado y muy acusado<\/strong><\/span><strong><span style=\"color: #000000;\">\u00a0<\/span><\/strong><span style=\"font-size: medium; color: #000000;\"><strong>de las temperaturas<\/strong>, tanto en los valores m\u00e1ximos como en las m\u00ednimas.<\/span><\/p>\n<p><span style=\"font-size: medium; color: #000000;\">Adem\u00e1s, propiciar\u00e1 la formaci\u00f3n de <strong>chubascos y algunas<\/strong><\/span><strong><span style=\"color: #000000;\">\u00a0<\/span><\/strong><span style=\"font-size: medium; color: #000000;\"><strong>tormentas<\/strong> que podr\u00e1n aparecer en varias zonas de la Pen\u00ednsula, sobre<\/span><span style=\"color: #000000;\">\u00a0<\/span><span style=\"font-size: medium; color: #000000;\">todo en zonas de monta\u00f1a, donde <strong>podr\u00edan ser de cierta intensidad<\/strong>.\u00a0<\/span><span style=\"font-size: medium; color: #000000;\">Para que se hagan una idea, este fin de semana, <strong>volveremos al invierno<\/strong><\/span><strong>\u00a0<\/strong><span style=\"font-size: medium; color: #000000;\"><strong>durante al menos 2 d\u00edas<\/strong>&#8230;<\/span><\/p>\n<p><span style=\"font-size: medium; color: #000000;\">Volvamos a analizar c\u00f3mo ocurrir\u00e1 todo seg\u00fan lo mostrado por lo<\/span><span style=\"color: #000000;\">\u00a0<\/span><span style=\"font-size: medium; color: #000000;\">modelos a d\u00eda de hoy. Los modelos contin\u00faan sin demasiados cambios, es<\/span><span style=\"color: #000000;\">\u00a0<\/span><span style=\"font-size: medium; color: #000000;\">decir, se sigue observando la <strong>formaci\u00f3n de una gran vaguada<\/strong> de aire<\/span><span style=\"color: #000000;\">\u00a0<\/span><span style=\"font-size: medium; color: #000000;\">muy fr\u00edo en niveles medios-altos de la Troposfera (en el mapa<\/span><span style=\"color: #000000;\">\u00a0<\/span><span style=\"font-size: medium; color: #000000;\">inferior: lengua de aire fr\u00edo en forma de U en la zona de Reino Unido), que se estirar\u00e1 hacia el<\/span><span style=\"color: #000000;\">\u00a0<\/span><span style=\"font-size: medium; color: #000000;\">sur de tal forma que \u00e9sta vaguada acabar\u00e1 rompi\u00e9ndose por su parte<\/span><span style=\"color: #000000;\">\u00a0<\/span><span style=\"font-size: medium; color: #000000;\">central, quedando la parte inferior aislada, en forma de un<\/span><span style=\"color: #000000;\">\u00a0<\/span><span style=\"font-size: medium; color: #000000;\"><strong>embolsamiento de aire fr\u00edo<\/strong>.<\/span><\/p>\n<p><span style=\"font-size: medium; color: #000000;\">A diferencia de estos \u00faltimos d\u00edas, ahora s\u00ed est\u00e1 m\u00e1s clara la<\/span><span style=\"color: #000000;\">\u00a0<\/span><span style=\"font-size: medium; color: #000000;\">posici\u00f3n final de esta bolsa de aire fr\u00edo tras aislarse de la<\/span><span style=\"color: #000000;\">\u00a0<\/span><span style=\"font-size: medium; color: #000000;\">vaguada. Todo parece indicar que entrar\u00e1 por el norte de la<\/span><span style=\"color: #000000;\">\u00a0<\/span><span style=\"font-size: medium; color: #000000;\">Pen\u00ednsula, y acabar\u00e1 ubicada <strong>sobre las<\/strong><\/span><strong><span style=\"color: #000000;\">\u00a0<\/span><\/strong><span style=\"font-size: medium; color: #000000;\"><strong>regiones del oeste peninsular<\/strong>. Los que vivimos por el oeste (Portugal,<\/span><span style=\"color: #000000;\">\u00a0<\/span><span style=\"font-size: medium; color: #000000;\">Extremadura, oeste de Andaluc\u00eda,&#8230;) no veremos gran cosa en cuanto a<\/span><span style=\"color: #000000;\">\u00a0<\/span><span style=\"font-size: medium; color: #000000;\">las precipitaciones, pero s\u00ed notaremos ese <strong>importante descenso<\/strong><\/span><strong><span style=\"color: #000000;\">\u00a0<\/span><\/strong><span style=\"font-size: medium; color: #000000;\"><strong>t\u00e9rmico<\/strong>. Por otras zonas de nuestro pa\u00eds s\u00ed veremos<\/span><span style=\"color: #000000;\">\u00a0<\/span><span style=\"font-size: medium; color: #000000;\">precipitaciones, e incluso puede que <strong>abundantes<\/strong>,<strong> muy generales<\/strong> y, de<\/span><span style=\"color: #000000;\">\u00a0<\/span><span style=\"font-size: medium; color: #000000;\">forma puntual, <strong>con cierta intensidad<\/strong>.<\/span><\/p>\n<p><span style=\"font-size: medium; color: #000000;\">Todo lo expresado anteriormente, lo vemos muy bien representado en la<\/span><span style=\"color: #000000;\">\u00a0<\/span><span style=\"font-size: medium; color: #000000;\">siguiente animaci\u00f3n de las temperaturas a 500 hPa (hectopascales), a<\/span><span style=\"color: #000000;\">\u00a0<\/span><span style=\"font-size: medium; color: #000000;\">unos 5.500 metros de altura, para observar la evoluci\u00f3n de este\u00a0<\/span><span style=\"font-size: medium; color: #000000;\">embolsamiento de aire fr\u00edo:<\/span><\/p>\n<p>&nbsp;<\/p>\n<p style=\"text-align: center;\"><a href=\"http:\/\/nsae01.casimages.net\/img\/2013\/04\/25\/130425072041104049.gif\" rel=\"external nofollow\"><img loading=\"lazy\" class=\"aligncenter\" title=\"Evoluci\u00f3n de la temperatura a 500 hPa (5.500 metros de altura) - Modelo GFS\" src=\"\/\/nsae01.casimages.net\/img\/2013\/04\/25\/130425072041104049.gif\" alt=\"\" width=\"622\" height=\"415\" \/><\/a><\/p>\n<p><span style=\"font-size: medium; color: #000000;\">Desde el punto de vista de los que nos gusta la meteorolog\u00eda, es muy curioso observar c\u00f3mo ese n\u00facleo de aire fr\u00edo en altura se separa de la vaguada, y queda <strong>al margen de la circulaci\u00f3n general<\/strong>. La circulaci\u00f3n general, son los vientos predominantes en cada hemisferio, que en nuestro caso, en el Hemisferio Norte, la circulaci\u00f3n general <strong>es de oeste a este<\/strong>, por eso (entre otras cosas), las borrascas normalmente llegan por el oeste.<\/span><\/p>\n<p><span style=\"font-size: medium; color: #000000;\">Es la vaguada la que s\u00ed sigue esa circulaci\u00f3n general, porque se va desplazando hacia el este, pero no ocurre lo mismo con ese embolsamiento de aire fr\u00edo, que durante unos d\u00edas queda casi <strong>a la deriva sobre nuestra Pen\u00ednsula<\/strong>. Casi al final de la animaci\u00f3n, podemos ver c\u00f3mo esa bolsa de aire fr\u00edo se <strong>reintegra en la circulaci\u00f3n general<\/strong> (recupera ese movimiento de oeste a este) ya que es absorbida por el acercamiento de otra vaguada.<\/span><\/p>\n<p><span style=\"font-size: medium; color: #000000;\">Tras aislarse el embolsamiento de aire fr\u00edo de su vaguada de origen, esta masa de aire fr\u00edo realizar\u00e1 un movimiento un tanto raro, ya que recorrer\u00e1 el oeste, sur y este de la Pen\u00ednsula, en una especie de <strong>movimiento giratorio sobre el centro-sur<\/strong> peninsular. Esto lo vemos muy bien en la siguiente animaci\u00f3n del mismo par\u00e1metro que la figura anterior, pero en este caso, con un encuadre de la Pen\u00ednsula Ib\u00e9rica, y con m\u00e1s resoluci\u00f3n:<\/span><\/p>\n<p style=\"text-align: center;\">\u00a0<a href=\"http:\/\/nsae01.casimages.net\/img\/2013\/04\/25\/130425072657921742.gif\" rel=\"external nofollow\"><img loading=\"lazy\" class=\"aligncenter\" title=\"Evoluci\u00f3n de la temperatura a 500 hPa (5.500 metros de altura) - Pen\u00ednsula Ib\u00e9rica -  Modelo GFS\" src=\"\/\/nsae01.casimages.net\/img\/2013\/04\/25\/130425072657921742.gif\" alt=\"\" width=\"605\" height=\"454\" \/><\/a><\/p>\n<p><span style=\"font-size: medium; color: #000000;\">Las consecuencias de la llegada de esta masa de aire fr\u00edo en altura, y tambi\u00e9n en capas m\u00e1s bajas de la Troposfera, se traducir\u00e1 en un <strong>descenso muy acusado de las temperaturas en toda la Pen\u00ednsula<\/strong>, que nos dejar\u00e1 valores m\u00e1ximos de unos 10 o 15\u00baC en el mejor de los casos, y volvi\u00e9ndose a registrar algunas <strong>heladas<\/strong>, sobre todo en zonas de sierra. En la imagen que encabeza esta entrada observamos la variaci\u00f3n de las temperaturas m\u00e1ximas para la jornada del s\u00e1bado, con respecto a la jornada anterior, el viernes. Como vemos, descenso important\u00edsimo en todo el centro y oeste de la Pen\u00ednsula, con <strong>hasta 8-10\u00baC menos que el viernes<\/strong>.<\/span><\/p>\n<p><span style=\"font-size: medium; color: #000000;\">Aqu\u00ed en Extremadura tambi\u00e9n notaremos ese descenso t\u00e9rmico. El descenso ser\u00e1 muy acusado sobre todo cuanto m\u00e1s al norte nos encontremos, pero se puede hablar de un <strong>descenso importante en pr\u00e1cticamente toda la regi\u00f3n<\/strong>.<\/span><\/p>\n<p><span style=\"font-size: medium; color: #000000;\">A continuaci\u00f3n, veamos la evoluci\u00f3n de las temperaturas m\u00e1ximas y m\u00ednimas previstas para los pr\u00f3ximos d\u00edas en tres ciudades\u00a0extreme\u00f1as: C\u00e1ceres, M\u00e9rida y Badajoz.<\/span><span style=\"text-align: center;\">\u00a0<\/span><\/p>\n<p style=\"text-align: center;\"><a href=\"https:\/\/blogs.hoy.es\/meteobadajoz\/2013\/04\/25\/vuelve-el-invierno\/evolucion-de-las-temperaturas-en-caceres\/\" rel=\"attachment wp-att-352\"><img loading=\"lazy\" class=\"aligncenter  wp-image-352\" title=\"Evoluci\u00f3n de las temperaturas en C\u00e1ceres\" src=\"\/meteobadajoz\/wp-content\/uploads\/sites\/68\/2013\/04\/Evoluci\u00f3n-de-las-temperaturas-en-C\u00e1ceres.png\" alt=\"\" width=\"561\" height=\"385\" srcset=\"https:\/\/static-blogs.hoy.es\/wp-content\/uploads\/sites\/68\/2013\/04\/Evoluci\u00f3n-de-las-temperaturas-en-C\u00e1ceres.png 935w, https:\/\/static-blogs.hoy.es\/wp-content\/uploads\/sites\/68\/2013\/04\/Evoluci\u00f3n-de-las-temperaturas-en-C\u00e1ceres-300x206.png 300w, https:\/\/static-blogs.hoy.es\/wp-content\/uploads\/sites\/68\/2013\/04\/Evoluci\u00f3n-de-las-temperaturas-en-C\u00e1ceres-768x527.png 768w\" sizes=\"(max-width: 561px) 100vw, 561px\" \/><\/a><\/p>\n<p style=\"text-align: center;\">\u00a0<a href=\"https:\/\/blogs.hoy.es\/meteobadajoz\/2013\/04\/25\/vuelve-el-invierno\/evolucion-de-las-temperaturas-en-merida\/\" rel=\"attachment wp-att-351\"><img loading=\"lazy\" class=\"aligncenter  wp-image-351\" title=\"Evoluci\u00f3n de las temperaturas en M\u00e9rida\" src=\"\/meteobadajoz\/wp-content\/uploads\/sites\/68\/2013\/04\/Evoluci\u00f3n-de-las-temperaturas-en-M\u00e9rida.png\" alt=\"\" width=\"567\" height=\"387\" srcset=\"https:\/\/static-blogs.hoy.es\/wp-content\/uploads\/sites\/68\/2013\/04\/Evoluci\u00f3n-de-las-temperaturas-en-M\u00e9rida.png 945w, https:\/\/static-blogs.hoy.es\/wp-content\/uploads\/sites\/68\/2013\/04\/Evoluci\u00f3n-de-las-temperaturas-en-M\u00e9rida-300x205.png 300w, https:\/\/static-blogs.hoy.es\/wp-content\/uploads\/sites\/68\/2013\/04\/Evoluci\u00f3n-de-las-temperaturas-en-M\u00e9rida-768x524.png 768w\" sizes=\"(max-width: 567px) 100vw, 567px\" \/><\/a><\/p>\n<p style=\"text-align: center;\">\u00a0<a href=\"https:\/\/blogs.hoy.es\/meteobadajoz\/2013\/04\/25\/vuelve-el-invierno\/evolucion-de-las-temperaturas-en-badajoz\/\" rel=\"attachment wp-att-350\"><img loading=\"lazy\" class=\"aligncenter  wp-image-350\" title=\"Evoluci\u00f3n de las temperaturas en Badajoz\" src=\"\/meteobadajoz\/wp-content\/uploads\/sites\/68\/2013\/04\/Evoluci\u00f3n-de-las-temperaturas-en-Badajoz.png\" alt=\"\" width=\"567\" height=\"383\" srcset=\"https:\/\/static-blogs.hoy.es\/wp-content\/uploads\/sites\/68\/2013\/04\/Evoluci\u00f3n-de-las-temperaturas-en-Badajoz.png 945w, https:\/\/static-blogs.hoy.es\/wp-content\/uploads\/sites\/68\/2013\/04\/Evoluci\u00f3n-de-las-temperaturas-en-Badajoz-300x203.png 300w, https:\/\/static-blogs.hoy.es\/wp-content\/uploads\/sites\/68\/2013\/04\/Evoluci\u00f3n-de-las-temperaturas-en-Badajoz-768x519.png 768w\" sizes=\"(max-width: 567px) 100vw, 567px\" \/><\/a><\/p>\n<p><span style=\"font-size: medium; color: #000000;\">Otra consecuencia de la llegada de este cambio de tiempo para el fin de semana ser\u00e1n las precipitaciones. Durante el viernes, ya veremos aparecer <strong>algunos chubascos y\/o tormentas<\/strong> en numerosas \u00e1reas monta\u00f1osas de la Pen\u00ednsula, fruto del acercamiento de esa masa de aire fr\u00edo en altura, al encontrarse con bastante calor sobre la Pen\u00ednsula (<strong>gran diferencia de temperaturas<\/strong> entre la superficie y los niveles medios-altos). Adem\u00e1s, ese aire fr\u00edo <strong>realimentar\u00e1 la borrasca<\/strong> que estos d\u00edas afecta a las regiones mediterr\u00e1neas, provocando un <strong>ambiente muy revuelto y con bastantes precipitaciones<\/strong> en muchas zonas de la Pen\u00ednsula. Ojo tambi\u00e9n a <strong>posibles granizadas<\/strong>, debido a la gran cantidad de aire fr\u00edo presente en todos los niveles de la Troposfera.<\/span><\/p>\n<p><span style=\"font-size: medium; color: #000000;\"><span>Durante el domingo y lunes pr\u00f3ximo, la borrasca en\u00a0superficie\u00a0estar\u00e1 ubicada al sureste de la Pen\u00ednsula,\u00a0inyectando\u00a0un <strong>flujo de vientos de componente este<\/strong>, que llegar\u00e1n desde el Mediterr\u00e1neo hasta el centro de la Pen\u00ednsula y, por tanto, <strong>cargados de abundante humedad<\/strong>. Los modelos muestran (durante el domingo y lunes) una especie de frente entrando por el este\u00a0peninsular y extendi\u00e9ndose a zonas del interior, <strong>con precipitaciones moderadas<\/strong>, aunque en \u00e9sto existen a\u00fan algunas dudas.<\/span><\/span><\/p>\n<p><span style=\"font-size: medium; color: #000000;\">Destacar\u00a0tambi\u00e9n\u00a0que, debido a que esa masa de aire fr\u00edo quedar\u00e1 basculando sobre nuestro pa\u00eds, es probable que esta inestabilidad nos <strong>acompa\u00f1e incluso durante la primera mitad de la pr\u00f3xima semana<\/strong>. As\u00ed que nos esperan varias jornadas marcadas por la presencia de chubascos y tormentas, que ser\u00e1n menos probables por el oeste y suroeste de la pen\u00ednsula.<\/span><\/p>\n<p>&nbsp;<\/p>\n<p style=\"text-align: center;\"><span style=\"font-size: x-large; color: #000000;\">Precipitaciones totales previstas por el modelo GFS<\/span><\/p>\n<p style=\"text-align: center;\"><a href=\"https:\/\/blogs.hoy.es\/meteobadajoz\/2013\/04\/25\/vuelve-el-invierno\/13050312_2_2512\/\" rel=\"attachment wp-att-353\"><img loading=\"lazy\" class=\"aligncenter  wp-image-353\" title=\"Precipitaciones totales previstas por el modelo GFS\" src=\"\/meteobadajoz\/wp-content\/uploads\/sites\/68\/2013\/04\/13050312_2_2512.gif\" alt=\"\" width=\"600\" height=\"440\" \/><\/a><\/p>\n<p style=\"text-align: left;\"><span style=\"font-size: medium; color: #000000;\">Tendremos que estar tambi\u00e9n <strong>muy pendientes de las posibles nevadas<\/strong>, ya que se junta por un lado la entrada de todo ese aire fr\u00edo desde el norte y, por otro, las precipitaciones que llegar\u00e1n de la mano de la borrasca. En lo referido a las nevadas, cabe destacar que las predicciones oficiales colocan la cota de nieve alrededor de los 900 metros en Extremadura, pero los modelos nos colocan <strong>una cota de nieve de unos 500-600 metros <\/strong>en toda la regi\u00f3n durante la noche del s\u00e1bado al domingo, e incluso de 400 metros por el norte de C\u00e1ceres, lo malo es que en ese momento la lluvia ser\u00eda m\u00e1s probable hacia el este de Extremadura, y de forma muy d\u00e9bil. A d\u00eda de hoy, la madrugada del s\u00e1bado al domingo podr\u00eda ser una noche de cielo despejado en muchas zonas de la regi\u00f3n, as\u00ed que podr\u00edan producirse algunas heladas.<\/span><\/p>\n<p style=\"text-align: left;\"><span style=\"font-size: medium; color: #000000;\">No obstante, ser\u00e1 muy interesante seguir la situaci\u00f3n que se podr\u00eda configurar <strong>en la noche del domingo al lunes<\/strong>, ya que ese frente que comentaba\u00a0<\/span><span style=\"font-size: medium; color: #000000;\">anteriormente que entrar\u00e1 por el este hacia el interior, <strong>podr\u00eda repartir nevadas por todo el interior peninsular<\/strong> a partir de unos 600-700 metros (como m\u00ednimo). El siguiente mapa lo refleja claramente:<\/span><\/p>\n<p style=\"text-align: center;\"><a href=\"https:\/\/blogs.hoy.es\/meteobadajoz\/2013\/04\/25\/vuelve-el-invierno\/gfs_pi_neve_090\/\" rel=\"attachment wp-att-348\"><img loading=\"lazy\" class=\"aligncenter  wp-image-348\" title=\"gfs_pi_neve_090\" src=\"\/meteobadajoz\/wp-content\/uploads\/sites\/68\/2013\/04\/gfs_pi_neve_090.png\" alt=\"\" width=\"640\" height=\"480\" srcset=\"https:\/\/static-blogs.hoy.es\/wp-content\/uploads\/sites\/68\/2013\/04\/gfs_pi_neve_090.png 800w, https:\/\/static-blogs.hoy.es\/wp-content\/uploads\/sites\/68\/2013\/04\/gfs_pi_neve_090-300x225.png 300w, https:\/\/static-blogs.hoy.es\/wp-content\/uploads\/sites\/68\/2013\/04\/gfs_pi_neve_090-768x576.png 768w\" sizes=\"(max-width: 640px) 100vw, 640px\" \/><\/a><\/p>\n<p><span style=\"font-size: medium; color: #000000;\">De todo lo contado anteriormente, lo que podemos destacar es que se nos presenta un <strong>fin de semana complicado<\/strong>, con la llegada de lluvias, tormentas, algunas granizadas, nevadas, fr\u00edo, algo de viento, y <strong>un ambiente en general muy inestable en la mayor parte del pa\u00eds<\/strong>. Este cambio de tiempo, en principio, s\u00f3lo durar\u00e1 unos d\u00edas, y el descenso importante de las temperaturas s\u00f3lo ser\u00e1 durante el fin de semana, ya que a lo largo de la pr\u00f3xima semana las temperaturas se ir\u00e1n recuperando lentamente.<\/span><\/p>\n<p><span style=\"font-size: medium; color: #000000;\">Por Extremadura, salvo los chubascos y\/o tormentas que puedan aparecer, y la posibilidad de algunas nevadas en cotas relativamente bajas, lo m\u00e1s destacable ser\u00e1 el descenso general de las temperaturas. Por el oeste y suroeste de la Pen\u00ednsula ser\u00e1 por donde menos llover\u00e1 en los pr\u00f3ximos d\u00edas.<\/span><\/p>\n<p><span style=\"font-size: medium; color: #000000;\">Ha sido una semana muy entretenida, con este\u00a0seguimiento exhaustivo\u00a0de los modelos que ya empezamos a analizar desde el pasado fin de semana, y parece que <strong>finalmente se dar\u00e1 la situaci\u00f3n esperada<\/strong>. S\u00f3lo queda seguir c\u00f3mo evoluciona \u00e9sto a trav\u00e9s de <strong>im\u00e1genes de sat\u00e9lite y radar<\/strong>, y tambi\u00e9n a trav\u00e9s de las <strong>redes sociales<\/strong>, donde os ir\u00e9 informando de todo lo que vaya ocurriendo en nuestra regi\u00f3n en lo referido al tiempo.<\/span><\/p>\n<p style=\"text-align: center;\"><span style=\"font-size: medium; color: #000000;\"><strong>Pod\u00e9is seguir la cuenta de Twitter de este blog en\u00a0<span style=\"color: #ff0000;\"><a title=\"@MeteoBadajoz\" href=\"https:\/\/twitter.com\/MeteoBadajoz\" rel=\"external nofollow\" target=\"_blank\"><span style=\"color: #ff0000;\">@MeteoBadajoz<\/span><\/a><\/span>, donde estar\u00e9is totalmente informados en todo momento de c\u00f3mo evolucionan los d\u00edas, as\u00ed como de noticias de inter\u00e9s meteorol\u00f3gico.<\/strong><\/span><\/p>\n<p style=\"text-align: center;\"><span style=\"text-decoration: underline; font-size: medium; color: #000000;\">\u00a0<strong>Si el art\u00edculo te ha parecido interesante, puedes ayudar a divulgarlo a trav\u00e9s de las redes sociales, con ayuda de los botones de compartir ubicados en la parte superior de este art\u00edculo, gracias.<\/strong><\/span><\/p>\n<p><span style=\"font-size: medium; color: #000000;\"><br \/>\n<\/span><\/p>\n<div class=\"fb-like\" data-href=\"https:\/\/blogs.hoy.es\/meteobadajoz\/2013\/04\/25\/vuelve-el-invierno\/\" data-send=\"false\" data-layout=\"box_count\" data-width=\"450\" data-show-faces=\"false\"><\/div>\n<!-- AddThis Advanced Settings generic via filter on the_content --><!-- AddThis Share Buttons generic via filter on the_content -->","protected":false},"excerpt":{"rendered":"<p>Seguro que muchos ya hab\u00edan guardado la ropa de invierno,\u00a0sobre todo despu\u00e9s de las temperaturas que hemos tenido durante las\u00a0\u00faltimas semanas, incluso con valores por\u00a0encima de los umbrales normales para la \u00e9poca. Pero, una vez m\u00e1s, la\u00a0meteorolog\u00eda nos recuerda que seguimos en primavera, y aunque tengamos\u00a0algunos episodios de calor, todav\u00eda son probables breves irrupciones\u00a0de fr\u00edo. [&hellip;]<!-- AddThis Advanced Settings generic via filter on get_the_excerpt --><!-- AddThis Share Buttons generic via filter on get_the_excerpt --><\/p>\n","protected":false},"author":75,"featured_media":0,"comment_status":"open","ping_status":"closed","sticky":false,"template":"","format":"standard","meta":[],"categories":[4,5],"tags":[6,9,12,33,50,76,83,91,102,106,108,142,147],"_links":{"self":[{"href":"https:\/\/blogs.hoy.es\/meteobadajoz\/wp-json\/wp\/v2\/posts\/343"}],"collection":[{"href":"https:\/\/blogs.hoy.es\/meteobadajoz\/wp-json\/wp\/v2\/posts"}],"about":[{"href":"https:\/\/blogs.hoy.es\/meteobadajoz\/wp-json\/wp\/v2\/types\/post"}],"author":[{"embeddable":true,"href":"https:\/\/blogs.hoy.es\/meteobadajoz\/wp-json\/wp\/v2\/users\/75"}],"replies":[{"embeddable":true,"href":"https:\/\/blogs.hoy.es\/meteobadajoz\/wp-json\/wp\/v2\/comments?post=343"}],"version-history":[{"count":0,"href":"https:\/\/blogs.hoy.es\/meteobadajoz\/wp-json\/wp\/v2\/posts\/343\/revisions"}],"wp:attachment":[{"href":"https:\/\/blogs.hoy.es\/meteobadajoz\/wp-json\/wp\/v2\/media?parent=343"}],"wp:term":[{"taxonomy":"category","embeddable":true,"href":"https:\/\/blogs.hoy.es\/meteobadajoz\/wp-json\/wp\/v2\/categories?post=343"},{"taxonomy":"post_tag","embeddable":true,"href":"https:\/\/blogs.hoy.es\/meteobadajoz\/wp-json\/wp\/v2\/tags?post=343"}],"curies":[{"name":"wp","href":"https:\/\/api.w.org\/{rel}","templated":true}]}}