{"id":359,"date":"2013-04-28T21:55:50","date_gmt":"2013-04-28T19:55:50","guid":{"rendered":"http:\/\/blogs.hoy.es\/meteobadajoz\/?p=359"},"modified":"2013-04-28T21:55:50","modified_gmt":"2013-04-28T19:55:50","slug":"nevadas-en-extremadura","status":"publish","type":"post","link":"https:\/\/blogs.hoy.es\/meteobadajoz\/2013\/04\/28\/nevadas-en-extremadura\/","title":{"rendered":"Nevadas de finales de abril en Extremadura"},"content":{"rendered":"<p><!-- AddThis Button BEGIN --><\/p>\n<div class=\"addthis_toolbox addthis_default_style \"><a class=\"addthis_button_facebook_like\" fb:like:layout=\"button_count\"><\/a><a class=\"addthis_button_tweet\"><\/a><a class=\"addthis_button_google_plusone\" g:plusone:size=\"medium\"><\/a><a class=\"addthis_counter addthis_pill_style\"><\/a><\/div>\n<p><!-- AddThis Button END --><\/p>\n<div style=\"text-align: center;\"><img loading=\"lazy\" class=\"aligncenter\" title=\"Nevada en Monesterio (Badajoz), en la ma\u00f1ana del domingo 28 de abril de 2013.\" src=\"\/\/nsae01.casimages.net\/img\/2013\/04\/28\/130428091010163875.png\" alt=\"\" width=\"649\" height=\"486\" \/><\/div>\n<p><span style=\"font-family: Helvetica Neue, Arial, Helvetica, sans-serif;\"><span style=\"color: black;\">Finalmente el esperado descenso de las temperaturas se ha producido en\u00a0gran parte de la Pen\u00ednsula, y \u00a1de qu\u00e9 manera!. Hace apenas dos d\u00edas\u00a0habl\u00e1bamos de temperaturas m\u00e1ximas que en muchos casos <strong>superaban\u00a0claramente la marca de los <span style=\"color: red;\">25\u00b0C<\/span><\/strong> en muchas zonas de Extremadura, e\u00a0incluso valores de hasta <span style=\"color: red;\"><strong>28\u00b0C<\/strong><\/span> en las Vegas bajas del Guadiana, el\u00a0pasado viernes. Y es que menudo cambio de tiempo hemos sufrido durante el fin de semana, la meteorolog\u00eda no\u00a0deja de sorprendernos.<\/span><\/span><\/p>\n<p><span style=\"color: black;\">Este domingo la situaci\u00f3n ha sido completamente diferente a la de d\u00edas\u00a0atr\u00e1s, la masa de aire fr\u00edo <strong>se ha extendido de norte a sur por todo el\u00a0pa\u00eds<\/strong> (excepto\u00a0en Canarias), y el embolsamiento de aire fr\u00edo en altura\u00a0ha sobrevolado literalmente los cielos de Extremadura durante toda la\u00a0jornada.<\/span><\/p>\n<p><!--more--><\/p>\n<p><span style=\"font-family: Helvetica Neue, Arial, Helvetica, sans-serif;\"><span style=\"color: black;\"><strong>Como dato:<\/strong> la temperatura este domingo a unos 5.500 metros de altitud\u00a0(niveles medios-altos de la Troposfera) ha sido inferior a <strong>\u00a1<span style=\"color: magenta;\">-30\u00b0C<\/span>!<\/strong>,\u00a0cuando lo normal ser\u00edan <strong>-10\u00b0C<\/strong> o <strong>-15\u00b0C<\/strong>, y aunque cre\u00e1is que una\u00a0temperatura tan baja a tanta altura no tiene consecuencias, <strong>las tiene<\/strong>.\u00a0\u00c9sta ser\u00eda una situaci\u00f3n m\u00e1s propia de los <strong>meses de invierno<\/strong>.<\/span><\/span><\/p>\n<p><span style=\"color: black;\">S\u00f3lo hay que ver el baj\u00f3n que han sufrido los term\u00f3metros durante el\u00a0fin de semana en gran parte del pa\u00eds. Durante el s\u00e1bado por la tarde, la\u00a0masa de aire fr\u00edo a\u00fan no hab\u00eda llegado a Extremadura, y ya not\u00e1bamos\u00a0un <strong>importante descenso t\u00e9rmico<\/strong>, que nos llev\u00f3 a valores <strong>muy por debajo\u00a0de los 25\u00b0C<\/strong>.<\/span><\/p>\n<div><\/div>\n<div>\n<p><a href=\"https:\/\/blogs.hoy.es\/meteobadajoz\/2013\/04\/28\/nevadas-en-extremadura\/bi4dwtecuaewt5t\/\" rel=\"attachment wp-att-365\"><img loading=\"lazy\" class=\"aligncenter size-full wp-image-365\" title=\"Temperaturas registradas en la jornada del s\u00e1bado a las 21:30h.\" src=\"\/meteobadajoz\/wp-content\/uploads\/sites\/68\/2013\/04\/BI4dWTECUAEwt5t.jpg\" alt=\"\" width=\"510\" height=\"635\" srcset=\"https:\/\/static-blogs.hoy.es\/wp-content\/uploads\/sites\/68\/2013\/04\/BI4dWTECUAEwt5t.jpg 510w, https:\/\/static-blogs.hoy.es\/wp-content\/uploads\/sites\/68\/2013\/04\/BI4dWTECUAEwt5t-241x300.jpg 241w\" sizes=\"(max-width: 510px) 100vw, 510px\" \/><\/a><\/p>\n<\/div>\n<div><span style=\"color: black; font-family: 'Helvetica Neue', Arial, Helvetica, sans-serif;\">El mapa superior corresponde a las temperaturas registradas el s\u00e1bado\u00a0a las 21:30h de la noche, por las estaciones de la red Meteoclimatic. Como se puede\u00a0observar, la masa de aire fr\u00edo empezaba a afectar a las comarcas del\u00a0norte, con valores cercanos e incluso por debajo de los <span style=\"color: blue;\"><strong>10\u00b0C<\/strong><\/span>, mientras que por el\u00a0centro y sur, a\u00fan nos encontr\u00e1bamos por encima de los <span style=\"color: lime;\"><strong>15\u00b0C<\/strong><\/span>.<\/span><\/div>\n<p><span style=\"color: black; font-family: 'Helvetica Neue', Arial, Helvetica, sans-serif;\">El paso de esta masa de aire fr\u00edo tambi\u00e9n ha provocado que <strong>el viento<\/strong>\u00a0sea uno de los grandes protagonistas en la regi\u00f3n, alcanzando rachas\u00a0de hasta <strong>\u00a181 km\/h! en Fuente de Cantos (Badajoz)<\/strong> y <strong>80 km\/h en\u00a0Valencia de Alc\u00e1ntara (C\u00e1ceres)<\/strong>. Estas son las\u00a0rachas m\u00e1s intensas de viento seg\u00fan datos de AEMET:<\/span><\/p>\n<div><\/div>\n<div>\n<p><a href=\"https:\/\/blogs.hoy.es\/meteobadajoz\/2013\/04\/28\/nevadas-en-extremadura\/captura-8\/\" rel=\"attachment wp-att-366\"><img loading=\"lazy\" class=\"aligncenter size-full wp-image-366\" title=\"Rachas m\u00e1ximas de viento en Extremadura, en la jornada del domingo 28 de abril de 2013 - AEMET.\" src=\"\/meteobadajoz\/wp-content\/uploads\/sites\/68\/2013\/04\/Captura3.png\" alt=\"\" width=\"635\" height=\"359\" srcset=\"https:\/\/static-blogs.hoy.es\/wp-content\/uploads\/sites\/68\/2013\/04\/Captura3.png 635w, https:\/\/static-blogs.hoy.es\/wp-content\/uploads\/sites\/68\/2013\/04\/Captura3-300x170.png 300w\" sizes=\"(max-width: 635px) 100vw, 635px\" \/><\/a><\/p>\n<p><span style=\"font-family: Helvetica Neue, Arial, Helvetica, sans-serif;\"><span style=\"color: black;\">En cuanto a las precipitaciones, como ya vimos en la entrada anterior\u00a0de este blog, por zonas del oeste y suroeste de la Pen\u00ednsula ser\u00eda por\u00a0donde <strong>menos llover\u00eda<\/strong>, y as\u00ed est\u00e1 siendo hasta el momento. No obstante,\u00a0durante las pasadas jornadas del viernes y s\u00e1bado, la\u00a0aparici\u00f3n\u00a0de\u00a0<strong>chubascos y tormentas por las sierras del norte de C\u00e1ceres<\/strong> fue uno de\u00a0los fen\u00f3menos m\u00e1s destacados del comienzo del fin de semana.<\/span><\/span><\/p>\n<p><span style=\"color: black;\">Pero lo que de verdad ha cobrado mayor importancia en el \u00e1mbito\u00a0meteorol\u00f3gico durante estas \u00faltimas horas, han sido las <strong>d\u00e9biles\u00a0nevadas<\/strong> que se han producido en algunas poblaciones del sur y sureste\u00a0de la provincia de Badajoz. Por estas zonas, en las primeras horas del\u00a0domingo, se ha juntando la aparici\u00f3n de <strong>d\u00e9biles precipitaciones<\/strong> justo\u00a0en los momentos en los que <strong>las temperaturas eran realmente bajas<\/strong>, de\u00a0apenas <span style=\"color: magenta;\"><strong>2-3\u00b0C<\/strong><\/span>. Adem\u00e1s, tambi\u00e9n se han producido <strong>desplomes puntuales de la cota<\/strong> debido al brusco descenso de la temperatura al producirse un chubasco.<\/span><\/p>\n<p><span style=\"color: black;\">Cogemos el caso m\u00e1s particular del domingo, el de Monesterio. Es curioso c\u00f3mo coincide el momento de m\u00e1xima intensidad de precipitaci\u00f3n, con el momento en el que m\u00e1s desciende la temperatura. Todo provocado por el arrastre de aire fr\u00edo desde capas m\u00e1s altas, en los instantes en los que llueve con m\u00e1s intensidad. Comparamos los datos de temperatura y los de precipitaci\u00f3n:<\/span><\/p>\n<\/div>\n<div style=\"text-align: center;\"><a href=\"https:\/\/blogs.hoy.es\/meteobadajoz\/2013\/04\/28\/nevadas-en-extremadura\/temp\/\" rel=\"attachment wp-att-368\"><img loading=\"lazy\" class=\"aligncenter  wp-image-368\" title=\"Temperaturas registradas en Monesterio (Badajoz) -AEMET.\" src=\"\/meteobadajoz\/wp-content\/uploads\/sites\/68\/2013\/04\/temp.png\" alt=\"\" width=\"630\" height=\"254\" srcset=\"https:\/\/static-blogs.hoy.es\/wp-content\/uploads\/sites\/68\/2013\/04\/temp.png 787w, https:\/\/static-blogs.hoy.es\/wp-content\/uploads\/sites\/68\/2013\/04\/temp-300x121.png 300w, https:\/\/static-blogs.hoy.es\/wp-content\/uploads\/sites\/68\/2013\/04\/temp-768x309.png 768w\" sizes=\"(max-width: 630px) 100vw, 630px\" \/><\/a><\/div>\n<div style=\"text-align: center;\"><a href=\"https:\/\/blogs.hoy.es\/meteobadajoz\/2013\/04\/28\/nevadas-en-extremadura\/prec-2\/\" rel=\"attachment wp-att-370\"><img loading=\"lazy\" class=\"aligncenter  wp-image-370\" title=\"Precipitaciones registradas en Monesterio (Badajoz) - AEMET.\" src=\"\/meteobadajoz\/wp-content\/uploads\/sites\/68\/2013\/04\/prec.1.png\" alt=\"\" width=\"634\" height=\"244\" srcset=\"https:\/\/static-blogs.hoy.es\/wp-content\/uploads\/sites\/68\/2013\/04\/prec.1.png 792w, https:\/\/static-blogs.hoy.es\/wp-content\/uploads\/sites\/68\/2013\/04\/prec.1-300x116.png 300w, https:\/\/static-blogs.hoy.es\/wp-content\/uploads\/sites\/68\/2013\/04\/prec.1-768x296.png 768w\" sizes=\"(max-width: 634px) 100vw, 634px\" \/><\/a><\/div>\n<p><span style=\"color: black; font-family: Helvetica Neue, Arial, Helvetica, sans-serif;\">Nevadas que eran esperadas, y que no han sido para nada destacables,\u00a0pero es una mera curiosidad, y a\u00fan m\u00e1s trat\u00e1ndose de <strong>finales de abril<\/strong>.\u00a0No hay demasiadas fotos de la nieve en el sur de la regi\u00f3n dado que no\u00a0han sido abundantes, pero si hay numerosos testimonios que afirman la\u00a0ocurrencia del &#8220;oro blanco&#8221;. Veamos algunas fotos de los \u00faltimos d\u00edas, que han llegado a\u00a0trav\u00e9s de <strong><a href=\"https:\/\/twitter.com\/MeteoBadajoz\" target=\"_blank\" rel=\"external nofollow\">Twitter<\/a><\/strong> y <strong><a href=\"https:\/\/www.facebook.com\/javier.pinerof\" target=\"_blank\" rel=\"external nofollow\">Facebook<\/a><\/strong>:<\/span><\/p>\n<div style=\"text-align: center;\"><a href=\"https:\/\/blogs.hoy.es\/meteobadajoz\/2013\/04\/28\/nevadas-en-extremadura\/imagen\/\" rel=\"attachment wp-att-363\"><img loading=\"lazy\" class=\"aligncenter  wp-image-363\" title=\"Nubes de evoluci\u00f3n (nubes de tormenta) vistas en la tarde del viernes 26 de abril de 2013 desde Valencia de Alc\u00e1ntara (C\u00e1ceres).\" src=\"\/meteobadajoz\/wp-content\/uploads\/sites\/68\/2013\/04\/Imagen.png\" alt=\"\" width=\"602\" height=\"402\" srcset=\"https:\/\/static-blogs.hoy.es\/wp-content\/uploads\/sites\/68\/2013\/04\/Imagen.png 956w, https:\/\/static-blogs.hoy.es\/wp-content\/uploads\/sites\/68\/2013\/04\/Imagen-300x201.png 300w, https:\/\/static-blogs.hoy.es\/wp-content\/uploads\/sites\/68\/2013\/04\/Imagen-768x513.png 768w\" sizes=\"(max-width: 602px) 100vw, 602px\" \/><\/a><\/div>\n<div style=\"text-align: left;\"><span style=\"color: black; font-family: Helvetica Neue, Arial, Helvetica, sans-serif;\">As\u00ed crecieron las <em>nubes de evoluci\u00f3n<\/em> (<strong>nubes de tormenta<\/strong>) en la tarde del viernes 26 de abril de 2013, desde Valencia de Alc\u00e1ntara (C\u00e1ceres). La jornada del viernes acab\u00f3 con <strong>chubascos y tormentas<\/strong> por todo el norte y este de Extremadura.<\/span><\/div>\n<div style=\"text-align: left;\"><span style=\"color: black; font-family: Helvetica Neue, Arial, Helvetica, sans-serif;\"><br \/>\n<\/span><\/div>\n<div style=\"text-align: center;\"><a href=\"https:\/\/blogs.hoy.es\/meteobadajoz\/2013\/04\/28\/nevadas-en-extremadura\/310996_10200283554310636_133944561_n\/\" rel=\"attachment wp-att-362\"><img loading=\"lazy\" class=\"aligncenter  wp-image-362\" title=\"Tormenta en Helechosa de los Montes (Badajoz), en la noche del viernes al s\u00e1bado (26-27 de abril 2013)\" src=\"\/meteobadajoz\/wp-content\/uploads\/sites\/68\/2013\/04\/310996_10200283554310636_133944561_n.png\" alt=\"\" width=\"576\" height=\"432\" srcset=\"https:\/\/static-blogs.hoy.es\/wp-content\/uploads\/sites\/68\/2013\/04\/310996_10200283554310636_133944561_n.png 640w, https:\/\/static-blogs.hoy.es\/wp-content\/uploads\/sites\/68\/2013\/04\/310996_10200283554310636_133944561_n-300x225.png 300w\" sizes=\"(max-width: 576px) 100vw, 576px\" \/><\/a><\/div>\n<div style=\"text-align: left;\"><span style=\"color: black; font-family: Helvetica Neue, Arial, Helvetica, sans-serif;\">Tormenta en <strong>Helechosa de los Montes (Badajoz)<\/strong>, en la noche del viernes al s\u00e1bado (26-27 de abril de 2013). Rayos, truenos, lluvia intensa, granizo, viento,&#8230; Juan Antonio recogi\u00f3\u00a0<strong>12\u00a0litros\/m\u00b2 en apenas 15 minutos<\/strong>! Viendo la escorrent\u00eda que bajaba por la calle, es evidente que fue una tormenta intensa.<\/span><\/div>\n<div style=\"text-align: left;\"><span style=\"color: black; font-family: Helvetica Neue, Arial, Helvetica, sans-serif;\"><br \/>\n<\/span><\/div>\n<div style=\"text-align: center;\"><a href=\"https:\/\/blogs.hoy.es\/meteobadajoz\/2013\/04\/28\/nevadas-en-extremadura\/524673_10200595595285326_1476386113_n\/\" rel=\"attachment wp-att-361\"><img loading=\"lazy\" class=\"aligncenter  wp-image-361\" title=\"524673_10200595595285326_1476386113_n\" src=\"\/meteobadajoz\/wp-content\/uploads\/sites\/68\/2013\/04\/524673_10200595595285326_1476386113_n.png\" alt=\"\" width=\"538\" height=\"403\" srcset=\"https:\/\/static-blogs.hoy.es\/wp-content\/uploads\/sites\/68\/2013\/04\/524673_10200595595285326_1476386113_n.png 640w, https:\/\/static-blogs.hoy.es\/wp-content\/uploads\/sites\/68\/2013\/04\/524673_10200595595285326_1476386113_n-300x225.png 300w\" sizes=\"(max-width: 538px) 100vw, 538px\" \/><\/a><\/div>\n<p><span style=\"font-family: Helvetica Neue, Arial, Helvetica, sans-serif;\"><span style=\"color: black;\">Aqu\u00ed observamos la abundante nubosidad que aparec\u00eda a lo largo del\u00a0domingo por las comarcas m\u00e1s orientales de la provincia de Badajoz. En\u00a0este caso, la foto es del compa\u00f1ero <strong>Manuel Gallardo Sevillano<\/strong>, desde\u00a0su localidad, Siruela (Badajoz). Por all\u00ed se han observado en la tarde del\u00a0domingo esas formaciones que vemos en la base de las nubes. Se conoce\u00a0con el nombre de &#8220;<strong><em>virgas<\/em><\/strong>&#8221; y no son m\u00e1s que cortinas de precipitaci\u00f3n\u00a0que no llegan a tocar el suelo, es decir, se evaporan a cierta altura.<\/span><\/span><\/p>\n<p><span style=\"font-family: Helvetica Neue, Arial, Helvetica, sans-serif;\"><span style=\"color: black;\">En el caso que nos ocupa, llegan a tocar\u00a0ligeramente\u00a0la\u00a0superficie y\u00a0son virgas de precipitaci\u00f3n en estado\u00a0l\u00edquido (cortinas de lluvia), pero un poco m\u00e1s arriba, son virgas de nieve&#8230; Esos filamentos m\u00e1s oscuros que vemos caer de la hube son precipitaciones en forma s\u00f3lida; <strong>la\u00a0nieve<\/strong>. Como vemos, esa nieve desaparece a cierta altura, porque se convierte\u00a0en lluvia o se evapora. Y es que a esas horas de la tarde la cota de nieve ya\u00a0hab\u00eda subido, y se situaba alrededor de los <strong>900 &#8211; 1.000 metros<\/strong>.<\/span><\/span><\/p>\n<div style=\"text-align: center;\"><img loading=\"lazy\" class=\"aligncenter\" title=\"Cortinas de lluvia en Alange (Badajoz), en la tarde del domingo 28 de abril de 2013.\" src=\"\/\/nsae01.casimages.net\/img\/2013\/04\/28\/130428074925982996.png\" alt=\"\" width=\"649\" height=\"441\" \/><\/div>\n<div style=\"text-align: left;\"><span style=\"color: black; font-family: Helvetica Neue, Arial, Helvetica, sans-serif;\">Espectacular imagen de estas cortinas de lluvia desde\u00a0<strong>Alange (Badajoz)<\/strong>, en la tarde del domingo 28 de abril de 2013. Como vemos tambi\u00e9n, el embalse de Alange\u00a0con un nivel bastante\u00a0bueno.<\/span><\/div>\n<div style=\"text-align: left;\"><span style=\"color: black; font-family: Helvetica Neue, Arial, Helvetica, sans-serif;\"><br \/>\n<\/span><\/div>\n<div style=\"text-align: center;\"><a href=\"https:\/\/blogs.hoy.es\/meteobadajoz\/2013\/04\/28\/nevadas-en-extremadura\/bi9ullzciae5ebg\/\" rel=\"attachment wp-att-364\"><img loading=\"lazy\" class=\"aligncenter  wp-image-364\" title=\"Cumulonimbo en Villafranca de los Barros (Badajoz), en la tarde del domingo 28 de abril de 2013.\" src=\"\/meteobadajoz\/wp-content\/uploads\/sites\/68\/2013\/04\/BI9UlLZCIAE5EBG.png\" alt=\"\" width=\"608\" height=\"342\" srcset=\"https:\/\/static-blogs.hoy.es\/wp-content\/uploads\/sites\/68\/2013\/04\/BI9UlLZCIAE5EBG.png 1024w, https:\/\/static-blogs.hoy.es\/wp-content\/uploads\/sites\/68\/2013\/04\/BI9UlLZCIAE5EBG-300x169.png 300w, https:\/\/static-blogs.hoy.es\/wp-content\/uploads\/sites\/68\/2013\/04\/BI9UlLZCIAE5EBG-768x432.png 768w\" sizes=\"(max-width: 608px) 100vw, 608px\" \/><\/a><\/div>\n<div style=\"text-align: left;\"><span style=\"color: black; font-family: Helvetica Neue, Arial, Helvetica, sans-serif;\">M\u00e1s nubes de tormenta, en este caso desde <strong style=\"color: black;\">Villafranca de los Barros (Badajoz)<\/strong>, en la tarde del domingo 28 de abril de 2013. Este tipo de nubes, en meteorolog\u00eda se conoce con el nombre de &#8220;<strong style=\"color: black;\"><em>Cumulonimbo<\/em><\/strong>&#8220;. Se caracterizan por su peculiar <strong>aspecto tormentoso<\/strong>, con una base <strong>muy oscura y amenazante<\/strong>. Seg\u00fan el autor de la foto, este chubascos dej\u00f3 una peque\u00f1a <strong>granizada<\/strong> y <strong>mucha lluvia en pocos\u00a0minutos<\/strong>.<\/span><\/div>\n<div style=\"text-align: left;\"><span style=\"color: black; font-family: Helvetica Neue, Arial, Helvetica, sans-serif;\"><br \/>\n<\/span><\/div>\n<div style=\"text-align: center;\"><a href=\"https:\/\/blogs.hoy.es\/meteobadajoz\/2013\/04\/28\/nevadas-en-extremadura\/bi9dtorccaeub5b\/\" rel=\"attachment wp-att-367\"><img loading=\"lazy\" class=\"aligncenter  wp-image-367\" title=\"Nubes tormentosas desde Zafra (Badajoz), en la tarde del domingo 28 de abril de 2013.\" src=\"\/meteobadajoz\/wp-content\/uploads\/sites\/68\/2013\/04\/BI9dTorCcAEub5B.png\" alt=\"\" width=\"614\" height=\"463\" srcset=\"https:\/\/static-blogs.hoy.es\/wp-content\/uploads\/sites\/68\/2013\/04\/BI9dTorCcAEub5B.png 1024w, https:\/\/static-blogs.hoy.es\/wp-content\/uploads\/sites\/68\/2013\/04\/BI9dTorCcAEub5B-300x226.png 300w, https:\/\/static-blogs.hoy.es\/wp-content\/uploads\/sites\/68\/2013\/04\/BI9dTorCcAEub5B-768x578.png 768w\" sizes=\"(max-width: 614px) 100vw, 614px\" \/><\/a><\/div>\n<div style=\"text-align: left;\"><span style=\"color: black; font-family: Helvetica Neue, Arial, Helvetica, sans-serif;\"><strong>Nubes tormentosas<\/strong> desde Zafra (Badajoz), en la tarde del domingo 28 de abril de 2013. Otra muestra m\u00e1s de los chubascos que se han formado en la tarde del domingo por todo el centro de la regi\u00f3n.<\/span><\/div>\n<div style=\"text-align: left;\"><\/div>\n<div style=\"text-align: left;\"><\/div>\n<div style=\"text-align: left;\"><span style=\"color: #000000;\"><span style=\"font-family: 'Helvetica Neue', Arial, Helvetica, sans-serif;\">La tendencia para los pr\u00f3ximos d\u00edas es que <\/span><strong style=\"font-family: 'Helvetica Neue', Arial, Helvetica, sans-serif;\">la inestabilidad nos siga\u00a0acompa\u00f1ando<\/strong><span style=\"font-family: 'Helvetica Neue', Arial, Helvetica, sans-serif;\">, al menos hasta el fin de semana, aunque no va a estar a todas horas lloviendo, ser\u00e1n <\/span><strong style=\"font-family: 'Helvetica Neue', Arial, Helvetica, sans-serif;\">chubascos y\/o\u00a0tormentas<\/strong><span style=\"font-family: 'Helvetica Neue', Arial, Helvetica, sans-serif;\">\u00a0que aparecer\u00e1n sobre todo por la tarde, asociados a zonas monta\u00f1osas, pero que podr\u00edan\u00a0extenderse\u00a0a zonas llanas. Eso s\u00ed, con temperaturas que poco a poco ir\u00e1n\u00a0subiendo, hasta recuperar valores cercanos e incluso por encima de los 20\u00b0C.<\/span><\/span><\/div>\n<div style=\"text-align: left;\"><\/div>\n<div style=\"text-align: left;\"><\/div>\n<div style=\"text-align: center;\"><span style=\"color: black; font-family: Helvetica Neue, Arial, Helvetica, sans-serif; font-size: small;\"><strong>Puedes seguir la cuenta de Twitter de este blog en <span style=\"color: red;\"><a href=\"https:\/\/twitter.com\/MeteoBadajoz\" target=\"_blank\" rel=\"external nofollow\"><span style=\"color: red;\">@MeteoBadajoz<\/span><\/a><\/span>, donde estar\u00e1s totalmente informados en todo momento de c\u00f3mo evolucionan los d\u00edas, as\u00ed como de noticias de inter\u00e9s meteorol\u00f3gico.<\/strong><\/span><\/div>\n<div style=\"text-align: center;\"><span style=\"color: black; font-family: Helvetica Neue, Arial, Helvetica, sans-serif; font-size: small;\"><strong><br \/>\n<\/strong><\/span><\/div>\n<div style=\"text-align: center;\"><span style=\"color: black; font-family: Helvetica Neue, Arial, Helvetica, sans-serif; font-size: small; text-decoration: underline;\"><strong>Si el art\u00edculo te ha parecido interesante, puedes ayudar a divulgarlo a trav\u00e9s de las redes sociales, con ayuda de los botones para compartir.<\/strong><\/span><\/div>\n<div style=\"text-align: center;\"><span style=\"color: black; font-family: Helvetica Neue, Arial, Helvetica, sans-serif; font-size: small; text-decoration: underline;\"><strong><br \/>\n<\/strong><\/span><\/div>\n<div style=\"text-align: center;\"><span style=\"color: black; font-family: Helvetica Neue, Arial, Helvetica, sans-serif; font-size: small;\"><strong>\u00a1\u00a1Gracias!!<\/strong><\/span><\/div>\n<p><!-- AddThis Button BEGIN --><\/p>\n<div class=\"addthis_toolbox addthis_default_style \"><a class=\"addthis_button_facebook_like\" fb:like:layout=\"button_count\"><\/a><a class=\"addthis_button_tweet\"><\/a><a class=\"addthis_button_google_plusone\" g:plusone:size=\"medium\"><\/a><a class=\"addthis_counter addthis_pill_style\"><\/a><\/div>\n<p><!-- AddThis Button END --><\/p>\n<!-- AddThis Advanced Settings generic via filter on the_content --><!-- AddThis Share Buttons generic via filter on the_content -->","protected":false},"excerpt":{"rendered":"<p>Finalmente el esperado descenso de las temperaturas se ha producido en\u00a0gran parte de la Pen\u00ednsula, y \u00a1de qu\u00e9 manera!. Hace apenas dos d\u00edas\u00a0habl\u00e1bamos de temperaturas m\u00e1ximas que en muchos casos superaban\u00a0claramente la marca de los 25\u00b0C en muchas zonas de Extremadura, e\u00a0incluso valores de hasta 28\u00b0C en las Vegas bajas del Guadiana, el\u00a0pasado viernes. Y [&hellip;]<!-- AddThis Advanced Settings generic via filter on get_the_excerpt --><!-- AddThis Share Buttons generic via filter on get_the_excerpt --><\/p>\n","protected":false},"author":75,"featured_media":0,"comment_status":"open","ping_status":"closed","sticky":false,"template":"","format":"standard","meta":[],"categories":[4,5],"tags":[6,9,12,33,76,83,91,106,108,143],"_links":{"self":[{"href":"https:\/\/blogs.hoy.es\/meteobadajoz\/wp-json\/wp\/v2\/posts\/359"}],"collection":[{"href":"https:\/\/blogs.hoy.es\/meteobadajoz\/wp-json\/wp\/v2\/posts"}],"about":[{"href":"https:\/\/blogs.hoy.es\/meteobadajoz\/wp-json\/wp\/v2\/types\/post"}],"author":[{"embeddable":true,"href":"https:\/\/blogs.hoy.es\/meteobadajoz\/wp-json\/wp\/v2\/users\/75"}],"replies":[{"embeddable":true,"href":"https:\/\/blogs.hoy.es\/meteobadajoz\/wp-json\/wp\/v2\/comments?post=359"}],"version-history":[{"count":0,"href":"https:\/\/blogs.hoy.es\/meteobadajoz\/wp-json\/wp\/v2\/posts\/359\/revisions"}],"wp:attachment":[{"href":"https:\/\/blogs.hoy.es\/meteobadajoz\/wp-json\/wp\/v2\/media?parent=359"}],"wp:term":[{"taxonomy":"category","embeddable":true,"href":"https:\/\/blogs.hoy.es\/meteobadajoz\/wp-json\/wp\/v2\/categories?post=359"},{"taxonomy":"post_tag","embeddable":true,"href":"https:\/\/blogs.hoy.es\/meteobadajoz\/wp-json\/wp\/v2\/tags?post=359"}],"curies":[{"name":"wp","href":"https:\/\/api.w.org\/{rel}","templated":true}]}}