{"id":36,"date":"2012-10-24T19:39:00","date_gmt":"2012-10-24T19:39:00","guid":{"rendered":"http:\/\/blogs.hoy.es\/meteobadajoz\/2012\/10\/24\/precioso-cumulo-congestu-con-pileus-en-badajoz\/"},"modified":"2012-10-24T19:39:00","modified_gmt":"2012-10-24T19:39:00","slug":"precioso-cumulo-congestu-con-pileus-en-badajoz","status":"publish","type":"post","link":"https:\/\/blogs.hoy.es\/meteobadajoz\/2012\/10\/24\/precioso-cumulo-congestu-con-pileus-en-badajoz\/","title":{"rendered":"Precioso C\u00famulo congestu con pileus en Badajoz."},"content":{"rendered":"<div style=\"clear: both;text-align: center\"><\/div>\n<div style=\"clear: both;text-align: center\"><a href=\"http:\/\/2.bp.blogspot.com\/-fETylx6TOEI\/UIhDROQ3-_I\/AAAAAAAADmM\/MJ7RuJ_Hwvk\/s1600\/FaHqFHzg5irhh.png\" rel=\"external nofollow\"><img loading=\"lazy\" border=\"0\" height=\"366\" src=\"\/\/2.bp.blogspot.com\/-fETylx6TOEI\/UIhDROQ3-_I\/AAAAAAAADmM\/MJ7RuJ_Hwvk\/s1600\/FaHqFHzg5irhh.png\" width=\"640\" \/><\/a><\/div>\n<div style=\"text-align: center\"><span style=\"font-family: Helvetica Neue, Arial, Helvetica, sans-serif\"><b>Imagen visible del Meteosat-9 al atardecer en la pen\u00ednsula Ib\u00e9rica.<\/b><\/span><\/div>\n<p><span style=\"font-family: Helvetica Neue, Arial, Helvetica, sans-serif\">Muy buenas tardes, la jornada comenzaba con cielo cubierto y precipitaciones d\u00e9biles, pero a medida que avanzaba la ma\u00f1ana, hacia las 11h de la ma\u00f1ana, las precipitaciones se fueron intensificando desde las comarcas m\u00e1s occidentales d la regi\u00f3n. En Badajoz capital se han recogido alrededor de <b><span style=\"color: cyan\">6 litros\/m2<\/span><\/b> (o 6 mm, que es lo mismo).<\/span><br \/><span style=\"font-family: Helvetica Neue, Arial, Helvetica, sans-serif\"><\/span><br \/><a name='more'><\/a><span style=\"font-family: Helvetica Neue, Arial, Helvetica, sans-serif\">En otros sitios de la regi\u00f3n, seg\u00fan datos de AEMET, en Fregenal de la Sierra (Badajoz) han ca\u00eddo <b><span style=\"color: cyan\">27.6 mm<\/span><\/b>, y en Barcarrota (Badajoz) <b><span style=\"color: cyan\">20.8 mm<\/span><\/b> \u00a1No est\u00e1 mal! Mientras, en la\u00a0provincia de C\u00e1ceres, las cantidades m\u00e1s importantes de momento son los <b><span style=\"color: cyan\">16.2 mm<\/span><\/b> de Nu\u00f1omoral, o los <b><span style=\"color: cyan\">15.8 mm<\/span><\/b> de Valverde del Fresno.<\/span><br \/><span style=\"font-family: Helvetica Neue, Arial, Helvetica, sans-serif\"><br \/><\/span><span style=\"font-family: Helvetica Neue, Arial, Helvetica, sans-serif\">Tras el paso del frente se abrieron grandes claros y lleg\u00f3 el aire fr\u00edo, que\u00a0reactiv\u00f3\u00a0algunos\u00a0chubascos por el interior de Portugal que amenazaban con afectar al oeste de la regi\u00f3n.<\/span><br \/><span style=\"font-family: Helvetica Neue, Arial, Helvetica, sans-serif\">Y os dejo con las fotos de hoy, que son las protagonistas! <b>\u00a1UNA PASADA DE NUBES!<\/b><\/span><br \/><span style=\"font-family: Helvetica Neue, Arial, Helvetica, sans-serif\"><br \/><\/span><\/p>\n<div style=\"clear: both;text-align: center\"><a href=\"http:\/\/4.bp.blogspot.com\/-zh41sjvk1pU\/UIg5BrTZJ0I\/AAAAAAAADk8\/2pXJXrRIVjE\/s1600\/DSCF6609.JPG\" rel=\"external nofollow\"><img loading=\"lazy\" border=\"0\" height=\"426\" src=\"\/\/4.bp.blogspot.com\/-zh41sjvk1pU\/UIg5BrTZJ0I\/AAAAAAAADk8\/2pXJXrRIVjE\/s1600\/DSCF6609.JPG\" width=\"640\" \/><\/a><\/div>\n<div style=\"clear: both;text-align: center\"><a href=\"http:\/\/3.bp.blogspot.com\/-AcXASkfgtm4\/UIg5Dx_adWI\/AAAAAAAADlE\/FKMorre8t48\/s1600\/DSCF6610.JPG\" rel=\"external nofollow\"><img loading=\"lazy\" border=\"0\" height=\"426\" src=\"\/\/3.bp.blogspot.com\/-AcXASkfgtm4\/UIg5Dx_adWI\/AAAAAAAADlE\/FKMorre8t48\/s1600\/DSCF6610.JPG\" width=\"640\" \/><\/a><\/div>\n<div style=\"clear: both;text-align: center\"><a href=\"http:\/\/1.bp.blogspot.com\/-TLOJHPX4jAI\/UIg5GMZ6ddI\/AAAAAAAADlM\/tonjd8JgcT4\/s1600\/DSCF6611.JPG\" rel=\"external nofollow\"><img loading=\"lazy\" border=\"0\" height=\"426\" src=\"\/\/1.bp.blogspot.com\/-TLOJHPX4jAI\/UIg5GMZ6ddI\/AAAAAAAADlM\/tonjd8JgcT4\/s1600\/DSCF6611.JPG\" width=\"640\" \/><\/a><\/div>\n<p><span style=\"font-family: Helvetica Neue, Arial, Helvetica, sans-serif\"><br \/><\/span><span style=\"font-family: Helvetica Neue, Arial, Helvetica, sans-serif\">Un saludo!<\/span><\/p>\n<!-- AddThis Advanced Settings generic via filter on the_content --><!-- AddThis Share Buttons generic via filter on the_content -->","protected":false},"excerpt":{"rendered":"<p>Imagen visible del Meteosat-9 al atardecer en la pen\u00ednsula Ib\u00e9rica. Muy buenas tardes, la jornada comenzaba con cielo cubierto y precipitaciones d\u00e9biles, pero a medida que avanzaba la ma\u00f1ana, hacia las 11h de la ma\u00f1ana, las precipitaciones se fueron intensificando desde las comarcas m\u00e1s occidentales d la regi\u00f3n. En Badajoz capital se han recogido alrededor [&hellip;]<!-- AddThis Advanced Settings generic via filter on get_the_excerpt --><!-- AddThis Share Buttons generic via filter on get_the_excerpt --><\/p>\n","protected":false},"author":3,"featured_media":0,"comment_status":"open","ping_status":"closed","sticky":false,"template":"","format":"standard","meta":[],"categories":[3],"tags":[],"_links":{"self":[{"href":"https:\/\/blogs.hoy.es\/meteobadajoz\/wp-json\/wp\/v2\/posts\/36"}],"collection":[{"href":"https:\/\/blogs.hoy.es\/meteobadajoz\/wp-json\/wp\/v2\/posts"}],"about":[{"href":"https:\/\/blogs.hoy.es\/meteobadajoz\/wp-json\/wp\/v2\/types\/post"}],"author":[{"embeddable":true,"href":"https:\/\/blogs.hoy.es\/meteobadajoz\/wp-json\/wp\/v2\/users\/3"}],"replies":[{"embeddable":true,"href":"https:\/\/blogs.hoy.es\/meteobadajoz\/wp-json\/wp\/v2\/comments?post=36"}],"version-history":[{"count":0,"href":"https:\/\/blogs.hoy.es\/meteobadajoz\/wp-json\/wp\/v2\/posts\/36\/revisions"}],"wp:attachment":[{"href":"https:\/\/blogs.hoy.es\/meteobadajoz\/wp-json\/wp\/v2\/media?parent=36"}],"wp:term":[{"taxonomy":"category","embeddable":true,"href":"https:\/\/blogs.hoy.es\/meteobadajoz\/wp-json\/wp\/v2\/categories?post=36"},{"taxonomy":"post_tag","embeddable":true,"href":"https:\/\/blogs.hoy.es\/meteobadajoz\/wp-json\/wp\/v2\/tags?post=36"}],"curies":[{"name":"wp","href":"https:\/\/api.w.org\/{rel}","templated":true}]}}