{"id":37,"date":"2012-10-23T19:31:00","date_gmt":"2012-10-23T19:31:00","guid":{"rendered":"http:\/\/blogs.hoy.es\/meteobadajoz\/2012\/10\/23\/siguiendo-a-la-borrasca-atlantica-desde-los-satelites\/"},"modified":"2012-10-23T19:31:00","modified_gmt":"2012-10-23T19:31:00","slug":"siguiendo-a-la-borrasca-atlantica-desde-los-satelites","status":"publish","type":"post","link":"https:\/\/blogs.hoy.es\/meteobadajoz\/2012\/10\/23\/siguiendo-a-la-borrasca-atlantica-desde-los-satelites\/","title":{"rendered":"Siguiendo a la borrasca Atl\u00e1ntica desde los sat\u00e9lites!"},"content":{"rendered":"<div style=\"clear: both;text-align: center\"><\/div>\n<div style=\"clear: both;text-align: center\"><a href=\"http:\/\/1.bp.blogspot.com\/-qf2dBuSZmaI\/UIbe_gFqMuI\/AAAAAAAADhg\/wqMkiqu8NTw\/s1600\/HRV2.png\" rel=\"external nofollow\"><img loading=\"lazy\" border=\"0\" height=\"516\" src=\"\/\/1.bp.blogspot.com\/-qf2dBuSZmaI\/UIbe_gFqMuI\/AAAAAAAADhg\/wqMkiqu8NTw\/s640\/HRV2.png\" width=\"640\" \/><\/a><\/div>\n<p><span style=\"font-family: Helvetica Neue, Arial, Helvetica, sans-serif\">Un d\u00eda m\u00e1s la convecci\u00f3n destaca en la parte delantera de la borrasca, \u00a1vaya tormentones! La borrasca tiene tanta fuerza que hace subir masas de aire c\u00e1lido hacia la pen\u00ednsula, que es el responsable del ascenso t\u00e9rmico de hoy. En Azores, una buena burbuja de aire fr\u00edo que en los pr\u00f3ximos d\u00edas afectar\u00e1 a todo el oeste y sur de la pen\u00ednsula. Ya veremos qu\u00e9 cantidades nos deja.<\/span><br \/><span style=\"font-family: Helvetica Neue, Arial, Helvetica, sans-serif\"><br \/><\/span><span style=\"font-family: Helvetica Neue, Arial, Helvetica, sans-serif\"><\/span><br \/><a name='more'><\/a><\/p>\n<div style=\"clear: both;text-align: center\"><a href=\"http:\/\/1.bp.blogspot.com\/-t2rOcrwJW1A\/UIbk_Coai2I\/AAAAAAAADiU\/UUycwLhsF8s\/s1600\/IR_108ctt.png\" rel=\"external nofollow\"><img loading=\"lazy\" border=\"0\" height=\"440\" src=\"\/\/1.bp.blogspot.com\/-t2rOcrwJW1A\/UIbk_Coai2I\/AAAAAAAADiU\/UUycwLhsF8s\/s640\/IR_108ctt.png\" width=\"640\" \/><\/a><\/div>\n<p><span style=\"font-family: Helvetica Neue, Arial, Helvetica, sans-serif\">La imagen superior es de esta tarde, y en ella vemos que en la cima de esas tormentas se estima una temperatura de hasta \u00a1-70\u00baC!. A ver si esas tormentas llegan vivas!<\/span><br \/><span style=\"font-family: Helvetica Neue, Arial, Helvetica, sans-serif\"><br \/><\/span><span style=\"font-family: Helvetica Neue, Arial, Helvetica, sans-serif\">Y por \u00faltimo esta espectacular animaci\u00f3n desde las 00h de hoy hasta las 20:30h. Una pasada!<\/span><br \/><span style=\"font-family: Helvetica Neue, Arial, Helvetica, sans-serif\"><br \/><\/span><\/p>\n<div style=\"clear: both;text-align: center\"><\/div>\n<div style=\"clear: both;text-align: center\"><a href=\"http:\/\/1.bp.blogspot.com\/-mdUVIcz75oU\/UIbwGnvDVJI\/AAAAAAAADkE\/P0HH1yGSDCY\/s1600\/12.gif\" rel=\"external nofollow\"><img loading=\"lazy\" border=\"0\" height=\"442\" src=\"\/\/1.bp.blogspot.com\/-mdUVIcz75oU\/UIbwGnvDVJI\/AAAAAAAADkE\/P0HH1yGSDCY\/s640\/12.gif\" width=\"640\" \/><\/a><\/div>\n<p><span style=\"font-family: Helvetica Neue, Arial, Helvetica, sans-serif\"><br \/><\/span><span style=\"font-family: Helvetica Neue, Arial, Helvetica, sans-serif\">Un saludo!<\/span><\/p>\n<!-- AddThis Advanced Settings generic via filter on the_content --><!-- AddThis Share Buttons generic via filter on the_content -->","protected":false},"excerpt":{"rendered":"<p>Un d\u00eda m\u00e1s la convecci\u00f3n destaca en la parte delantera de la borrasca, \u00a1vaya tormentones! La borrasca tiene tanta fuerza que hace subir masas de aire c\u00e1lido hacia la pen\u00ednsula, que es el responsable del ascenso t\u00e9rmico de hoy. En Azores, una buena burbuja de aire fr\u00edo que en los pr\u00f3ximos d\u00edas afectar\u00e1 a todo [&hellip;]<!-- AddThis Advanced Settings generic via filter on get_the_excerpt --><!-- AddThis Share Buttons generic via filter on get_the_excerpt --><\/p>\n","protected":false},"author":3,"featured_media":0,"comment_status":"open","ping_status":"closed","sticky":false,"template":"","format":"standard","meta":[],"categories":[3],"tags":[],"_links":{"self":[{"href":"https:\/\/blogs.hoy.es\/meteobadajoz\/wp-json\/wp\/v2\/posts\/37"}],"collection":[{"href":"https:\/\/blogs.hoy.es\/meteobadajoz\/wp-json\/wp\/v2\/posts"}],"about":[{"href":"https:\/\/blogs.hoy.es\/meteobadajoz\/wp-json\/wp\/v2\/types\/post"}],"author":[{"embeddable":true,"href":"https:\/\/blogs.hoy.es\/meteobadajoz\/wp-json\/wp\/v2\/users\/3"}],"replies":[{"embeddable":true,"href":"https:\/\/blogs.hoy.es\/meteobadajoz\/wp-json\/wp\/v2\/comments?post=37"}],"version-history":[{"count":0,"href":"https:\/\/blogs.hoy.es\/meteobadajoz\/wp-json\/wp\/v2\/posts\/37\/revisions"}],"wp:attachment":[{"href":"https:\/\/blogs.hoy.es\/meteobadajoz\/wp-json\/wp\/v2\/media?parent=37"}],"wp:term":[{"taxonomy":"category","embeddable":true,"href":"https:\/\/blogs.hoy.es\/meteobadajoz\/wp-json\/wp\/v2\/categories?post=37"},{"taxonomy":"post_tag","embeddable":true,"href":"https:\/\/blogs.hoy.es\/meteobadajoz\/wp-json\/wp\/v2\/tags?post=37"}],"curies":[{"name":"wp","href":"https:\/\/api.w.org\/{rel}","templated":true}]}}