{"id":371,"date":"2013-04-29T17:43:46","date_gmt":"2013-04-29T15:43:46","guid":{"rendered":"http:\/\/blogs.hoy.es\/meteobadajoz\/?p=371"},"modified":"2013-04-29T17:43:46","modified_gmt":"2013-04-29T15:43:46","slug":"tarde-de-chubascos-y-tormentas-en-extremadura","status":"publish","type":"post","link":"https:\/\/blogs.hoy.es\/meteobadajoz\/2013\/04\/29\/tarde-de-chubascos-y-tormentas-en-extremadura\/","title":{"rendered":"Tarde de chubascos y tormentas en Extremadura"},"content":{"rendered":"<div style=\"text-align: left;\"><a href=\"https:\/\/blogs.hoy.es\/meteobadajoz\/2013\/04\/29\/tarde-de-chubascos-y-tormentas-en-extremadura\/dscf7292\/\" rel=\"attachment wp-att-372\"><img loading=\"lazy\" class=\"aligncenter  wp-image-372\" title=\"Formaci\u00f3n de tipo arcus con \"shelf cloud\" desde Badajoz - Tarde del lunes 29 de abril de 2013.\" src=\"\/meteobadajoz\/wp-content\/uploads\/sites\/68\/2013\/04\/DSCF7292.jpg\" alt=\"\" width=\"622\" height=\"415\" srcset=\"https:\/\/static-blogs.hoy.es\/wp-content\/uploads\/sites\/68\/2013\/04\/DSCF7292.jpg 4000w, https:\/\/static-blogs.hoy.es\/wp-content\/uploads\/sites\/68\/2013\/04\/DSCF7292-300x200.jpg 300w, https:\/\/static-blogs.hoy.es\/wp-content\/uploads\/sites\/68\/2013\/04\/DSCF7292-768x512.jpg 768w, https:\/\/static-blogs.hoy.es\/wp-content\/uploads\/sites\/68\/2013\/04\/DSCF7292-1024x682.jpg 1024w\" sizes=\"(max-width: 622px) 100vw, 622px\" \/><\/a><\/div>\n<div style=\"text-align: left;\"><span style=\"font-family: 'Helvetica Neue', Arial, Helvetica, sans-serif;\">\u00a0<\/span><\/div>\n<div style=\"text-align: left;\"><span style=\"color: #000000;\"><span style=\"font-family: 'Helvetica Neue', Arial, Helvetica, sans-serif;\">La tarde del lunes nos est\u00e1 dejando <\/span><strong style=\"font-family: 'Helvetica Neue', Arial, Helvetica, sans-serif;\">la formaci\u00f3n de bastantes chubascos<\/strong><span style=\"font-family: 'Helvetica Neue', Arial, Helvetica, sans-serif;\">, e incluso con <\/span><strong style=\"font-family: 'Helvetica Neue', Arial, Helvetica, sans-serif;\">algunas tormentas<\/strong><span style=\"font-family: 'Helvetica Neue', Arial, Helvetica, sans-serif;\">, por casi toda Extremadura. El centro de la borrasca se\u00a0encuentra\u00a0sobre el centro peninsular, y poco a poco se va desplazando hacia el oeste. A medida que lo hace, va reactivando numerosos chubascos por gran parte de la regi\u00f3n, e incluso con tormentas por el norte de la provincia de C\u00e1ceres. En Badajoz hemos podido observar (a eso de las 16:30h de la tarde) esta espectacular formaci\u00f3n nubosa asociada a uno de los chubascos que nos han estado afectando hoy por las Vegas bajas del Guadiana.<\/span><\/span><\/div>\n<p><!--more--><\/p>\n<div style=\"text-align: left;\"><span style=\"color: black; font-family: Helvetica Neue, Arial, Helvetica, sans-serif;\">Las formaciones nubosas que se observan en la base de la nube se conocen con el nombre de &#8220;<em>shelf cloud<\/em>&#8221; y hace referencia a esas formas que tienen las nubes medias-bajas, a modo de cu\u00f1as, que se encuentran en los bordes delanteros de avance de la tormenta. En este caso no hemos tenido tormenta en Badajoz, pero s\u00ed se han producido algunas rachas de viento moderadas y muy fr\u00edas, justo al cruzar esta primera parte de la nube. La lluvia tampoco ha sido demasiado destacable, un breve aguacero con moderada intensidad y poco m\u00e1s. De hecho muchos ni se habr\u00e1n enterado, pero los que estamos siempre atentos al cielo hemos podido disfrutar de esta espectacular nube.<\/span><\/div>\n<div style=\"text-align: left;\"><span style=\"color: black; font-family: Helvetica Neue, Arial, Helvetica, sans-serif;\">\u00a0<\/span><\/div>\n<div style=\"text-align: center;\"><img loading=\"lazy\" class=\"aligncenter\" src=\"\/\/nsae01.casimages.net\/img\/2013\/04\/29\/130429071619139631.gif\" alt=\"\" width=\"605\" height=\"439\" \/><\/div>\n<div style=\"text-align: left;\"><span style=\"font-family: 'Helvetica Neue', Arial, Helvetica, sans-serif;\">\u00a0<\/span><\/div>\n<div style=\"text-align: left;\"><span style=\"color: black; font-family: Helvetica Neue, Arial, Helvetica, sans-serif;\">En la animaci\u00f3n de im\u00e1genes visibles del sat\u00e9lite Meteosat, observamos ese giro cicl\u00f3nico de la borrasca justo sobre la Pen\u00ednsula Ib\u00e9rica.\u00a0<\/span><\/div>\n<div style=\"text-align: left;\"><span style=\"font-family: 'Helvetica Neue', Arial, Helvetica, sans-serif;\">\u00a0<\/span><\/div>\n<div style=\"text-align: left;\"><span style=\"color: black; font-family: Helvetica Neue, Arial, Helvetica, sans-serif;\">La tarde nos seguir\u00e1 dejando la presencia de estos <strong>chubascos y de puntuales tormentas<\/strong> que podr\u00edan derivar en algunas <strong>granizadas<\/strong>. Este tiempo nos acompa\u00f1ar\u00e1 por lo menos hasta la jornada del viernes, aunque con una <strong>tendencia clara a disminuir la inestabilidad<\/strong> a lo largo de la semana.<\/span><\/div>\n<div style=\"text-align: left;\"><\/div>\n<div style=\"text-align: left;\"><span style=\"color: black; font-family: Helvetica Neue, Arial, Helvetica, sans-serif;\">A continuaci\u00f3n veamos algunas fotos m\u00e1s de este chubasco:<\/span><\/div>\n<div style=\"text-align: left;\"><span style=\"color: black; font-family: Helvetica Neue, Arial, Helvetica, sans-serif;\">\u00a0<\/span><\/div>\n<div style=\"text-align: left;\"><\/div>\n<div style=\"text-align: center;\"><a href=\"https:\/\/blogs.hoy.es\/meteobadajoz\/2013\/04\/29\/tarde-de-chubascos-y-tormentas-en-extremadura\/dscf7293\/\" rel=\"attachment wp-att-373\"><img loading=\"lazy\" class=\"aligncenter  wp-image-373\" src=\"\/meteobadajoz\/wp-content\/uploads\/sites\/68\/2013\/04\/DSCF7293.jpg\" alt=\"\" width=\"622\" height=\"415\" srcset=\"https:\/\/static-blogs.hoy.es\/wp-content\/uploads\/sites\/68\/2013\/04\/DSCF7293.jpg 4000w, https:\/\/static-blogs.hoy.es\/wp-content\/uploads\/sites\/68\/2013\/04\/DSCF7293-300x200.jpg 300w, https:\/\/static-blogs.hoy.es\/wp-content\/uploads\/sites\/68\/2013\/04\/DSCF7293-768x512.jpg 768w, https:\/\/static-blogs.hoy.es\/wp-content\/uploads\/sites\/68\/2013\/04\/DSCF7293-1024x682.jpg 1024w\" sizes=\"(max-width: 622px) 100vw, 622px\" \/><\/a><\/div>\n<div style=\"text-align: center;\"><\/div>\n<div style=\"text-align: center;\"><a href=\"https:\/\/blogs.hoy.es\/meteobadajoz\/2013\/04\/29\/tarde-de-chubascos-y-tormentas-en-extremadura\/dscf7294\/\" rel=\"attachment wp-att-374\"><img loading=\"lazy\" class=\"aligncenter  wp-image-374\" src=\"\/meteobadajoz\/wp-content\/uploads\/sites\/68\/2013\/04\/DSCF7294.jpg\" alt=\"\" width=\"622\" height=\"415\" srcset=\"https:\/\/static-blogs.hoy.es\/wp-content\/uploads\/sites\/68\/2013\/04\/DSCF7294.jpg 4000w, https:\/\/static-blogs.hoy.es\/wp-content\/uploads\/sites\/68\/2013\/04\/DSCF7294-300x200.jpg 300w, https:\/\/static-blogs.hoy.es\/wp-content\/uploads\/sites\/68\/2013\/04\/DSCF7294-768x512.jpg 768w, https:\/\/static-blogs.hoy.es\/wp-content\/uploads\/sites\/68\/2013\/04\/DSCF7294-1024x682.jpg 1024w\" sizes=\"(max-width: 622px) 100vw, 622px\" \/><\/a><\/div>\n<div style=\"text-align: center;\"><\/div>\n<div style=\"text-align: center;\"><a href=\"https:\/\/blogs.hoy.es\/meteobadajoz\/2013\/04\/29\/tarde-de-chubascos-y-tormentas-en-extremadura\/dscf7298\/\" rel=\"attachment wp-att-375\"><img loading=\"lazy\" class=\"aligncenter  wp-image-375\" src=\"\/meteobadajoz\/wp-content\/uploads\/sites\/68\/2013\/04\/DSCF7298.jpg\" alt=\"\" width=\"622\" height=\"415\" srcset=\"https:\/\/static-blogs.hoy.es\/wp-content\/uploads\/sites\/68\/2013\/04\/DSCF7298.jpg 4000w, https:\/\/static-blogs.hoy.es\/wp-content\/uploads\/sites\/68\/2013\/04\/DSCF7298-300x200.jpg 300w, https:\/\/static-blogs.hoy.es\/wp-content\/uploads\/sites\/68\/2013\/04\/DSCF7298-768x512.jpg 768w, https:\/\/static-blogs.hoy.es\/wp-content\/uploads\/sites\/68\/2013\/04\/DSCF7298-1024x682.jpg 1024w\" sizes=\"(max-width: 622px) 100vw, 622px\" \/><\/a><\/div>\n<div style=\"text-align: center;\"><\/div>\n<div style=\"text-align: center;\"><a href=\"https:\/\/blogs.hoy.es\/meteobadajoz\/2013\/04\/29\/tarde-de-chubascos-y-tormentas-en-extremadura\/dscf7299\/\" rel=\"attachment wp-att-376\"><img loading=\"lazy\" class=\"aligncenter  wp-image-376\" src=\"\/meteobadajoz\/wp-content\/uploads\/sites\/68\/2013\/04\/DSCF7299.jpg\" alt=\"\" width=\"622\" height=\"415\" srcset=\"https:\/\/static-blogs.hoy.es\/wp-content\/uploads\/sites\/68\/2013\/04\/DSCF7299.jpg 4000w, https:\/\/static-blogs.hoy.es\/wp-content\/uploads\/sites\/68\/2013\/04\/DSCF7299-300x200.jpg 300w, https:\/\/static-blogs.hoy.es\/wp-content\/uploads\/sites\/68\/2013\/04\/DSCF7299-768x512.jpg 768w, https:\/\/static-blogs.hoy.es\/wp-content\/uploads\/sites\/68\/2013\/04\/DSCF7299-1024x682.jpg 1024w\" sizes=\"(max-width: 622px) 100vw, 622px\" \/><\/a><\/div>\n<div style=\"text-align: center;\"><\/div>\n<div style=\"text-align: center;\"><a href=\"https:\/\/blogs.hoy.es\/meteobadajoz\/2013\/04\/29\/tarde-de-chubascos-y-tormentas-en-extremadura\/dscf7300\/\" rel=\"attachment wp-att-377\"><img loading=\"lazy\" class=\"aligncenter  wp-image-377\" src=\"\/meteobadajoz\/wp-content\/uploads\/sites\/68\/2013\/04\/DSCF7300.jpg\" alt=\"\" width=\"622\" height=\"415\" srcset=\"https:\/\/static-blogs.hoy.es\/wp-content\/uploads\/sites\/68\/2013\/04\/DSCF7300.jpg 4000w, https:\/\/static-blogs.hoy.es\/wp-content\/uploads\/sites\/68\/2013\/04\/DSCF7300-300x200.jpg 300w, https:\/\/static-blogs.hoy.es\/wp-content\/uploads\/sites\/68\/2013\/04\/DSCF7300-768x512.jpg 768w, https:\/\/static-blogs.hoy.es\/wp-content\/uploads\/sites\/68\/2013\/04\/DSCF7300-1024x682.jpg 1024w\" sizes=\"(max-width: 622px) 100vw, 622px\" \/><\/a><\/div>\n<div style=\"text-align: center;\"><strong style=\"margin: 0px; padding: 0px;\">\u00a0<\/strong><\/div>\n<div style=\"background-color: white; color: #666666; font-family: Arial, Helvetica, sans-serif; font-size: 12px; line-height: 22px; margin: 0px; padding: 0px; text-align: center;\"><span style=\"color: black; font-family: 'Helvetica Neue', Arial, Helvetica, sans-serif; font-size: small; margin: 0px; padding: 0px;\"><strong style=\"margin: 0px; padding: 0px;\">Puedes seguir la cuenta de Twitter de este blog en\u00a0<span style=\"color: red; margin: 0px; padding: 0px;\"><a style=\"color: #003366; margin: 0px; padding: 0px;\" href=\"https:\/\/twitter.com\/MeteoBadajoz\" rel=\"external nofollow\" target=\"_blank\"><span style=\"color: red; margin: 0px; padding: 0px;\">@MeteoBadajoz<\/span><\/a><\/span>, donde estar\u00e1s totalmente informados en todo momento de c\u00f3mo evolucionan los d\u00edas, as\u00ed como de noticias de inter\u00e9s meteorol\u00f3gico.<\/strong><\/span><\/div>\n<div style=\"background-color: white; color: #666666; font-family: Arial, Helvetica, sans-serif; font-size: 12px; line-height: 22px; margin: 0px; padding: 0px; text-align: center;\"><span style=\"color: black; font-family: 'Helvetica Neue', Arial, Helvetica, sans-serif; font-size: small; margin: 0px; padding: 0px;\"><strong style=\"margin: 0px; padding: 0px;\"><br style=\"margin: 0px; padding: 0px;\" \/><\/strong><\/span><\/div>\n<div style=\"background-color: white; color: #666666; font-family: Arial, Helvetica, sans-serif; font-size: 12px; line-height: 22px; margin: 0px; padding: 0px; text-align: center;\"><span style=\"color: black; font-family: 'Helvetica Neue', Arial, Helvetica, sans-serif; font-size: small; margin: 0px; padding: 0px; text-decoration: underline;\"><strong style=\"margin: 0px; padding: 0px;\">Si el art\u00edculo te ha parecido interesante, puedes ayudar a divulgarlo a trav\u00e9s de las redes sociales, con ayuda de los botones para compartir.<\/strong><\/span><\/div>\n<div style=\"background-color: white; color: #666666; font-family: Arial, Helvetica, sans-serif; font-size: 12px; line-height: 22px; margin: 0px; padding: 0px; text-align: center;\"><span style=\"color: black; font-family: 'Helvetica Neue', Arial, Helvetica, sans-serif; font-size: small; margin: 0px; padding: 0px; text-decoration: underline;\"><strong style=\"margin: 0px; padding: 0px;\"><br style=\"margin: 0px; padding: 0px;\" \/><\/strong><\/span><\/div>\n<div style=\"background-color: white; color: #666666; font-family: Arial, Helvetica, sans-serif; font-size: 12px; line-height: 22px; margin: 0px; padding: 0px; text-align: center;\"><span style=\"color: black; font-family: 'Helvetica Neue', Arial, Helvetica, sans-serif; font-size: small; margin: 0px; padding: 0px;\"><strong style=\"margin: 0px; padding: 0px;\">\u00a1\u00a1Gracias!!<\/strong><\/span><\/div>\n<!-- AddThis Advanced Settings generic via filter on the_content --><!-- AddThis Share Buttons generic via filter on the_content -->","protected":false},"excerpt":{"rendered":"<p>\u00a0 La tarde del lunes nos est\u00e1 dejando la formaci\u00f3n de bastantes chubascos, e incluso con algunas tormentas, por casi toda Extremadura. El centro de la borrasca se\u00a0encuentra\u00a0sobre el centro peninsular, y poco a poco se va desplazando hacia el oeste. A medida que lo hace, va reactivando numerosos chubascos por gran parte de la [&hellip;]<!-- AddThis Advanced Settings generic via filter on get_the_excerpt --><!-- AddThis Share Buttons generic via filter on get_the_excerpt --><\/p>\n","protected":false},"author":75,"featured_media":0,"comment_status":"open","ping_status":"closed","sticky":false,"template":"","format":"standard","meta":[],"categories":[5],"tags":[6,9,33,73,83,91,147],"_links":{"self":[{"href":"https:\/\/blogs.hoy.es\/meteobadajoz\/wp-json\/wp\/v2\/posts\/371"}],"collection":[{"href":"https:\/\/blogs.hoy.es\/meteobadajoz\/wp-json\/wp\/v2\/posts"}],"about":[{"href":"https:\/\/blogs.hoy.es\/meteobadajoz\/wp-json\/wp\/v2\/types\/post"}],"author":[{"embeddable":true,"href":"https:\/\/blogs.hoy.es\/meteobadajoz\/wp-json\/wp\/v2\/users\/75"}],"replies":[{"embeddable":true,"href":"https:\/\/blogs.hoy.es\/meteobadajoz\/wp-json\/wp\/v2\/comments?post=371"}],"version-history":[{"count":0,"href":"https:\/\/blogs.hoy.es\/meteobadajoz\/wp-json\/wp\/v2\/posts\/371\/revisions"}],"wp:attachment":[{"href":"https:\/\/blogs.hoy.es\/meteobadajoz\/wp-json\/wp\/v2\/media?parent=371"}],"wp:term":[{"taxonomy":"category","embeddable":true,"href":"https:\/\/blogs.hoy.es\/meteobadajoz\/wp-json\/wp\/v2\/categories?post=371"},{"taxonomy":"post_tag","embeddable":true,"href":"https:\/\/blogs.hoy.es\/meteobadajoz\/wp-json\/wp\/v2\/tags?post=371"}],"curies":[{"name":"wp","href":"https:\/\/api.w.org\/{rel}","templated":true}]}}