{"id":38,"date":"2012-10-22T19:27:00","date_gmt":"2012-10-22T19:27:00","guid":{"rendered":"http:\/\/blogs.hoy.es\/meteobadajoz\/2012\/10\/22\/seguimiento-especial-de-los-modelos-octubre-2012-i\/"},"modified":"2012-10-22T19:27:00","modified_gmt":"2012-10-22T19:27:00","slug":"seguimiento-especial-de-los-modelos-octubre-2012-i","status":"publish","type":"post","link":"https:\/\/blogs.hoy.es\/meteobadajoz\/2012\/10\/22\/seguimiento-especial-de-los-modelos-octubre-2012-i\/","title":{"rendered":"Seguimiento especial de los modelos &#8211; Octubre 2012 (I)"},"content":{"rendered":"<div style=\"clear: both;text-align: center\"><a href=\"http:\/\/3.bp.blogspot.com\/--DhVvcWlX5c\/UIWNfv7L7lI\/AAAAAAAADd4\/HfcrgGBat40\/s1600\/gfsnh-12-60.png\" rel=\"external nofollow\"><img loading=\"lazy\" border=\"0\" height=\"640\" src=\"\/\/3.bp.blogspot.com\/--DhVvcWlX5c\/UIWNfv7L7lI\/AAAAAAAADd4\/HfcrgGBat40\/s640\/gfsnh-12-60.png\" width=\"640\" \/><\/a><\/div>\n<p><span style=\"font-family: Helvetica Neue, Arial, Helvetica, sans-serif\">Menudo cambio van pegando los modelos con forme avanzan las semanas y los meses&#8230; estamos en oto\u00f1o pero nos acercamos al invierno, y naturalmente la configuraci\u00f3n atmosf\u00e9rica se va ajustando y se torna a inestable, m\u00e1s propia de estas fechas. Estamos de nuevo pendientes de la evoluci\u00f3n de los modelos porque empezamos a ver configuraciones bastante curiosas y complejas, y adem\u00e1s \u00e9sta configuraci\u00f3n que\u00a0continuaci\u00f3n\u00a0os cuento, es muy inestable para todo el oeste y sur de la pen\u00ednsula y dar\u00e1 que hablar en los pr\u00f3ximos d\u00edas.<\/span><br \/><a name='more'><\/a><br \/><span style=\"font-family: Helvetica Neue, Arial, Helvetica, sans-serif\">En la imagen superior se muestra un peque\u00f1o an\u00e1lisis sobre un mapa, combinando la\u00a0anomal\u00eda\u00a0de Geopotencial a 500 hPa y el Jet (la corriente en chorro o chorro polar). En ella vemos una amplia zona de color rojo en Groenlandia, norte de Canad\u00e1 y en Alaska (altas presiones), y zonas de color azul, como por ejemplo al norte de la pen\u00ednsula escandinava, y peque\u00f1as anomal\u00edas de color azul repartidas por distintos puntos de hemisferio (bajas presiones). Normalmente el anticicl\u00f3n se suele situar hacia el entorno de las Azores y en invierno este anticicl\u00f3n baja de latitud y permite el descenso de borrascas que acaban afectando al oeste de Europa. En cambio, la situaci\u00f3n que se prev\u00e9 para los pr\u00f3ximos d\u00edas es bastante diferente, el anticicl\u00f3n no viaja hacia el sur, sino que lo hace hacia el norte y enlaza con el anticicl\u00f3n \u00c1rtico, que ocupa precisamente la zona de Groenlandia-\u00c1rtico.<\/span><\/p>\n<div style=\"clear: both;text-align: center\"><a href=\"http:\/\/2.bp.blogspot.com\/-SEwxbvuq0-c\/UIWP4R_OQTI\/AAAAAAAADeE\/6rflyrBw96M\/s1600\/gfs-12-60.png\" rel=\"external nofollow\"><img loading=\"lazy\" border=\"0\" height=\"426\" src=\"\/\/2.bp.blogspot.com\/-SEwxbvuq0-c\/UIWP4R_OQTI\/AAAAAAAADeE\/6rflyrBw96M\/s640\/gfs-12-60.png\" width=\"640\" \/><\/a><\/div>\n<p><span style=\"font-family: Helvetica Neue, Arial, Helvetica, sans-serif\">Esto es lo que se conoce como <b><i>bloqueo<\/i><\/b>, y en este caso, el bloqueo es brutal y ocupa gran parte del Atl\u00e1ntico Norte. Anticicl\u00f3n muy\u00a0potente,\u00a0con presiones\u00a0bastante\u00a0elevadas, que hace de &#8220;escudo&#8221; ante la llegada de cualquier borrasca, y la desv\u00eda hacia el sur, hacia la pen\u00ednsula<\/span><span style=\"font-family: 'Helvetica Neue', Arial, Helvetica, sans-serif\">.<\/span><br \/><span style=\"font-family: 'Helvetica Neue', Arial, Helvetica, sans-serif\"><br \/><\/span><span style=\"font-family: 'Helvetica Neue', Arial, Helvetica, sans-serif\">Esta configuraci\u00f3n permite el paso de borrascas por latitudes bastante bajas, por las Azores e incluso por zonas m\u00e1s bajas, adem\u00e1s en forma de <\/span><b><i>sucesi\u00f3n de borrascas<\/i><\/b><span style=\"font-family: 'Helvetica Neue', Arial, Helvetica, sans-serif\"> y frentes asociados, por lo que cabe esperar una situaci\u00f3n de lluvias que podr\u00edan ser muy abundantes en buena parte del oeste y sur peninsular.<\/span><\/p>\n<div style=\"clear: both;text-align: center\"><a href=\"http:\/\/3.bp.blogspot.com\/-5j-tNwJrHeY\/UIWaygHtQ6I\/AAAAAAAADgk\/Q18yIX3bx0M\/s1600\/anigif.gif\" rel=\"external nofollow\"><img loading=\"lazy\" border=\"0\" height=\"494\" src=\"\/\/3.bp.blogspot.com\/-5j-tNwJrHeY\/UIWaygHtQ6I\/AAAAAAAADgk\/Q18yIX3bx0M\/s640\/anigif.gif\" width=\"640\" \/><\/a><\/div>\n<p><span style=\"font-family: Helvetica Neue, Arial, Helvetica, sans-serif\">En esta animaci\u00f3n vemos la evoluci\u00f3n de la corriente en chorro. Como se observa, la animaci\u00f3n empieza con el Jet bastante ondulado y ocupando zonas del Atl\u00e1ntico Norte, sin embargo, poco a poco se forma una especie de &#8220;claro&#8221; en el Atl\u00e1ntico Norte que nos indica la presencia del bloqueo, y c\u00f3mo el Jet pasa por zonas bastante bajas. Al final de la animaci\u00f3n puede verse como el Jet proviene directamente desde el Golfo de M\u00e9xico, y esto puede ser importante.<\/span><\/p>\n<div style=\"clear: both;text-align: center\"><a href=\"http:\/\/3.bp.blogspot.com\/-LP5idi8Y8UI\/UIWWc83wbhI\/AAAAAAAADfo\/rtsGqHWo0QU\/s1600\/at201290_model.gif\" rel=\"external nofollow\"><img loading=\"lazy\" border=\"0\" height=\"480\" src=\"\/\/3.bp.blogspot.com\/-LP5idi8Y8UI\/UIWWc83wbhI\/AAAAAAAADfo\/rtsGqHWo0QU\/s640\/at201290_model.gif\" width=\"640\" \/><\/a><\/div>\n<p><span style=\"font-family: Helvetica Neue, Arial, Helvetica, sans-serif\">El hecho de que las borrascas pasen bastante al sur de lo que normalmente lo suelen hacer, hace que \u00e9stas <i>puedan captar masas de aire de origen tropical<\/i>, c\u00e1lidas y muy h\u00famedas que podr\u00eda hacer que las lluvias puedan ser bastante intensas en algunas zonas. Tendremos que estar muy pendientes tambi\u00e9n de si este paso de borrascas atrae a un nuevo sistema tropical que se encuentra actualmente en aguas del Atl\u00e1ntico central, etiquetada con el nombre de 90L.<\/span><\/p>\n<div style=\"clear: both;text-align: center\"><a href=\"http:\/\/1.bp.blogspot.com\/-w-EdNJ6QqP0\/UIWU3BljsJI\/AAAAAAAADfg\/L2_I174Xd2g\/s1600\/12103012_2_2212.gif\" rel=\"external nofollow\"><img loading=\"lazy\" border=\"0\" height=\"468\" src=\"\/\/1.bp.blogspot.com\/-w-EdNJ6QqP0\/UIWU3BljsJI\/AAAAAAAADfg\/L2_I174Xd2g\/s640\/12103012_2_2212.gif\" width=\"640\" \/><\/a><\/div>\n<p><span style=\"font-family: Helvetica Neue, Arial, Helvetica, sans-serif\">La situaci\u00f3n se presenta muy compleja, hablar\u00edamos de acumulados de lluvia que rondar\u00edan e incluso superar\u00edan los <b><span style=\"color: magenta\"><i>100 litros\/m2<\/i><\/span><\/b><\/span><span style=\"font-family: 'Helvetica Neue', Arial, Helvetica, sans-serif\">\u00a0en algunas zonas del sur de la pen\u00ednsula y eso nada m\u00e1s empezar el episodio, ya veremos cuanto dura esta configuraci\u00f3n &#8220;especial&#8221;, pero tiene pinta de ser muy interesante.<\/span><\/p>\n<div style=\"clear: both;text-align: center\"><a href=\"http:\/\/4.bp.blogspot.com\/-CvOqug0kz3c\/UIWXylXsS_I\/AAAAAAAADfw\/IQwI3MpXja8\/s1600\/avnpanel4.gif\" rel=\"external nofollow\"><img loading=\"lazy\" border=\"0\" height=\"500\" src=\"\/\/4.bp.blogspot.com\/-CvOqug0kz3c\/UIWXylXsS_I\/AAAAAAAADfw\/IQwI3MpXja8\/s640\/avnpanel4.gif\" width=\"640\" \/><\/a><\/div>\n<p><span style=\"font-family: Helvetica Neue, Arial, Helvetica, sans-serif\">Si nos fijamos en la imagen superior (el panel de acumulaci\u00f3n de lluvia en 24h previsto por el modelo GFS) observamos como d\u00eda tras d\u00eda, se va configurando la situaci\u00f3n e incluso los mapas m\u00e1s bestias lo vemos al final del panel, hacia los d\u00edas 29, 30 de octubre y, especialmente, el 1 de noviembre, donde vemos un <b><i>posible impacto de un potent\u00edsimo frente<\/i><\/b> en la pen\u00ednsula. \u00a1Hay que vigilar todos estos mapas muy de cerca y con lupa! De cumplirse esta situaci\u00f3n hablar\u00edamos, sin duda, del mayor episodio de lluvias que afecta al oeste de la pen\u00ednsula en bastantes meses.\u00a0<\/span><br \/><span style=\"font-family: Helvetica Neue, Arial, Helvetica, sans-serif\"><br \/><\/span><span style=\"font-family: Helvetica Neue, Arial, Helvetica, sans-serif\">Por tanto, mucho cuidado con todos estos mapas que posiblemente nos est\u00e1n anunciando una situaci\u00f3n de lluvias bastante importantes y generales que podr\u00eda visitar nuestro pa\u00eds. Estaremos muy pendientes.<\/span><br \/><span style=\"font-family: Helvetica Neue, Arial, Helvetica, sans-serif\"><br \/><\/span><span style=\"font-family: Helvetica Neue, Arial, Helvetica, sans-serif\">Un saludo.<\/span><\/p>\n<!-- AddThis Advanced Settings generic via filter on the_content --><!-- AddThis Share Buttons generic via filter on the_content -->","protected":false},"excerpt":{"rendered":"<p>Menudo cambio van pegando los modelos con forme avanzan las semanas y los meses&#8230; estamos en oto\u00f1o pero nos acercamos al invierno, y naturalmente la configuraci\u00f3n atmosf\u00e9rica se va ajustando y se torna a inestable, m\u00e1s propia de estas fechas. Estamos de nuevo pendientes de la evoluci\u00f3n de los modelos porque empezamos a ver configuraciones [&hellip;]<!-- AddThis Advanced Settings generic via filter on get_the_excerpt --><!-- AddThis Share Buttons generic via filter on get_the_excerpt --><\/p>\n","protected":false},"author":3,"featured_media":0,"comment_status":"open","ping_status":"closed","sticky":false,"template":"","format":"standard","meta":[],"categories":[3],"tags":[],"_links":{"self":[{"href":"https:\/\/blogs.hoy.es\/meteobadajoz\/wp-json\/wp\/v2\/posts\/38"}],"collection":[{"href":"https:\/\/blogs.hoy.es\/meteobadajoz\/wp-json\/wp\/v2\/posts"}],"about":[{"href":"https:\/\/blogs.hoy.es\/meteobadajoz\/wp-json\/wp\/v2\/types\/post"}],"author":[{"embeddable":true,"href":"https:\/\/blogs.hoy.es\/meteobadajoz\/wp-json\/wp\/v2\/users\/3"}],"replies":[{"embeddable":true,"href":"https:\/\/blogs.hoy.es\/meteobadajoz\/wp-json\/wp\/v2\/comments?post=38"}],"version-history":[{"count":0,"href":"https:\/\/blogs.hoy.es\/meteobadajoz\/wp-json\/wp\/v2\/posts\/38\/revisions"}],"wp:attachment":[{"href":"https:\/\/blogs.hoy.es\/meteobadajoz\/wp-json\/wp\/v2\/media?parent=38"}],"wp:term":[{"taxonomy":"category","embeddable":true,"href":"https:\/\/blogs.hoy.es\/meteobadajoz\/wp-json\/wp\/v2\/categories?post=38"},{"taxonomy":"post_tag","embeddable":true,"href":"https:\/\/blogs.hoy.es\/meteobadajoz\/wp-json\/wp\/v2\/tags?post=38"}],"curies":[{"name":"wp","href":"https:\/\/api.w.org\/{rel}","templated":true}]}}