{"id":388,"date":"2013-05-01T21:56:20","date_gmt":"2013-05-01T19:56:20","guid":{"rendered":"http:\/\/blogs.hoy.es\/meteobadajoz\/?p=388"},"modified":"2013-05-01T21:56:20","modified_gmt":"2013-05-01T19:56:20","slug":"aumenta-la-probabilidad-de-tormentas","status":"publish","type":"post","link":"https:\/\/blogs.hoy.es\/meteobadajoz\/2013\/05\/01\/aumenta-la-probabilidad-de-tormentas\/","title":{"rendered":"Aumenta la probabilidad de tormentas"},"content":{"rendered":"<p><!-- AddThis Button BEGIN --><\/p>\n<div class=\"addthis_toolbox addthis_default_style \">\n<a class=\"addthis_button_facebook_like\" fb:like:layout=\"button_count\" href=\"\"><\/a><a class=\"addthis_button_tweet\" href=\"\"><\/a><a class=\"addthis_button_google_plusone\" g:plusone:size=\"medium\" href=\"\"><\/a><a class=\"addthis_counter addthis_pill_style\" href=\"\"><\/a><\/div>\n<p><!-- AddThis Button END --><\/p>\n<p style=\"text-align: center;\"><img loading=\"lazy\" class=\"aligncenter  wp-image-393\" src=\"\/meteobadajoz\/wp-content\/uploads\/sites\/68\/2013\/05\/euPrecMonInd3.png\" alt=\"\" width=\"668\" height=\"481\" srcset=\"https:\/\/static-blogs.hoy.es\/wp-content\/uploads\/sites\/68\/2013\/05\/euPrecMonInd3.png 954w, https:\/\/static-blogs.hoy.es\/wp-content\/uploads\/sites\/68\/2013\/05\/euPrecMonInd3-300x216.png 300w, https:\/\/static-blogs.hoy.es\/wp-content\/uploads\/sites\/68\/2013\/05\/euPrecMonInd3-768x553.png 768w\" sizes=\"(max-width: 668px) 100vw, 668px\" \/><\/p>\n<p style=\"text-align: center;\"><img loading=\"lazy\" class=\"aligncenter  wp-image-392\" src=\"\/meteobadajoz\/wp-content\/uploads\/sites\/68\/2013\/05\/Escala-preci1.png\" alt=\"\" width=\"527\" height=\"96\" srcset=\"https:\/\/static-blogs.hoy.es\/wp-content\/uploads\/sites\/68\/2013\/05\/Escala-preci1.png 753w, https:\/\/static-blogs.hoy.es\/wp-content\/uploads\/sites\/68\/2013\/05\/Escala-preci1-300x55.png 300w\" sizes=\"(max-width: 527px) 100vw, 527px\" \/><\/p>\n<p style=\"text-align: center;\"><span style=\"color: #000000;\"><strong>Anomal\u00edas\u00a0de precipitaci\u00f3n en Europa previstas para mayo 2013 &#8211; \u00a0Modelo CFS.<\/strong><\/span><\/p>\n<p><span style=\"font-size: small;\"><span style=\"color: #000000;\">Comenzamos el mes de mayo, y lo hacemos con un <strong>progresivo ascenso de\u00a0<\/strong><\/span><span style=\"color: #000000;\"><strong>las temperaturas<\/strong> que afectar\u00e1 a buena parte de la Pen\u00ednsula, y que nos\u00a0<\/span><span style=\"color: #000000;\">llevar\u00e1 a valores de <strong>hasta 25\u00b0C<\/strong> para el pr\u00f3ximo fin de semana. En la\u00a0<\/span><span style=\"color: #000000;\">imagen superior vemos las anomal\u00edas de precipitaci\u00f3n previstas por el\u00a0<\/span><span style=\"color: #000000;\">modelo estacional <strong>CFS<\/strong>, de la <strong><a href=\"http:\/\/www.noaa.gov\/\" target=\"_blank\" rel=\"external nofollow\">NOAA<\/a><\/strong> (<strong>N<\/strong>ational <strong>O<\/strong>ceanic and <strong>A<\/strong>tmospheric <strong>A<\/strong>dministration), para el presente mes de mayo 2013.<\/span><\/span><\/p>\n<p><span style=\"color: #000000;\">Si nos fijamos en la escala de colores (en la parte inferior del mapa), observamos colores c\u00e1lidos como naranja, rojo, e incluso marr\u00f3n, y con una numeraci\u00f3n negativa. \u00c9sto indica <strong>anomal\u00edas negativas de precipitaci\u00f3n<\/strong> y, por tanto, all\u00ed donde est\u00e9n, lo que nos quieren indicar es que las precipitaciones estar\u00e1n por debajo de la media. Dependiendo de los colores que aparezcan en el mapa, as\u00ed ser\u00e1 el grado de escasez de lluvia.<!--more--><\/span><\/p>\n<p><span><span style=\"color: #000000;\">Por otra parte, al otro lado de la escala y en valores positivos, encontramos colores fr\u00edos como el verde o el\u00a0azul, que significa\u00a0todo lo contrario que el anterior. All\u00ed donde est\u00e9n, lo que nos indican es que las precipitaciones pueden ser abundantes,<\/span> <strong style=\"color: #000000;\">por encima de la media<\/strong>.<\/span><\/p>\n<p><span style=\"color: #000000;\">Atendiendo a la distribuci\u00f3n de las anomal\u00edas mostradas sobre la\u00a0<\/span><span style=\"color: #000000;\">Pen\u00ednsula, se podr\u00eda decir que el mes de mayo <strong>podr\u00eda estar dominado\u00a0<\/strong><\/span><span style=\"color: #000000;\"><strong>por algunas situaciones tormentosas<\/strong>, ya que esas anomal\u00edas positivas\u00a0<\/span><span style=\"color: #000000;\">s\u00f3lo aparecen en puntos del interior, y tienden a desaparecer cuanto\u00a0<\/span><span style=\"color: #000000;\">m\u00e1s nos acercamos a las costas.<\/span><\/p>\n<p><span style=\"color: #000000;\">Recordemos que los modelos estacionales <strong>s\u00f3lo son orientativos<\/strong>, y nos\u00a0<\/span><span style=\"color: #000000;\">sirven para <strong>predecir la tendencia general<\/strong>, y la situaci\u00f3n m\u00e1s probable\u00a0<\/span><span style=\"color: #000000;\">que podr\u00eda predominar en el mes. S\u00f3lo con el modelo estacional no se\u00a0<\/span><span style=\"color: #000000;\">podr\u00eda asegurar que mayo vaya a ser lluvioso, ya que todav\u00eda nos queda un<\/span>\u00a0<span style=\"color: #000000;\">largo mes\u00a0siguiendo diariamente la evoluci\u00f3n de los modelos meteorol\u00f3gicos &#8220;normales&#8221;.<\/span><\/p>\n<p><span style=\"color: #000000;\">Como se ha dicho anteriormente, la tendencia general de cara a los pr\u00f3ximos d\u00edas es que las temperaturas vayan subiendo progresivamente hasta valores m\u00e1s propios de la primavera, e incluso ya muy cercanos a los <strong>30\u00baC<\/strong> para mediados de la pr\u00f3xima semana. El siguiente mapa corresponde a las temperaturas m\u00e1ximas para la jornada del mi\u00e9rcoles 8 \u00a0de mayo, en la que podr\u00edamos volver a ver valores de <strong>m\u00e1s de 30\u00baC y hasta 32\u00baC<\/strong>.<\/span><\/p>\n<p style=\"text-align: center;\"><img loading=\"lazy\" class=\"aligncenter  wp-image-397\" src=\"\/meteobadajoz\/wp-content\/uploads\/sites\/68\/2013\/05\/13050812_2_0112-2.png\" alt=\"\" width=\"660\" height=\"484\" srcset=\"https:\/\/static-blogs.hoy.es\/wp-content\/uploads\/sites\/68\/2013\/05\/13050812_2_0112-2.png 1000w, https:\/\/static-blogs.hoy.es\/wp-content\/uploads\/sites\/68\/2013\/05\/13050812_2_0112-2-300x220.png 300w, https:\/\/static-blogs.hoy.es\/wp-content\/uploads\/sites\/68\/2013\/05\/13050812_2_0112-2-768x563.png 768w\" sizes=\"(max-width: 660px) 100vw, 660px\" \/><\/p>\n<p style=\"text-align: center;\"><span style=\"color: #000000;\"><strong>Temperaturas m\u00e1ximas a 2 metros, previstas para el mi\u00e9rcoles 8 de mayo 2013 &#8211; Modelo GFS.<\/strong><\/span><\/p>\n<p><span style=\"color: #000000;\">Pero esta situaci\u00f3n de ascenso t\u00e9rmico podr\u00eda venir acompa\u00f1ado de un peque\u00f1o episodio de tormentas en el sureste de la Pen\u00ednsula que, a d\u00eda de hoy, a\u00fan no es seguro que se vaya a producir.\u00a0<\/span><span style=\"color: #000000;\">En\u00a0cualquier\u00a0caso, aprovechando que se prev\u00e9n algunas tormentas para el fin de semana, y que el mes de mayo es de los meses m\u00e1s tormentosos en Espa\u00f1a, vamos a conocer un par\u00e1metro muy \u00fatil para saber la probabilidad de tormentas.<\/span><\/p>\n<p><span style=\"color: #000000;\">Y es que existe un \u00edndice de inestabilidad que es calculado por muchos modelos meteorol\u00f3gicos, que nos indica la\u00a0<strong>probabilidad de tormentas<\/strong>, y tambi\u00e9n la <strong>severidad<\/strong> que \u00e9stas puedan tener. Se trata del\u00a0<em><strong>\u00edndice CAPE<\/strong><\/em>, que en los modelos lo podemos ver expresado en\u00a0<strong>Julios\/Kilogramo<\/strong>. De forma muy simple, este \u00edndice se\u00a0podr\u00eda\u00a0definir como: \u201c<em>la\u00a0energ\u00eda\u00a0disponible\u00a0en la atm\u00f3sfera para la formaci\u00f3n de tormentas<\/em>\u201c. En d\u00edas calurosos (como los que se avecinan en los pr\u00f3ximos d\u00edas), este \u00edndice se dispara, debido a que el calor es el principal\u00a0ingrediente\u00a0para que se d\u00e9 la convecci\u00f3n y, por ello, se vuelve <strong>m\u00e1s probable<\/strong> la\u00a0aparici\u00f3n\u00a0de <strong>chubascos y tormentas<\/strong>.<\/span><\/p>\n<p><span style=\"color: #000000;\">En algunas ocasiones, se han producido fort\u00edsimas tormentas <strong>con un alto grado de severidad<\/strong>,\u00a0acompa\u00f1adas\u00a0de fen\u00f3menos severos como fuertes vientos, intensas precipitaciones con un tama\u00f1o de granizo bastante considerable, fen\u00f3menos torn\u00e1dicos, etc, que curiosamente han ocurrido bajo <strong>condiciones no demasiado inestables<\/strong>, convirti\u00e9ndose en toda una sorpresa para muchos&#8230; lo cual nos ense\u00f1a que no siempre que haya valores altos de \u00e9ste u otros \u00edndices de inestabilidad, se vayan a dar con seguridad episodios de tormentas severas, ya que \u00e9stas dependen de otros muchos factores.<\/span><\/p>\n<p><span style=\"color: #000000;\">En el\u00a0siguiente\u00a0mapa se muestran los valores previstos de CAPE para la tarde del s\u00e1bado y, como vemos, numerosas zonas del centro, sur y este peninsular presentan valores de\u00a0<strong>500 J\/Kg<\/strong>\u00a0(que es una cantidad moderada de energ\u00eda), y n\u00facleos de hasta\u00a0<strong>1.000 J\/Kg<\/strong>\u00a0(que son cantidades de energ\u00eda algo m\u00e1s destacables). As\u00ed, lo que este mapa nos indica es que\u00a0<strong>la probabilidad de chubascos y tormentas ser\u00e1 elevado en los principales sistemas monta\u00f1osos del sureste de la Pen\u00ednsula<\/strong>,\u00a0durante el pr\u00f3ximo fin de semana. Adem\u00e1s, se observa perfectamente que \u00e9stos valores elevados s\u00f3lo aparecen en \u00e1reas monta\u00f1osas: Sierra Morena, Sistemas B\u00e9ticos, e interior de la Comunidad Valenciana.<\/span><\/p>\n<p style=\"text-align: center;\"><img loading=\"lazy\" class=\"aligncenter  wp-image-394\" src=\"\/meteobadajoz\/wp-content\/uploads\/sites\/68\/2013\/05\/index.png\" alt=\"\" width=\"594\" height=\"496\" srcset=\"https:\/\/static-blogs.hoy.es\/wp-content\/uploads\/sites\/68\/2013\/05\/index.png 848w, https:\/\/static-blogs.hoy.es\/wp-content\/uploads\/sites\/68\/2013\/05\/index-300x250.png 300w, https:\/\/static-blogs.hoy.es\/wp-content\/uploads\/sites\/68\/2013\/05\/index-768x641.png 768w\" sizes=\"(max-width: 594px) 100vw, 594px\" \/><\/p>\n<p style=\"text-align: center;\"><span style=\"color: #000000;\"><strong>Valores de CAPE previstos para el s\u00e1bado 4 de mayo 2013, a las 18h &#8211; Modelo WRF.<\/strong><\/span><\/p>\n<p style=\"text-align: left;\"><span style=\"color: #000000;\">Si todo lo anterior lo miramos desde el punto de vista de las precipitaciones, observamos que, all\u00ed donde los valores de CAPE eran elevados, efectivamente el modelo refleja la aparici\u00f3n de algunos chubascos. Pero \u00e9ste <strong>no ser\u00e1 un episodio de tormentas generalizado<\/strong>, ni mucho menos, s\u00f3lo afectar\u00e1n a las sierras del centro y, sobre todo, sierras del sur y este peninsular. En principio, los chubascos que se formen durante el fin de semana, no afectar\u00e1n m\u00e1s all\u00e1 de las zonas monta\u00f1osas, debido a que cuando estos chubascos\/tormentas se desplazan de su lugar de origen, pierden much\u00edsima fuerza y acaban por desgastarse.<\/span><\/p>\n<p style=\"text-align: center;\"><img loading=\"lazy\" class=\"aligncenter  wp-image-396\" src=\"\/meteobadajoz\/wp-content\/uploads\/sites\/68\/2013\/05\/gfs_pi_prec_078.png\" alt=\"\" width=\"616\" height=\"462\" srcset=\"https:\/\/static-blogs.hoy.es\/wp-content\/uploads\/sites\/68\/2013\/05\/gfs_pi_prec_078.png 800w, https:\/\/static-blogs.hoy.es\/wp-content\/uploads\/sites\/68\/2013\/05\/gfs_pi_prec_078-300x225.png 300w, https:\/\/static-blogs.hoy.es\/wp-content\/uploads\/sites\/68\/2013\/05\/gfs_pi_prec_078-768x576.png 768w\" sizes=\"(max-width: 616px) 100vw, 616px\" \/><\/p>\n<p style=\"text-align: center;\"><span style=\"color: #000000;\"><strong>Precipitaciones previstas para el s\u00e1bado 4 de mayo 2013, a las 18h &#8211; Modelo GFS.<\/strong><\/span><\/p>\n<p style=\"text-align: left;\"><span style=\"color: #000000;\">As\u00ed que durante los pr\u00f3ximos d\u00edas las temperaturas ir\u00e1n subiendo, a la vez que se suceder\u00e1n algunos chubascos puntualmente tormentosos por las sierras del centro, sur y este de la Pen\u00ednsula. Pendientes tambi\u00e9n del <strong>ascenso t\u00e9rmico<\/strong> que se podr\u00eda producir para la pr\u00f3xima semana, porque parece que <strong>podr\u00edamos volver a superar los 30\u00baC<\/strong>, como ya lo hicimos a mediados del pasado mes de abril.<\/span><\/p>\n<p style=\"text-align: center;\"><strong><span style=\"color: #000000;\">Puedes seguir la cuenta de Twitter de este blog en<\/span> <span style=\"color: #ff0000;\"><a href=\"https:\/\/twitter.com\/MeteoBadajoz\" target=\"_blank\" rel=\"external nofollow\"><span style=\"color: #ff0000;\">@MeteoBadajoz<\/span><\/a><\/span><span style=\"color: #000000;\">, donde estar\u00e1s totalmente informados en todo momento de c\u00f3mo evolucionan los d\u00edas, as\u00ed como de noticias de inter\u00e9s meteorol\u00f3gico.<\/span><\/strong><\/p>\n<p style=\"text-align: center;\"><span style=\"text-decoration: underline; color: #000000;\"><strong>Si el art\u00edculo te ha parecido interesante, puedes ayudar a divulgarlo a trav\u00e9s de las redes sociales, con ayuda de los botones para compartir.<\/strong><\/span><\/p>\n<p style=\"text-align: center;\"><span style=\"color: #000000;\"><strong>\u00a1\u00a1Gracias!!<\/strong><\/span><\/p>\n<p style=\"text-align: center;\">\n<p><!-- AddThis Button BEGIN --><\/p>\n<div class=\"addthis_toolbox addthis_default_style \">\n<a class=\"addthis_button_facebook_like\" fb:like:layout=\"button_count\" href=\"\"><\/a><a class=\"addthis_button_tweet\" href=\"\"><\/a><a class=\"addthis_button_google_plusone\" g:plusone:size=\"medium\" href=\"\"><\/a><a class=\"addthis_counter addthis_pill_style\" href=\"\"><\/a><\/div>\n<p><!-- AddThis Button END --><\/p>\n<!-- AddThis Advanced Settings generic via filter on the_content --><!-- AddThis Share Buttons generic via filter on the_content -->","protected":false},"excerpt":{"rendered":"<p>Anomal\u00edas\u00a0de precipitaci\u00f3n en Europa previstas para mayo 2013 &#8211; \u00a0Modelo CFS. Comenzamos el mes de mayo, y lo hacemos con un progresivo ascenso de\u00a0las temperaturas que afectar\u00e1 a buena parte de la Pen\u00ednsula, y que nos\u00a0llevar\u00e1 a valores de hasta 25\u00b0C para el pr\u00f3ximo fin de semana. En la\u00a0imagen superior vemos las anomal\u00edas de precipitaci\u00f3n [&hellip;]<!-- AddThis Advanced Settings generic via filter on get_the_excerpt --><!-- AddThis Share Buttons generic via filter on get_the_excerpt --><\/p>\n","protected":false},"author":75,"featured_media":0,"comment_status":"open","ping_status":"closed","sticky":false,"template":"","format":"standard","meta":[],"categories":[4,5],"tags":[6,15,26,44,83,97,142,147],"_links":{"self":[{"href":"https:\/\/blogs.hoy.es\/meteobadajoz\/wp-json\/wp\/v2\/posts\/388"}],"collection":[{"href":"https:\/\/blogs.hoy.es\/meteobadajoz\/wp-json\/wp\/v2\/posts"}],"about":[{"href":"https:\/\/blogs.hoy.es\/meteobadajoz\/wp-json\/wp\/v2\/types\/post"}],"author":[{"embeddable":true,"href":"https:\/\/blogs.hoy.es\/meteobadajoz\/wp-json\/wp\/v2\/users\/75"}],"replies":[{"embeddable":true,"href":"https:\/\/blogs.hoy.es\/meteobadajoz\/wp-json\/wp\/v2\/comments?post=388"}],"version-history":[{"count":0,"href":"https:\/\/blogs.hoy.es\/meteobadajoz\/wp-json\/wp\/v2\/posts\/388\/revisions"}],"wp:attachment":[{"href":"https:\/\/blogs.hoy.es\/meteobadajoz\/wp-json\/wp\/v2\/media?parent=388"}],"wp:term":[{"taxonomy":"category","embeddable":true,"href":"https:\/\/blogs.hoy.es\/meteobadajoz\/wp-json\/wp\/v2\/categories?post=388"},{"taxonomy":"post_tag","embeddable":true,"href":"https:\/\/blogs.hoy.es\/meteobadajoz\/wp-json\/wp\/v2\/tags?post=388"}],"curies":[{"name":"wp","href":"https:\/\/api.w.org\/{rel}","templated":true}]}}