{"id":403,"date":"2013-05-07T20:43:13","date_gmt":"2013-05-07T18:43:13","guid":{"rendered":"http:\/\/blogs.hoy.es\/meteobadajoz\/?p=403"},"modified":"2013-05-07T20:43:13","modified_gmt":"2013-05-07T18:43:13","slug":"nace-un-foro-de-meteorologia-para-extremadura","status":"publish","type":"post","link":"https:\/\/blogs.hoy.es\/meteobadajoz\/2013\/05\/07\/nace-un-foro-de-meteorologia-para-extremadura\/","title":{"rendered":"Nace un foro de meteorolog\u00eda para Extremadura"},"content":{"rendered":"<p style=\"text-align: center;\"><img loading=\"lazy\" class=\"aligncenter  wp-image-404\" src=\"\/meteobadajoz\/wp-content\/uploads\/sites\/68\/2013\/05\/Foro.png\" alt=\"\" width=\"660\" height=\"358\" srcset=\"https:\/\/static-blogs.hoy.es\/wp-content\/uploads\/sites\/68\/2013\/05\/Foro.png 1375w, https:\/\/static-blogs.hoy.es\/wp-content\/uploads\/sites\/68\/2013\/05\/Foro-300x163.png 300w, https:\/\/static-blogs.hoy.es\/wp-content\/uploads\/sites\/68\/2013\/05\/Foro-768x417.png 768w, https:\/\/static-blogs.hoy.es\/wp-content\/uploads\/sites\/68\/2013\/05\/Foro-1024x556.png 1024w\" sizes=\"(max-width: 660px) 100vw, 660px\" \/><\/p>\n<p><span style=\"color: #000000;\">Despu\u00e9s de varias semanas pensando crear un lugar en el que\u00a0interaccionar con los aficionados a la meteorolog\u00eda, he\u00a0decidido\u00a0personalmente crear un<strong><a href=\"http:\/\/meteobadajoz.foroactivo.com\/\" target=\"_blank\" rel=\"external nofollow\"> foro de meteorolog\u00eda<\/a><\/strong>, en el que poder<strong>\u00a0reunir a la mayor cantidad de aficionados<\/strong>, <strong>compartir nuestra afici\u00f3n\u00a0con todos los interesados<\/strong>, y <strong>ofrecer una informaci\u00f3n m\u00e1s actualizada y\u00a0al alcance de\u00a0cualquiera<\/strong>. En principio, los foreros ser\u00edan principalmente de tierras\u00a0extreme\u00f1as, aunque tambi\u00e9n son <strong>totalmente bienvenidos<\/strong> aquellos\u00a0aficionados que pertenezcan a otra comunidad distinta.<\/span><\/p>\n<p><span style=\"color: #000000;\">Con todo \u00e9sto, lo que podemos conseguir es que, en un futuro, <strong>exista una gran &#8220;cobertura meteorol\u00f3gica&#8221; en Extremadura<\/strong>, y ofrecer un lugar en el que, tanto aficionados como no aficionados, puedan <strong>participar<\/strong> en el foro aportando datos de sus estaciones meteorol\u00f3gicas y\/o fotograf\u00edas desde su localidad, <strong>haciendo de su afici\u00f3n una gran labor informativa<\/strong>.<\/span><\/p>\n<p><span style=\"color: #000000;\">Este foro de meteorolog\u00eda estar\u00e1 totalmente abierto no s\u00f3lo a los aficionados, sino tambi\u00e9n a aquellos que quieran aventurarse en este mundo de la informaci\u00f3n y predicci\u00f3n del tiempo, y quieran participar activamente.<\/span><\/p>\n<p><span style=\"color: #000000;\">Al acceder al foro, destaca su <strong>ambientaci\u00f3n t\u00edpica de tiempo severo<\/strong>, con colores oscuros, rayos de fondo, o nubes tormentosas. Otro detalle del foro, y que es observable al pasar el cursor sobre los enlaces del foro, es un\u00a0<strong>efecto de tormenta el\u00e9ctrica<\/strong>, entre otras cosas.<\/span><\/p>\n<p><span style=\"color: #000000;\">En el foro quedar\u00e1n abiertos temas como: seguimiento meteorol\u00f3gico diario, seguimiento de situaciones especiales, seguimiento mensual de modelos, un rinc\u00f3n donde compartir fotograf\u00edas, en el apartado de &#8220;reportajes meteorol\u00f3gicos&#8221;, y <strong>muchos m\u00e1s apartados<\/strong> que ya est\u00e1n\u00a0incluidos\u00a0y los que todav\u00eda tienen que a\u00f1adirse. El foro <strong>funcionar\u00e1 paralelamente a este blog<\/strong>, de forma que muchos art\u00edculos del blog incluir\u00e1n recomendaciones de temas abiertos en el foro, con el fin de obtener informaci\u00f3n m\u00e1s actualizada.<\/span><\/p>\n<p><span style=\"color: #000000;\">Para poder participar en todo esto, <strong>es necesario estar registrado<\/strong>, y es <strong>totalmente gratis<\/strong>.<\/span><\/p>\n<p><strong><span style=\"color: #000000; font-size: medium;\">-\u00bfC\u00f3mo hacerlo?<\/span><\/strong><\/p>\n<p><span style=\"color: #000000; font-size: medium;\">Accediendo a <strong><a href=\"http:\/\/meteobadajoz.foroactivo.com\/register\" target=\"_blank\" rel=\"external nofollow\">esta direcci\u00f3n web<\/a><\/strong> podr\u00e1s registrarte gratis en el foro. \u00a1<strong>An\u00edmate<\/strong>! \u00a1A ver si podemos hacer una gran comunidad de aficionados e interesados por esta ciencia!<\/span><\/p>\n<p style=\"text-align: center;\"><span style=\"color: #000000;\"><strong>Puedes seguir la cuenta de Twitter de este blog en\u00a0<span style=\"color: #ff0000;\"><a href=\"https:\/\/twitter.com\/MeteoBadajoz\" rel=\"external nofollow\" target=\"_blank\"><span style=\"color: #ff0000;\">@MeteoBadajoz<\/span><\/a><\/span>, donde estar\u00e1s totalmente informados en todo momento de c\u00f3mo evolucionan los d\u00edas, as\u00ed como de noticias de inter\u00e9s meteorol\u00f3gico.<\/strong><\/span><\/p>\n<p style=\"text-align: center;\"><span style=\"color: #000000;\"><strong>Si el art\u00edculo te ha parecido interesante, puedes ayudar a divulgarlo a trav\u00e9s de las redes sociales, con ayuda de los botones para compartir.<\/strong><\/span><\/p>\n<p style=\"text-align: center;\"><span style=\"color: #000000;\"><strong>\u00a1\u00a1Gracias!!<\/strong><\/span><\/p>\n<!-- AddThis Advanced Settings generic via filter on the_content --><!-- AddThis Share Buttons generic via filter on the_content -->","protected":false},"excerpt":{"rendered":"<p>Despu\u00e9s de varias semanas pensando crear un lugar en el que\u00a0interaccionar con los aficionados a la meteorolog\u00eda, he\u00a0decidido\u00a0personalmente crear un foro de meteorolog\u00eda, en el que poder\u00a0reunir a la mayor cantidad de aficionados, compartir nuestra afici\u00f3n\u00a0con todos los interesados, y ofrecer una informaci\u00f3n m\u00e1s actualizada y\u00a0al alcance de\u00a0cualquiera. En principio, los foreros ser\u00edan principalmente de [&hellip;]<!-- AddThis Advanced Settings generic via filter on get_the_excerpt --><!-- AddThis Share Buttons generic via filter on get_the_excerpt --><\/p>\n","protected":false},"author":75,"featured_media":0,"comment_status":"open","ping_status":"closed","sticky":false,"template":"","format":"standard","meta":[],"categories":[4,5],"tags":[6,67,97,100],"_links":{"self":[{"href":"https:\/\/blogs.hoy.es\/meteobadajoz\/wp-json\/wp\/v2\/posts\/403"}],"collection":[{"href":"https:\/\/blogs.hoy.es\/meteobadajoz\/wp-json\/wp\/v2\/posts"}],"about":[{"href":"https:\/\/blogs.hoy.es\/meteobadajoz\/wp-json\/wp\/v2\/types\/post"}],"author":[{"embeddable":true,"href":"https:\/\/blogs.hoy.es\/meteobadajoz\/wp-json\/wp\/v2\/users\/75"}],"replies":[{"embeddable":true,"href":"https:\/\/blogs.hoy.es\/meteobadajoz\/wp-json\/wp\/v2\/comments?post=403"}],"version-history":[{"count":0,"href":"https:\/\/blogs.hoy.es\/meteobadajoz\/wp-json\/wp\/v2\/posts\/403\/revisions"}],"wp:attachment":[{"href":"https:\/\/blogs.hoy.es\/meteobadajoz\/wp-json\/wp\/v2\/media?parent=403"}],"wp:term":[{"taxonomy":"category","embeddable":true,"href":"https:\/\/blogs.hoy.es\/meteobadajoz\/wp-json\/wp\/v2\/categories?post=403"},{"taxonomy":"post_tag","embeddable":true,"href":"https:\/\/blogs.hoy.es\/meteobadajoz\/wp-json\/wp\/v2\/tags?post=403"}],"curies":[{"name":"wp","href":"https:\/\/api.w.org\/{rel}","templated":true}]}}