{"id":405,"date":"2013-05-09T14:46:06","date_gmt":"2013-05-09T12:46:06","guid":{"rendered":"http:\/\/blogs.hoy.es\/meteobadajoz\/?p=405"},"modified":"2013-05-09T14:46:06","modified_gmt":"2013-05-09T12:46:06","slug":"posible-episodio-de-tormentas","status":"publish","type":"post","link":"https:\/\/blogs.hoy.es\/meteobadajoz\/2013\/05\/09\/posible-episodio-de-tormentas\/","title":{"rendered":"Posible episodio de tormentas la pr\u00f3xima semana"},"content":{"rendered":"<p><!-- AddThis Button BEGIN --><\/p>\n<div class=\"addthis_toolbox addthis_default_style \">\n<a class=\"addthis_button_facebook_like\" fb:like:layout=\"button_count\" href=\"\"><\/a><a class=\"addthis_button_tweet\" href=\"\"><\/a><a class=\"addthis_button_google_plusone\" g:plusone:size=\"medium\" href=\"\"><\/a><a class=\"addthis_counter addthis_pill_style\" href=\"\"><\/a><\/div>\n<p><!-- AddThis Button END --><\/p>\n<p style=\"text-align: center;\"><img loading=\"lazy\" class=\"aligncenter  wp-image-406\" src=\"\/meteobadajoz\/wp-content\/uploads\/sites\/68\/2013\/05\/image3897.png\" alt=\"\" width=\"650\" height=\"418\" \/><\/p>\n<p style=\"text-align: center;\"><span style=\"color: #000000;\"><strong>An\u00e1lisis de la posible situaci\u00f3n para\u00a0mediados\u00a0del mes de mayo 2013 &#8211; Gran desalojo de aire fr\u00edo desde el Atl\u00e1ntico Norte, hacia la Pen\u00ednsula.<\/strong><\/span><\/p>\n<p><span style=\"color: #000000;\">Despu\u00e9s de varias jornadas consecutivas viendo c\u00f3mo d\u00eda tras d\u00eda, la\u00a0dorsal africana se nos iba echando encima, los modelos, hace apenas\u00a0unos d\u00edas, dieron un cambio brusco en sus predicciones (t\u00edpico de la\u00a0\u00e9poca), mostrando la llegada de una<strong> invasi\u00f3n de aire fr\u00edo en todos los\u00a0niveles de la Troposfera<\/strong> para la pr\u00f3xima semana, que volver\u00eda a\u00a0dejarnos un importante descenso de las temperaturas, y la llegada de algunas precipitaciones que m\u00e1s adelante analizaremos con m\u00e1s detalle.<!--more--><\/span><\/p>\n<p><span style=\"color: #000000;\">La presente semana acabar\u00e1 con temperaturas <strong>por encima de los 30\u00b0C<\/strong>, y\u00a0cada vez con un ambiente algo menos nuboso que en jornadas anteriores,\u00a0y con menor riesgo de lluvias. La borrasca Atl\u00e1ntica que nos ha dejado\u00a0tanta nubosidad estos \u00faltimos d\u00edas, se aleja de la Pen\u00ednsula, pero\u00a0podr\u00eda volver a visitarnos otra borrasca en la pr\u00f3xima semana, llegando desde\u00a0el noroeste, m\u00e1s profunda y, sobre todo, <strong>m\u00e1s activa<\/strong>.<\/span><\/p>\n<p><span style=\"color: #000000;\">Lo que se va a explicar a continuaci\u00f3n es lo que muestran los modelos\u00a0a fecha de hoy, y es recomendable no hacerse demasiado caso de estas\u00a0predicciones, dada su gran lejan\u00eda en el tiempo, y tomarlo s\u00f3lo con\u00a0una probable tendencia.<\/span><\/p>\n<p><span style=\"color: #000000;\">Si cogemos los datos de temperaturas registradas en la Pen\u00ednsula\u00a0durante los \u00faltimos d\u00edas, observaremos que tras el brusco descenso\u00a0t\u00e9rmico producido a finales de abril 2013 y comienzos de mayo, en\u00a0general, la tendencia ha ido en ascenso en todo el pa\u00eds.<\/span><\/p>\n<p><span style=\"color: #000000;\">En Badajoz, desde el d\u00eda 2 de mayo hasta hoy, hemos registrado temperaturas m\u00e1ximas iguales o superiores a los 25\u00b0C, con\u00a0al menos\u00a0tres d\u00edas con m\u00e1ximas rondando los 27-28\u00b0C, e incluso de hasta\u00a030\u00b0C el pasado martes 7 de mayo. Y le tendremos que sumar el calor que\u00a0todav\u00eda se espera para los pr\u00f3ximos d\u00edas, especialmente para las\u00a0jornadas del domingo y lunes (momento \u00e1lgido de este episodio de\u00a0calor).<\/span><\/p>\n<p><span style=\"color: #000000;\">Por tanto, llevamos <strong>varios d\u00edas acumulando calor<\/strong>, y eso se deja sentir\u00a0tambi\u00e9n en la evoluci\u00f3n de las temperaturas m\u00ednimas, comenzando por\u00a0los 6,5\u00b0C del pasado 2 de mayo, hasta los 17\u00b0C de m\u00ednima el d\u00eda 8,\u00a0aunque tambi\u00e9n ha estado influenciado por la presencia de abundante\u00a0nubosidad, que ha ido en aumento a lo largo de la semana.<\/span><\/p>\n<p><span style=\"color: #000000;\">Lo que podr\u00eda ocurrir de cara a la pr\u00f3xima semana, es que entre el\u00a0anticicl\u00f3n de las Azores, y un conjunto de varias borrascas ubicadas hacia el oeste y norte de Europa, se configurar\u00e1 un pasillo de\u00a0vientos de componente norte-noroeste, que arrastrar\u00e1n una extensa <strong>masa de\u00a0aire polar mar\u00edtima<\/strong> (polar= fr\u00eda y de latitudes altas; mar\u00edtima=\u00a0contiene mucha humedad, debido a que tiene gran recorrido mar\u00edtimo),\u00a0empuj\u00e1ndola hacia la Pen\u00ednsula.<\/span><\/p>\n<p style=\"text-align: center;\"><img loading=\"lazy\" class=\"aligncenter  wp-image-407\" src=\"\/meteobadajoz\/wp-content\/uploads\/sites\/68\/2013\/05\/Capturam.png\" alt=\"\" width=\"645\" height=\"403\" srcset=\"https:\/\/static-blogs.hoy.es\/wp-content\/uploads\/sites\/68\/2013\/05\/Capturam.png 976w, https:\/\/static-blogs.hoy.es\/wp-content\/uploads\/sites\/68\/2013\/05\/Capturam-300x188.png 300w, https:\/\/static-blogs.hoy.es\/wp-content\/uploads\/sites\/68\/2013\/05\/Capturam-768x480.png 768w\" sizes=\"(max-width: 645px) 100vw, 645px\" \/><\/p>\n<p style=\"text-align: center;\"><span style=\"color: #000000;\"><strong>Precipitaciones esperadas por el modelo\u00a0europeo\u00a0(ECMWF) para la tarde-noche del pr\u00f3ximo martes 14 de mayo y primera mitad de la madrugada del mi\u00e9rcoles 15 de mayo &#8211; Explosi\u00f3n convectiva por todo el oeste, centro y norte peninsular.<\/strong><\/span><\/p>\n<p><span style=\"color: #000000;\">Lo que deber\u00eda preocuparnos no es el descenso acusado de temperaturas\u00a0que se podr\u00eda producir en muy pocos d\u00edas, sino el <strong>fuerte contraste\u00a0t\u00e9rmico<\/strong> que podr\u00eda existir sobre la Pen\u00ednsula entre diferentes niveles\u00a0de la Troposfera. Estamos ya en una \u00e9poca con<strong> mucha m\u00e1s radiaci\u00f3n solar<\/strong> que\u00a0durante semanas o meses anteriores, y las diferencias de temperaturas\u00a0empiezan a ser importantes. A nivel de la superficie (a nivel del\u00a0suelo) encontraremos el <strong>calor acumulado<\/strong> durante estos d\u00edas de\u00a0temperaturas bochornosas, pero en capas altas, tendremos <strong>much\u00edsimo\u00a0aire fr\u00edo<\/strong>, por lo que esa gran diferencia t\u00e9rmica podr\u00eda provocar (<span style=\"text-decoration: underline;\">si\u00a0se cumplen los pron\u00f3sticos<\/span>) la formaci\u00f3n de <strong>abundantes chubascos y tormentas<\/strong> por gran parte de la Pen\u00ednsula. Tanto es as\u00ed, que podr\u00eda\u00a0tratarse del <strong>primer <span style=\"text-decoration: underline;\">episodio serio<\/span> de tormentas de la temporada en Espa\u00f1a<\/strong> y,\u00a0adem\u00e1s, de una forma <strong>casi generalizada<\/strong>.<\/span><\/p>\n<p><span style=\"color: #000000;\">Estos d\u00edas atr\u00e1s, algunos modelos incluso planteaban la formaci\u00f3n de\u00a0una extensa l\u00ednea de tormentas sobre la Pen\u00ednsula, uniendo en linea\u00a0recta el suroeste de la Pen\u00ednsula, con el norte peninsular. Eso algo\u00a0que poco a poco se ha normalizado, desapareciendo ese frente\u00a0tormentoso, pero todav\u00eda mostrando la formaci\u00f3n de <strong>bastantes chubascos\u00a0y tormentas por casi todo el pa\u00eds<\/strong>. Lo vemos muy bien representado por ejemplo en el mapa superior, del modelo europeo, en el que el acercamiento del aire fr\u00edo en altura a medidos de semana, interaccionar\u00e1 con el aire c\u00e1lido acumulado en superficie, provocando, <span style=\"text-decoration: underline;\"><strong>probablemente<\/strong><\/span>, una &#8220;<em>explosi\u00f3n convectiva<\/em>&#8221; sobre el oeste y norte peninsular.\u00a0<\/span><span style=\"color: #000000;\">Pero todo esto tendremos que seguirlo muy de cerca porque acostumbran a producirse grandes cambios en estas predicciones tan lejanas.<\/span><\/p>\n<p><span style=\"color: #000000;\">Tras ese posible episodio de tormentas, el frente fr\u00edo que separa la masa de aire c\u00e1lido (por delante del frente y sobre la Pen\u00ednsula) de la masa de aire fr\u00edo (por detr\u00e1s del frente), barrer\u00e1 todas las tormentas que haya sobre la Pen\u00ednsula, produci\u00e9ndose pocas horas despu\u00e9s un <strong>importante descenso de las temperaturas<\/strong> como consecuencia de la expansi\u00f3n del aire fr\u00edo por todo el pa\u00eds, y posterior llegada de nuevas precipitaciones, aunque ya asociadas a la propia borrasca.<\/span><\/p>\n<p><span style=\"color: #000000;\">As\u00ed que muy atentos a c\u00f3mo evoluciona todo \u00e9sto, porque podr\u00edamos hablar de un buen episodio de tormentas en la Pen\u00ednsula y,\u00a0posteriormente, \u00a0un destacado descenso t\u00e9rmico generalizado. De momento, en lo que queda de semana, seguiremos en general con tiempo estable, algunas nubes y temperaturas que tienden a subir.\u00a0En el <span style=\"color: #0000ff;\"><strong><a href=\"http:\/\/meteobadajoz.foroactivo.com\/t5-seguimiento-de-modelos-mayo-2013\" target=\"_blank\" rel=\"external nofollow\"><span style=\"color: #0000ff;\">nuevo foro de meteorolog\u00eda<\/span><\/a><\/strong><\/span> ya hemos empezado a analizar cada\u00a0d\u00eda las actualizaciones de los modelos.<\/span><\/p>\n<p style=\"text-align: center;\"><span style=\"color: #000000;\"><strong>Puedes seguir la cuenta de Twitter de este blog en <span style=\"color: #ff0000;\"><a href=\"https:\/\/twitter.com\/MeteoBadajoz\" target=\"_blank\" rel=\"external nofollow\"><span style=\"color: #ff0000;\">@MeteoBadajoz<\/span><\/a><\/span>, donde estar\u00e1s totalmente informados en todo momento de c\u00f3mo evolucionan los d\u00edas, as\u00ed como de noticias de inter\u00e9s meteorol\u00f3gico.<\/strong><\/span><\/p>\n<p style=\"text-align: center;\"><span style=\"color: #000000;\"><strong>Si el art\u00edculo te ha parecido interesante, puedes ayudar a divulgarlo a trav\u00e9s de las redes sociales, con ayuda de los botones para compartir.<\/strong><\/span><\/p>\n<p style=\"text-align: center;\"><span style=\"color: #000000;\"><strong>\u00a1\u00a1Gracias!!<\/strong><\/span><\/p>\n<p><!-- AddThis Button BEGIN --><\/p>\n<div class=\"addthis_toolbox addthis_default_style \">\n<a class=\"addthis_button_facebook_like\" fb:like:layout=\"button_count\" href=\"\"><\/a><a class=\"addthis_button_tweet\" href=\"\"><\/a><a class=\"addthis_button_google_plusone\" g:plusone:size=\"medium\" href=\"\"><\/a><a class=\"addthis_counter addthis_pill_style\" href=\"\"><\/a><\/div>\n<p><!-- AddThis Button END --><\/p>\n<!-- AddThis Advanced Settings generic via filter on the_content --><!-- AddThis Share Buttons generic via filter on the_content -->","protected":false},"excerpt":{"rendered":"<p>An\u00e1lisis de la posible situaci\u00f3n para\u00a0mediados\u00a0del mes de mayo 2013 &#8211; Gran desalojo de aire fr\u00edo desde el Atl\u00e1ntico Norte, hacia la Pen\u00ednsula. Despu\u00e9s de varias jornadas consecutivas viendo c\u00f3mo d\u00eda tras d\u00eda, la\u00a0dorsal africana se nos iba echando encima, los modelos, hace apenas\u00a0unos d\u00edas, dieron un cambio brusco en sus predicciones (t\u00edpico de la\u00a0\u00e9poca), [&hellip;]<!-- AddThis Advanced Settings generic via filter on get_the_excerpt --><!-- AddThis Share Buttons generic via filter on get_the_excerpt --><\/p>\n","protected":false},"author":75,"featured_media":0,"comment_status":"open","ping_status":"closed","sticky":false,"template":"","format":"standard","meta":[],"categories":[4,5],"tags":[6,26,36,44,83,90,91,147],"_links":{"self":[{"href":"https:\/\/blogs.hoy.es\/meteobadajoz\/wp-json\/wp\/v2\/posts\/405"}],"collection":[{"href":"https:\/\/blogs.hoy.es\/meteobadajoz\/wp-json\/wp\/v2\/posts"}],"about":[{"href":"https:\/\/blogs.hoy.es\/meteobadajoz\/wp-json\/wp\/v2\/types\/post"}],"author":[{"embeddable":true,"href":"https:\/\/blogs.hoy.es\/meteobadajoz\/wp-json\/wp\/v2\/users\/75"}],"replies":[{"embeddable":true,"href":"https:\/\/blogs.hoy.es\/meteobadajoz\/wp-json\/wp\/v2\/comments?post=405"}],"version-history":[{"count":0,"href":"https:\/\/blogs.hoy.es\/meteobadajoz\/wp-json\/wp\/v2\/posts\/405\/revisions"}],"wp:attachment":[{"href":"https:\/\/blogs.hoy.es\/meteobadajoz\/wp-json\/wp\/v2\/media?parent=405"}],"wp:term":[{"taxonomy":"category","embeddable":true,"href":"https:\/\/blogs.hoy.es\/meteobadajoz\/wp-json\/wp\/v2\/categories?post=405"},{"taxonomy":"post_tag","embeddable":true,"href":"https:\/\/blogs.hoy.es\/meteobadajoz\/wp-json\/wp\/v2\/tags?post=405"}],"curies":[{"name":"wp","href":"https:\/\/api.w.org\/{rel}","templated":true}]}}