{"id":409,"date":"2013-05-12T22:49:40","date_gmt":"2013-05-12T20:49:40","guid":{"rendered":"http:\/\/blogs.hoy.es\/meteobadajoz\/?p=409"},"modified":"2013-05-12T22:49:40","modified_gmt":"2013-05-12T20:49:40","slug":"inicio-de-semana-marcado-por-las-tormentas","status":"publish","type":"post","link":"https:\/\/blogs.hoy.es\/meteobadajoz\/2013\/05\/12\/inicio-de-semana-marcado-por-las-tormentas\/","title":{"rendered":"Inicio de semana marcado por las tormentas"},"content":{"rendered":"<p><!-- AddThis Button BEGIN --><\/p>\n<div class=\"addthis_toolbox addthis_default_style \">\n<a class=\"addthis_button_facebook_like\" fb:like:layout=\"button_count\" href=\"\"><\/a><a class=\"addthis_button_tweet\" href=\"\"><\/a><a class=\"addthis_button_google_plusone\" g:plusone:size=\"medium\" href=\"\"><\/a><a class=\"addthis_counter addthis_pill_style\" href=\"\"><\/a><\/div>\n<p><!-- AddThis Button END --><\/p>\n<p style=\"text-align: center;\"><img loading=\"lazy\" class=\"aligncenter\" src=\"\/\/nsae01.casimages.net\/img\/2013\/05\/12\/130512102126932151.png\" alt=\"\" width=\"611\" height=\"412\" \/><\/p>\n<p><span style=\"color: #000000;\">Tal y como se ha venido anunciando en <strong><a href=\"https:\/\/blogs.hoy.es\/meteobadajoz\/2013\/05\/09\/posible-episodio-de-tormentas\/\" target=\"_blank\">este blog<\/a><\/strong>, y en el <strong><a href=\"http:\/\/meteobadajoz.foroactivo.com\/t5-seguimiento-de-modelos-mayo-2013#36\" target=\"_blank\" rel=\"external nofollow\">seguimiento de\u00a0modelos del foro<\/a><\/strong> durante los \u00faltimos d\u00edas, esta semana podr\u00eda\u00a0dejarnos un breve <strong>episodio de tormentas<\/strong>,\u00a0que podr\u00e1 afectar a <strong>gran de la Pen\u00ednsula<\/strong>, excepto en zonas de\u00a0costa, donde ese riesgo de tormentas es mucho menor.<!--more--><\/span><\/p>\n<p><span style=\"color: #000000;\">El domingo nos ha dejado valores m\u00e1ximos incluso por encima de los 30\u00b0C\u00a0en algunas zonas de Extremadura, y la jornada del lunes promete ser bastante calurosa, con m\u00e1ximas superiores a los <strong>30-31\u00b0C<\/strong> en las zonas m\u00e1s calurosas\u00a0de la regi\u00f3n.<\/span><\/p>\n<p><span style=\"color: #000000;\">Todo este calor que hemos acumulado durante estos \u00faltimos d\u00edas,\u00a0<strong>servir\u00e1\u00a0de combustible<\/strong>, junto con la presencia de <strong>suficiente humedad<\/strong> en capas\u00a0medias y altas de la Troposfera, y algo de <strong>aire fr\u00edo en altura<\/strong>. Esa\u00a0combinaci\u00f3n de factores, favorecer\u00e1 la aparici\u00f3n, casi generalizada,\u00a0de chubascos moderados que, de forma puntual, podr\u00edan mostrarse con\u00a0car\u00e1cter\u00a0<strong>tormentoso<\/strong> y, quiz\u00e1s, localmente acompa\u00f1ados de alg\u00fan\u00a0<strong>episodio de granizo<\/strong>.<\/span><\/p>\n<p><img loading=\"lazy\" class=\"aligncenter\" src=\"\/\/nsae01.casimages.net\/img\/2013\/05\/12\/130512094233239016.gif\" alt=\"\" width=\"600\" height=\"450\" \/><\/p>\n<p style=\"text-align: center;\"><strong><span style=\"color: #000000;\">Evoluci\u00f3n de las precipitaciones esperadas por el modelo WRF para los pr\u00f3ximos d\u00edas.<\/span><\/strong><\/p>\n<p><span style=\"color: #000000;\">Durante la tarde del lunes ya empezaremos a notar cierto aumento de la\u00a0nubosidad, sobre todo en zonas de sierra, y en las horas centrales\u00a0del d\u00eda podr\u00edan activarse los primeros chubascos hacia el centro de la Pen\u00ednsula. En Extremadura puede que alguno se forme ya a \u00faltimas horas de la ma\u00f1ana, asociados al entorno de Las Villuercas y en puntos del sureste.\u00a0Durante\u00a0la tarde, la inestabilidad ir\u00e1 <strong>claramente en aumento<\/strong>, con la formaci\u00f3n de <strong>chubascos repartidos<\/strong> por todo el sur y este de la regi\u00f3n (principalmente), pero tambi\u00e9n podr\u00e1n formarse en otras zonas de sierra del norte, centro, y oeste de la regi\u00f3n.<\/span><\/p>\n<p><span style=\"color: #000000;\">Cabe destacar, que el lunes las precipitaciones aparecer\u00e1n sobre todo hacia el final del d\u00eda, y de\u00a0madrugada\u00a0ni mucho menos perder\u00e1n fuerza (o al menos eso muestran los modelos), de forma que durante la noche del lunes-martes, <strong>los chubascos se podr\u00edan extender<\/strong> a m\u00e1s zonas del centro y norte de la regi\u00f3n.<\/span><\/p>\n<p><span style=\"color: #000000;\">El martes por la ma\u00f1ana, podr\u00edamos despertar con un ambiente bastante nuboso, con los restos de los chubascos y tormentas del d\u00eda anterior y los que se formen de madrugada. Pero sin tiempo para la pausa, de\u00a0cara\u00a0a la tarde del martes, volver\u00e1n a formarse <strong>chubascos y\/o tormentas<\/strong>,<strong> irregularmente repartidos<\/strong> por pr\u00e1cticamente toda la regi\u00f3n, <strong>especialmente en zonas de sierra<\/strong>.<\/span><\/p>\n<p style=\"text-align: center;\"><img loading=\"lazy\" class=\"aligncenter  wp-image-410\" src=\"\/meteobadajoz\/wp-content\/uploads\/sites\/68\/2013\/05\/Mpaa-lluvias.png\" alt=\"\" width=\"648\" height=\"404\" srcset=\"https:\/\/static-blogs.hoy.es\/wp-content\/uploads\/sites\/68\/2013\/05\/Mpaa-lluvias.png 981w, https:\/\/static-blogs.hoy.es\/wp-content\/uploads\/sites\/68\/2013\/05\/Mpaa-lluvias-300x187.png 300w, https:\/\/static-blogs.hoy.es\/wp-content\/uploads\/sites\/68\/2013\/05\/Mpaa-lluvias-768x478.png 768w\" sizes=\"(max-width: 648px) 100vw, 648px\" \/><\/p>\n<p style=\"text-align: center;\"><strong><span style=\"color: #000000;\">Distribuci\u00f3n aproximada de las precipitaciones previstas por el modelo Europeo (ECMWF), y an\u00e1lisis de las situaciones que afectar\u00e1n a la Pen\u00ednsula a lo largo de la semana.<\/span><\/strong><\/p>\n<p><span style=\"color: #000000;\">Lo mismo podr\u00eda\u00a0ocurrir\u00a0el mi\u00e9rcoles, aunque poco a poco el frente fr\u00edo entrar\u00e1 por el noroeste, e ir\u00e1 barriendo esas precipitaciones de origen\u00a0convectivo,\u00a0 para dar paso a <strong>lluvias frontales<\/strong> (asociadas al frente), que son algo <strong>menos intensas y m\u00e1s continuas<\/strong>. A partir del mi\u00e9rcoles, y tras el paso del frente, <strong>descenso notable de las temperaturas en toda la Pen\u00ednsula<\/strong> debido a la entrada del aire fr\u00edo que viaja detr\u00e1s del frente y junto a la borrasca.<\/span><\/p>\n<p><span style=\"color: #000000;\">As\u00ed que ambiente muy revuelto para los pr\u00f3ximos d\u00edas, y muy pendientes de c\u00f3mo evoluciona esta nueva situaci\u00f3n\u00a0inestable, porque podr\u00eda dejarnos algunas tormentas por gran parte del\u00a0centro peninsular y,\u00a0posteriormente,\u00a0un descenso generalizado de las temperaturas. Ya saben que la\u00a0predicci\u00f3n\u00a0de chubascos y tormentas <strong style=\"color: #000000;\">es muy\u00a0dif\u00edcil\u00a0de modelizar por los modelos<\/strong>, y no siempre se cumple lo que \u00e9stos dicen, a\u00fan trat\u00e1ndose de una predicci\u00f3n a muy pocas horas vista, por lo que se hace necesario seguir la situaci\u00f3n en todo momento.<\/span><\/p>\n<p><span><span style=\"color: #000000;\">Para un buen seguimiento es recomendable mirar las<\/span> <strong><a href=\"http:\/\/www.sat24.com\/sp\" target=\"_blank\" rel=\"external nofollow\">\u00faltimas im\u00e1genes de sat\u00e9lite<\/a><\/strong><span style=\"color: #000000;\">, el<\/span> <strong><a href=\"http:\/\/www.aemet.es\/es\/eltiempo\/observacion\/radar?w=1&#038;p=cc\" target=\"_blank\" rel=\"external nofollow\">radar de C\u00e1ceres de la AEMET<\/a><\/strong><span style=\"color: #000000;\">, y tambi\u00e9n el<\/span> <strong><a href=\"http:\/\/www.ipma.pt\/pt\/otempo\/obs.radar\/\" target=\"_blank\" rel=\"external nofollow\">radar del Instituto Meteorol\u00f3gico\u00a0Portugu\u00e9s<\/a><\/strong><span style=\"color: #000000;\">, as\u00ed como el<\/span> <strong><a href=\"http:\/\/www.aemet.es\/es\/eltiempo\/prediccion\/avisos\" target=\"_blank\" rel=\"external nofollow\">mapa de avisos meteorol\u00f3gicos de la AEMET<\/a><\/strong>.<\/span><\/p>\n<p>&nbsp;<\/p>\n<p style=\"text-align: center;\"><span style=\"font-size: large;\"><strong><span style=\"color: #ff0000;\">&#8211; ACTUALIZACI\u00d3N DE \u00daLTIMA HORA (Lunes 13 a las 16:00h)-<\/span><\/strong><\/span><\/p>\n<p style=\"text-align: center;\"><strong><span style=\"color: #000000;\">La AEMET activa los primeros avisos por lluvias y tormentas en Extremadura para la jornada del martes 14 de Mayo de 2013. Comenzando a las 00h, hasta las 18h del mismo d\u00eda. Detalles:<\/span><\/strong><\/p>\n<p style=\"text-align: center;\"><img loading=\"lazy\" class=\"aligncenter size-full wp-image-413\" title=\"\" src=\"\/meteobadajoz\/wp-content\/uploads\/sites\/68\/2013\/05\/jl.png\" alt=\"\" width=\"585\" height=\"299\" srcset=\"https:\/\/static-blogs.hoy.es\/wp-content\/uploads\/sites\/68\/2013\/05\/jl.png 585w, https:\/\/static-blogs.hoy.es\/wp-content\/uploads\/sites\/68\/2013\/05\/jl-300x153.png 300w\" sizes=\"(max-width: 585px) 100vw, 585px\" \/><\/p>\n<p style=\"text-align: center;\"><img loading=\"lazy\" class=\"aligncenter  wp-image-411\" src=\"\/meteobadajoz\/wp-content\/uploads\/sites\/68\/2013\/05\/rect3018.png\" alt=\"\" width=\"601\" height=\"432\" \/><\/p>\n<p style=\"text-align: center;\">\n<p style=\"text-align: center;\"><strong><span style=\"color: #000000;\">Puedes seguir la cuenta de Twitter de este blog en\u00a0<\/span><span style=\"color: #ff0000;\"><a href=\"https:\/\/twitter.com\/MeteoBadajoz\" rel=\"external nofollow\" target=\"_blank\"><span style=\"color: #ff0000;\">@MeteoBadajoz<\/span><\/a><\/span><span style=\"color: #000000;\">, donde estar\u00e1s totalmente informados en todo momento de c\u00f3mo evolucionan los d\u00edas, as\u00ed como de noticias de inter\u00e9s meteorol\u00f3gico.<\/span><\/strong><\/p>\n<p style=\"text-align: center;\"><span style=\"color: #000000;\"><strong>Si el art\u00edculo te ha parecido interesante, puedes ayudar a divulgarlo a trav\u00e9s de las redes sociales, con ayuda de los botones para compartir.<\/strong><\/span><\/p>\n<p style=\"text-align: center;\"><span style=\"color: #000000;\"><strong>\u00a1\u00a1Gracias!!<\/strong><\/span><\/p>\n<p><!-- AddThis Button BEGIN --><\/p>\n<div class=\"addthis_toolbox addthis_default_style \">\n<a class=\"addthis_button_facebook_like\" fb:like:layout=\"button_count\" href=\"\"><\/a><a class=\"addthis_button_tweet\" href=\"\"><\/a><a class=\"addthis_button_google_plusone\" g:plusone:size=\"medium\" href=\"\"><\/a><a class=\"addthis_counter addthis_pill_style\" href=\"\"><\/a><\/div>\n<p><!-- AddThis Button END --><\/p>\n<!-- AddThis Advanced Settings generic via filter on the_content --><!-- AddThis Share Buttons generic via filter on the_content -->","protected":false},"excerpt":{"rendered":"<p>Tal y como se ha venido anunciando en este blog, y en el seguimiento de\u00a0modelos del foro durante los \u00faltimos d\u00edas, esta semana podr\u00eda\u00a0dejarnos un breve episodio de tormentas,\u00a0que podr\u00e1 afectar a gran de la Pen\u00ednsula, excepto en zonas de\u00a0costa, donde ese riesgo de tormentas es mucho menor.<!-- AddThis Advanced Settings generic via filter on get_the_excerpt --><!-- AddThis Share Buttons generic via filter on get_the_excerpt --><\/p>\n","protected":false},"author":75,"featured_media":0,"comment_status":"open","ping_status":"closed","sticky":false,"template":"","format":"standard","meta":[],"categories":[4,5],"tags":[6,83,97,102,147],"_links":{"self":[{"href":"https:\/\/blogs.hoy.es\/meteobadajoz\/wp-json\/wp\/v2\/posts\/409"}],"collection":[{"href":"https:\/\/blogs.hoy.es\/meteobadajoz\/wp-json\/wp\/v2\/posts"}],"about":[{"href":"https:\/\/blogs.hoy.es\/meteobadajoz\/wp-json\/wp\/v2\/types\/post"}],"author":[{"embeddable":true,"href":"https:\/\/blogs.hoy.es\/meteobadajoz\/wp-json\/wp\/v2\/users\/75"}],"replies":[{"embeddable":true,"href":"https:\/\/blogs.hoy.es\/meteobadajoz\/wp-json\/wp\/v2\/comments?post=409"}],"version-history":[{"count":0,"href":"https:\/\/blogs.hoy.es\/meteobadajoz\/wp-json\/wp\/v2\/posts\/409\/revisions"}],"wp:attachment":[{"href":"https:\/\/blogs.hoy.es\/meteobadajoz\/wp-json\/wp\/v2\/media?parent=409"}],"wp:term":[{"taxonomy":"category","embeddable":true,"href":"https:\/\/blogs.hoy.es\/meteobadajoz\/wp-json\/wp\/v2\/categories?post=409"},{"taxonomy":"post_tag","embeddable":true,"href":"https:\/\/blogs.hoy.es\/meteobadajoz\/wp-json\/wp\/v2\/tags?post=409"}],"curies":[{"name":"wp","href":"https:\/\/api.w.org\/{rel}","templated":true}]}}