{"id":41,"date":"2012-10-09T20:09:00","date_gmt":"2012-10-09T20:09:00","guid":{"rendered":"http:\/\/blogs.hoy.es\/meteobadajoz\/2012\/10\/09\/prediccion-para-el-1011-y-12-de-octubre\/"},"modified":"2012-10-09T20:09:00","modified_gmt":"2012-10-09T20:09:00","slug":"prediccion-para-el-1011-y-12-de-octubre","status":"publish","type":"post","link":"https:\/\/blogs.hoy.es\/meteobadajoz\/2012\/10\/09\/prediccion-para-el-1011-y-12-de-octubre\/","title":{"rendered":"Predicci\u00f3n para el 10,11 y 12 de Octubre."},"content":{"rendered":"<div style=\"clear: both;text-align: center\"><a href=\"http:\/\/1.bp.blogspot.com\/-lV0hQWCM7Cg\/UHSCt8KzDzI\/AAAAAAAADaE\/6orJ9zC6KaY\/s1600\/hirlam_pi_prec_054.png\" rel=\"external nofollow\"><img loading=\"lazy\" border=\"0\" height=\"480\" src=\"\/\/1.bp.blogspot.com\/-lV0hQWCM7Cg\/UHSCt8KzDzI\/AAAAAAAADaE\/6orJ9zC6KaY\/s640\/hirlam_pi_prec_054.png\" width=\"640\" \/><\/a><\/div>\n<div style=\"clear: both;text-align: center\"><span style=\"font-family: Helvetica Neue, Arial, Helvetica, sans-serif\"><b>Mapa del modelo HIRLAM, de las precipitaciones previstas para el pr\u00f3ximo jueves a las 18h, momento en el que las precipitaciones (en general d\u00e9biles) se extender\u00e1n por muchos puntos de la pen\u00ednsula.<\/b><\/span><\/div>\n<div style=\"clear: both;text-align: center\"><span style=\"font-family: Helvetica Neue, Arial, Helvetica, sans-serif\"><b><br \/><\/b><\/span><\/div>\n<div style=\"clear: both;text-align: left\"><span style=\"font-family: Helvetica Neue, Arial, Helvetica, sans-serif\">Despu\u00e9s de bastantes d\u00edas de Sol y temperaturas bastante altas en pr\u00e1cticamente todo el pa\u00eds, parece que en los pr\u00f3ximos d\u00edas, tanto el estado del cielo como las temperaturas, tienden a cambiar. Llegan varios frentes desde el noroeste de la pen\u00ednsula que provocar\u00e1n el esperado cambio de tiempo.<\/span><\/div>\n<div style=\"clear: both;text-align: left\"><span style=\"font-family: Helvetica Neue, Arial, Helvetica, sans-serif\"><br \/><\/span><\/div>\n<div style=\"clear: both;text-align: left\"><span style=\"font-family: Helvetica Neue, Arial, Helvetica, sans-serif\"><\/span><\/div>\n<p><a name='more'><\/a><\/p>\n<div style=\"clear: both;text-align: center\"><a href=\"http:\/\/2.bp.blogspot.com\/-Zq5coplb9wk\/UHR3hg9ptDI\/AAAAAAAADZI\/UwbZ6L_RSy8\/s1600\/Predicci%25C3%25B3n+mi%25C3%25A9rcoles+10+de+Octubre+de+2012.PNG\" rel=\"external nofollow\"><img loading=\"lazy\" border=\"0\" height=\"498\" src=\"\/\/2.bp.blogspot.com\/-Zq5coplb9wk\/UHR3hg9ptDI\/AAAAAAAADZI\/UwbZ6L_RSy8\/s640\/Predicci%25C3%25B3n+mi%25C3%25A9rcoles+10+de+Octubre+de+2012.PNG\" width=\"640\" \/><\/a><\/div>\n<div style=\"clear: both;text-align: left\"><span style=\"font-family: Helvetica Neue, Arial, Helvetica, sans-serif\">Durante la jornada de ma\u00f1ana mi\u00e9rcoles, desde primeras horas del d\u00eda, el cielo se mostrar\u00e1 poco nuboso en general, veremos nubes de tipo alto que adornar\u00e1n los cielos del sur y del oeste de la regi\u00f3n, adem\u00e1s podr\u00edamos despertar con algunas nieblas hacia en interior de Portugal que podr\u00edan acercar algunas nubes bajas a las Vegas bajas del\u00a0Guadiana, pero a medida que avance el d\u00eda, esas nieblas y esas nubes bajas ir\u00e1n desapareciendo. Ya por la tarde, veremos el crecimiento de nubes de evoluci\u00f3n en los principales sistemas\u00a0monta\u00f1osos\u00a0de la regi\u00f3n y que, a \u00faltimas horas del d\u00eda, pod\u00edan acabar dejando algunos chubascos d\u00e9biles hacia las sierras del sureste de la provincia de Badajoz y tambi\u00e9n en las sierras del norte de C\u00e1ceres, adem\u00e1s por ah\u00ed (por el noroeste), empezar\u00e1n a llegar las primeras precipitaciones asociadas al frente. En el resto alternancia de nubes y claros y con pocas novedades.<\/span><\/div>\n<div style=\"clear: both;text-align: left\"><span style=\"font-family: Helvetica Neue, Arial, Helvetica, sans-serif\"><br \/><\/span><\/div>\n<div style=\"clear: both;text-align: left\"><span style=\"font-family: Helvetica Neue, Arial, Helvetica, sans-serif\">Las temperaturas m\u00ednimas se mantendr\u00e1n sin cambios, por lo que volveremos a despertar con valores bastante suaves en zonas bajas de la regi\u00f3n y con temperaturas algo frescas en zonas de sierra, pero no se espera una ma\u00f1ana demasiado fr\u00eda (en general). Las m\u00e1ximas bajar\u00e1n, poco, pero lo har\u00e1n, ya no registraremos los valores tan elevados de ayer y hoy, por tanto, ya no pasaremos de los 32\u00baC, sino que superaremos los <b><span style=\"color: red\">30-31\u00baC<\/span><\/b>.<\/span><\/div>\n<div style=\"clear: both;text-align: left\"><span style=\"font-family: Helvetica Neue, Arial, Helvetica, sans-serif\"><br \/><\/span><\/div>\n<div style=\"clear: both;text-align: left\"><span style=\"font-family: Helvetica Neue, Arial, Helvetica, sans-serif\"><br \/><\/span><\/div>\n<div style=\"clear: both;text-align: center\"><a href=\"http:\/\/1.bp.blogspot.com\/-nXZV9eobgNM\/UHR3eeqgj5I\/AAAAAAAADZA\/JTIQRMHLpU4\/s1600\/Predicci%C3%B3n+jueves+11+de+Octubre+de+2012.PNG\" rel=\"external nofollow\"><img loading=\"lazy\" border=\"0\" height=\"499\" src=\"\/\/1.bp.blogspot.com\/-nXZV9eobgNM\/UHR3eeqgj5I\/AAAAAAAADZA\/JTIQRMHLpU4\/s640\/Predicci%C3%B3n+jueves+11+de+Octubre+de+2012.PNG\" width=\"640\" \/><\/a><\/div>\n<div style=\"clear: both;text-align: left\"><span style=\"font-family: Helvetica Neue, Arial, Helvetica, sans-serif\">El jueves hablaremos de ambiente m\u00e1s inestable y fresco, la llegada de varios frentes fr\u00edos por el noroeste de la pen\u00ednsula podr\u00edan\u00a0dejarnos\u00a0una jornada con bastante nubosidad en la regi\u00f3n, aunque con\u00a0alternancia\u00a0de algunos claros.<\/span><\/div>\n<div style=\"clear: both;text-align: left\"><span style=\"font-family: Helvetica Neue, Arial, Helvetica, sans-serif\"><br \/><\/span><\/div>\n<div style=\"clear: both;text-align: left\"><span style=\"font-family: Helvetica Neue, Arial, Helvetica, sans-serif\">Seg\u00fan los modelos, durante esta jornada podr\u00edan cruzar la regi\u00f3n dos frentes fr\u00edos, aunque no demasiado activos. Por la ma\u00f1ana, ambiente muy nuboso y precipitaciones de poca intensidad, ser\u00e1n d\u00e9biles y las veremos sobre todo cuanto m\u00e1s al oeste y norte nos encontremos. Por la tarde, ese mismo frente que afectar\u00e1 durante la ma\u00f1ana a las comarcas occidentales, lo tendremos ya acabando de pasar por el sureste de la provincia de Badajoz, con precipitaciones d\u00e9biles. Tras el primer frente se abrir\u00e1n claros, pero de nuevo desde el noroeste comenzar\u00e1 a aumentar la nubosidad hasta que vuelvan a reactivarse las lluvias por gran parte del oeste y norte.<\/span><\/div>\n<div style=\"clear: both;text-align: left\"><span style=\"font-family: Helvetica Neue, Arial, Helvetica, sans-serif\"><br \/><\/span><\/div>\n<div style=\"clear: both;text-align: left\"><span style=\"font-family: Helvetica Neue, Arial, Helvetica, sans-serif\">Las temperaturas m\u00ednimas bajar\u00e1n entre 1 y 2\u00baC, sobre todo en la provincia de C\u00e1ceres, en la de Badajoz no parece que vayan a sufrir demasiados cambios. Las m\u00e1ximas bajar\u00e1n notablemente, entre 3 y hasta 4\u00baC menos que el mi\u00e9rcoles&#8230; \u00a1las m\u00e1ximas m\u00e1s altas apenas superar\u00e1n los <b><span style=\"color: orange\">26\u00baC<\/span><\/b>!<\/span><\/div>\n<div style=\"clear: both;text-align: left\"><span style=\"font-family: Helvetica Neue, Arial, Helvetica, sans-serif\"><br \/><\/span><\/div>\n<div style=\"clear: both;text-align: left\"><span style=\"font-family: Helvetica Neue, Arial, Helvetica, sans-serif\"><br \/><\/span><\/div>\n<div style=\"clear: both;text-align: center\"><a href=\"http:\/\/1.bp.blogspot.com\/-B6YvFKUwuxc\/UHR3kuLdMbI\/AAAAAAAADZQ\/vB6opplzauc\/s1600\/Predicci%C3%B3n+viernes+12+de+Octubre+de+2012.PNG\" rel=\"external nofollow\"><img loading=\"lazy\" border=\"0\" height=\"498\" src=\"\/\/1.bp.blogspot.com\/-B6YvFKUwuxc\/UHR3kuLdMbI\/AAAAAAAADZQ\/vB6opplzauc\/s640\/Predicci%C3%B3n+viernes+12+de+Octubre+de+2012.PNG\" width=\"640\" \/><\/a><\/div>\n<p><span style=\"font-family: Helvetica Neue, Arial, Helvetica, sans-serif\">Y por \u00faltimo el viernes, tras una noche con bastante nubosidad y con algunas precipitaciones d\u00e9biles, en las primeras horas del d\u00eda a\u00fan quedar\u00e1n muchas nubes por el sureste de la regi\u00f3n y con algunos chubascos residuales, poco m\u00e1s. Durante la tarde, los claros ir\u00e1n ganado terreno desde el oeste, y ya a \u00faltimas horas del d\u00eda hablaremos de cielos, en general, bastante despejados.<\/span><br \/><span style=\"font-family: Helvetica Neue, Arial, Helvetica, sans-serif\"><br \/><\/span><span style=\"font-family: Helvetica Neue, Arial, Helvetica, sans-serif\">Las temperaturas continuar\u00e1n bajando, tanto m\u00e1ximas como m\u00ednimas. Las m\u00e1ximas rondar\u00e1n los <b><span style=\"color: orange\">23\u00baC<\/span><\/b> (las m\u00e1s elevadas), mientras que las m\u00ednimas oscilar\u00e1n entre los <b><span style=\"color: blue\">9<\/span><\/b> (en zonas de sierra) y los <b><span style=\"color: blue\">13\u00baC<\/span><\/b> (en zonas llanas).<\/span><br \/><span style=\"font-family: Helvetica Neue, Arial, Helvetica, sans-serif\"><br \/><\/span><span style=\"font-family: Helvetica Neue, Arial, Helvetica, sans-serif\">Y en los d\u00edas siguientes, con much\u00edsima\u00a0incertidumbre, parece que terminar\u00eda de pasar toda esta inestabilidad, y de nuevo se impondr\u00e1 el anticicl\u00f3n, aportando estabilidad y temperaturas no demasiado elevadas e incluso frescas. Lo iremos viendo y contando como siempre aqu\u00ed!<\/span><br \/><span style=\"font-family: Helvetica Neue, Arial, Helvetica, sans-serif\"><br \/><\/span><span style=\"font-family: Helvetica Neue, Arial, Helvetica, sans-serif\">Un saludo.<\/span><\/p>\n<!-- AddThis Advanced Settings generic via filter on the_content --><!-- AddThis Share Buttons generic via filter on the_content -->","protected":false},"excerpt":{"rendered":"<p>Mapa del modelo HIRLAM, de las precipitaciones previstas para el pr\u00f3ximo jueves a las 18h, momento en el que las precipitaciones (en general d\u00e9biles) se extender\u00e1n por muchos puntos de la pen\u00ednsula. Despu\u00e9s de bastantes d\u00edas de Sol y temperaturas bastante altas en pr\u00e1cticamente todo el pa\u00eds, parece que en los pr\u00f3ximos d\u00edas, tanto el [&hellip;]<!-- AddThis Advanced Settings generic via filter on get_the_excerpt --><!-- AddThis Share Buttons generic via filter on get_the_excerpt --><\/p>\n","protected":false},"author":3,"featured_media":0,"comment_status":"open","ping_status":"closed","sticky":false,"template":"","format":"standard","meta":[],"categories":[3],"tags":[],"_links":{"self":[{"href":"https:\/\/blogs.hoy.es\/meteobadajoz\/wp-json\/wp\/v2\/posts\/41"}],"collection":[{"href":"https:\/\/blogs.hoy.es\/meteobadajoz\/wp-json\/wp\/v2\/posts"}],"about":[{"href":"https:\/\/blogs.hoy.es\/meteobadajoz\/wp-json\/wp\/v2\/types\/post"}],"author":[{"embeddable":true,"href":"https:\/\/blogs.hoy.es\/meteobadajoz\/wp-json\/wp\/v2\/users\/3"}],"replies":[{"embeddable":true,"href":"https:\/\/blogs.hoy.es\/meteobadajoz\/wp-json\/wp\/v2\/comments?post=41"}],"version-history":[{"count":0,"href":"https:\/\/blogs.hoy.es\/meteobadajoz\/wp-json\/wp\/v2\/posts\/41\/revisions"}],"wp:attachment":[{"href":"https:\/\/blogs.hoy.es\/meteobadajoz\/wp-json\/wp\/v2\/media?parent=41"}],"wp:term":[{"taxonomy":"category","embeddable":true,"href":"https:\/\/blogs.hoy.es\/meteobadajoz\/wp-json\/wp\/v2\/categories?post=41"},{"taxonomy":"post_tag","embeddable":true,"href":"https:\/\/blogs.hoy.es\/meteobadajoz\/wp-json\/wp\/v2\/tags?post=41"}],"curies":[{"name":"wp","href":"https:\/\/api.w.org\/{rel}","templated":true}]}}