{"id":416,"date":"2013-05-20T13:04:16","date_gmt":"2013-05-20T11:04:16","guid":{"rendered":"http:\/\/blogs.hoy.es\/meteobadajoz\/?p=416"},"modified":"2013-05-20T13:04:16","modified_gmt":"2013-05-20T11:04:16","slug":"el-tiempo-tiende-a-mejorar-a-lo-largo-de-la-semana","status":"publish","type":"post","link":"https:\/\/blogs.hoy.es\/meteobadajoz\/2013\/05\/20\/el-tiempo-tiende-a-mejorar-a-lo-largo-de-la-semana\/","title":{"rendered":"El tiempo tiende a mejorar a lo largo de la semana"},"content":{"rendered":"<p style=\"text-align: center;\"><img loading=\"lazy\" class=\"aligncenter  wp-image-421\" src=\"\/meteobadajoz\/wp-content\/uploads\/sites\/68\/2013\/05\/Sat2.png\" alt=\"\" width=\"628\" height=\"470\" srcset=\"https:\/\/static-blogs.hoy.es\/wp-content\/uploads\/sites\/68\/2013\/05\/Sat2.png 897w, https:\/\/static-blogs.hoy.es\/wp-content\/uploads\/sites\/68\/2013\/05\/Sat2-300x225.png 300w, https:\/\/static-blogs.hoy.es\/wp-content\/uploads\/sites\/68\/2013\/05\/Sat2-768x575.png 768w\" sizes=\"(max-width: 628px) 100vw, 628px\" \/><\/p>\n<p style=\"text-align: center;\"><span style=\"color: #000000;\"><strong>Imagen del sat\u00e9lite Meteosat + altura geopotencial 500 hPa &#8211; Lunes 20 de Mayo 2013, 06h.<\/strong><\/span><\/p>\n<p style=\"text-align: left;\"><span style=\"color: #000000;\"><strong>Lunes.20.5.2013.<\/strong> Tras una semana marcada por la presencia de chubascos, tormentas, e incluso algunos episodios de granizo,\u00a0repartidos\u00a0de forma irregular por casi todo el pa\u00eds, a partir de las pr\u00f3ximas horas <strong>el tiempo poco a poco ir\u00e1 mejorando<\/strong>. Las \u00faltimas precipitaciones que se esperan para estos primeros d\u00edas de la semana que acaba de\u00a0comenzar,\u00a0vendr\u00e1n de la mano de una nueva borrasca que a fecha de hoy est\u00e1 ubicada al suroeste de la Pen\u00ednsula Ib\u00e9rica.<!--more--><\/span><\/p>\n<p style=\"text-align: left;\"><span style=\"color: #000000;\">Esta nueva borrasca, no ha llegado desde el Atl\u00e1ntico Norte (como sucedi\u00f3 con las anteriores), sino que es parte de la que nos ha estado afectando durante la \u00faltima semana. Aquella borrasca desplaz\u00f3 una<strong> importante masa de aire fr\u00edo<\/strong> en altura hacia las regiones del oeste y suroeste del continente europeo, y fue bastante destacable no s\u00f3lo por su extensi\u00f3n, sino por su temperatura, que ha sido <strong>demasiado fr\u00eda para la \u00e9poca<\/strong> (de ah\u00ed las precipitaciones en forma de nieve en puntos del norte y centro peninsular).<\/span><\/p>\n<p style=\"text-align: left;\"><span style=\"color: #000000;\">Ese gran embolsamiento de aire fr\u00edo ha estado basculando al suroeste de Europa durante los \u00faltimos d\u00edas y, antes de desgastarse, <strong>nos quiere hacer una \u00faltima visita<\/strong>. Es la masa de aire fr\u00edo y la peque\u00f1a borrasca que nos acompa\u00f1a estos primeros d\u00edas de la semana; la vemos muy bien representada en la imagen que encabeza el art\u00edculo.<\/span><\/p>\n<p style=\"text-align: center;\"><img loading=\"lazy\" class=\"aligncenter  wp-image-417\" src=\"\/meteobadajoz\/wp-content\/uploads\/sites\/68\/2013\/05\/image3816.png\" alt=\"\" width=\"625\" height=\"418\" srcset=\"https:\/\/static-blogs.hoy.es\/wp-content\/uploads\/sites\/68\/2013\/05\/image3816.png 1445w, https:\/\/static-blogs.hoy.es\/wp-content\/uploads\/sites\/68\/2013\/05\/image3816-300x201.png 300w, https:\/\/static-blogs.hoy.es\/wp-content\/uploads\/sites\/68\/2013\/05\/image3816-768x513.png 768w, https:\/\/static-blogs.hoy.es\/wp-content\/uploads\/sites\/68\/2013\/05\/image3816-1024x685.png 1024w\" sizes=\"(max-width: 625px) 100vw, 625px\" \/><\/p>\n<p style=\"text-align: center;\"><strong><span style=\"color: #000000;\">Comparaci\u00f3n del reflejo de la borrasca a nivel del mar y capa de 500 hPa &#8211; Basado en modelo GFS.<\/span><\/strong><\/p>\n<p style=\"text-align: left;\"><span><span style=\"color: #000000;\">En el esquema superior se ha tratado de reflejar aproximadamente la situaci\u00f3n de este comienzo de semana. En el plano de superficie, la borrasca <strong style=\"color: #000000;\">apenas tiene reflejo a nivel del mar<\/strong>, con alguna isobara cerrada sobre el centro de la Pen\u00ednsula, y no es muy baja presi\u00f3n. Pero lo m\u00e1s destacable de la situaci\u00f3n lo encontramos en niveles medios y altos de la Troposfera. En el segundo plano, a 500 hPa (500 hectopascales, a unos 5.500 metros sobre el nivel del mar) observamos una <strong style=\"color: #000000;\">vaguada muy marcada<\/strong>, con direcci\u00f3n suroeste-noreste, y (aunque no est\u00e1 mostrado en el esquema) alberga una masa de aire fr\u00edo inferior a<\/span> <span style=\"color: #0000ff;\"><strong>-25\u00baC<\/strong><\/span><span style=\"color: #000000;\">, con un n\u00facleo de<\/span> <span style=\"color: #0000ff;\"><strong>-28\u00baC<\/strong><\/span><span style=\"color: #000000;\">. Eso es much\u00edsimo aire fr\u00edo en capas altas, y es lo que est\u00e1 provocando las tormentas y granizadas de los \u00faltimos d\u00edas, y ser\u00e1 tambi\u00e9n la que nos deje los\u00a0\u00faltimos\u00a0chubascos durante este lunes-martes.<\/span><\/span><\/p>\n<p style=\"text-align: left;\"><span style=\"color: #000000;\">Es una situaci\u00f3n cl\u00e1sica de borrasca en niveles altos, al oeste y suroeste de la Pen\u00ednsula, que suele propiciar la formaci\u00f3n de <strong>chubascos tormentosos<\/strong> por zonas del oeste e interior peninsular. Pero esta situaci\u00f3n <strong>apenas va a durar unas horas<\/strong>, ya que esta borrasca se ir\u00e1 desplazando por el sur del pa\u00eds, a trav\u00e9s del Estrecho, hacia el Mediterr\u00e1neo, donde <strong>acabar\u00e1 muriendo<\/strong>.<\/span><\/p>\n<p style=\"text-align: left;\"><img loading=\"lazy\" class=\"aligncenter size-full wp-image-420\" title=\"\" src=\"\/meteobadajoz\/wp-content\/uploads\/sites\/68\/2013\/05\/image3004.png\" alt=\"\" width=\"624\" height=\"351\" srcset=\"https:\/\/static-blogs.hoy.es\/wp-content\/uploads\/sites\/68\/2013\/05\/image3004.png 624w, https:\/\/static-blogs.hoy.es\/wp-content\/uploads\/sites\/68\/2013\/05\/image3004-300x169.png 300w\" sizes=\"(max-width: 624px) 100vw, 624px\" \/><\/p>\n<p style=\"text-align: center;\"><span style=\"color: #000000;\"><strong>Campo de isobaras a nivel del mar y distribuci\u00f3n de los centros de acci\u00f3n a lo largo del Atl\u00e1ntico Norte, previsto para el mi\u00e9rcoles 22 de mayo.<\/strong><\/span><\/p>\n<p style=\"text-align: left;\"><span style=\"color: #000000;\">El resto de la semana promete una<strong> progresiva estabilizaci\u00f3n del tiempo a nivel general<\/strong>, aunque debido a que el Anticicl\u00f3n de las Azores subir\u00e1 levemente hacia latitudes algo m\u00e1s altas, entre \u00e9ste y la regi\u00f3n de bajas presiones que une el Mediterr\u00e1neo con el norte de Europa, se configurar\u00e1 un <strong>pasillo de vientos del norte-noreste<\/strong>, que mantendr\u00e1 la nubosidad y las precipitaciones restringidas en \u00e1reas del Cant\u00e1brico, y las lluvias que pueda dejar la borrasca del Mediterr\u00e1neo por zonas del este y noreste peninsular. En el resto del pa\u00eds, ambiente mucho m\u00e1s despejado y lo m\u00e1s destacable ser\u00e1 el <strong>progresivo ascenso de las temperaturas<\/strong>.<\/span><\/p>\n<p style=\"text-align: left;\"><span style=\"color: #000000;\">Y es que tras muchos d\u00edas con ambiente m\u00e1s propio del oto\u00f1o, que de las fechas en las que estamos, parece que poco a poco las masas de aire c\u00e1lido del norte de \u00c1frica van ganando terreno por el sur de\u00a0nuestro\u00a0pa\u00eds. Tanto es as\u00ed que podr\u00edamos acabar esta semana con <strong>m\u00e1ximas cercanas a los <span style=\"color: #ff0000;\">30\u00baC<\/span><\/strong> de nuevo por zonas del centro y sur peninsular.<\/span><\/p>\n<p style=\"text-align: left;\"><span style=\"color: #000000;\">Esta situaci\u00f3n ser\u00e1 seguida en el foro de meteorolog\u00eda de Extremadura, tanto en lo relacionado con el<\/span> <strong><a href=\"http:\/\/meteobadajoz.foroactivo.com\/t5-seguimiento-de-modelos-mayo-2013#42\" target=\"_blank\" rel=\"external nofollow\">seguimiento de los modelos meteorol\u00f3gicos<\/a><\/strong><span style=\"color: #000000;\">, como en el<\/span> <strong><a href=\"http:\/\/meteobadajoz.foroactivo.com\/t7-seguimiento-diario-mayo-2013#45\" target=\"_blank\" rel=\"external nofollow\">seguimiento diario<\/a><\/strong><span style=\"color: #000000;\">.<\/span><\/p>\n<p style=\"text-align: center;\"><span style=\"color: #000000;\"><strong>Puedes seguir la cuenta de Twitter de este blog en\u00a0<span style=\"color: #ff0000;\"><a href=\"https:\/\/twitter.com\/MeteoBadajoz\" rel=\"external nofollow\" target=\"_blank\"><span style=\"color: #ff0000;\">@MeteoBadajoz<\/span><\/a><\/span>, donde estar\u00e1s totalmente informados en todo momento de c\u00f3mo evolucionan los d\u00edas, as\u00ed como de noticias de inter\u00e9s meteorol\u00f3gico.<\/strong><\/span><\/p>\n<p style=\"text-align: center;\"><span style=\"text-decoration: underline;\"><span style=\"color: #000000;\"><strong>Si el art\u00edculo te ha parecido interesante, puedes ayudar a divulgarlo a trav\u00e9s de las redes sociales, con ayuda de los botones para compartir.<\/strong><\/span><\/span><\/p>\n<p style=\"text-align: center;\"><span style=\"color: #000000;\"><strong>\u00a1\u00a1Gracias!!<\/strong><\/span><\/p>\n<!-- AddThis Advanced Settings generic via filter on the_content --><!-- AddThis Share Buttons generic via filter on the_content -->","protected":false},"excerpt":{"rendered":"<p>Imagen del sat\u00e9lite Meteosat + altura geopotencial 500 hPa &#8211; Lunes 20 de Mayo 2013, 06h. Lunes.20.5.2013. Tras una semana marcada por la presencia de chubascos, tormentas, e incluso algunos episodios de granizo,\u00a0repartidos\u00a0de forma irregular por casi todo el pa\u00eds, a partir de las pr\u00f3ximas horas el tiempo poco a poco ir\u00e1 mejorando. Las \u00faltimas [&hellip;]<!-- AddThis Advanced Settings generic via filter on get_the_excerpt --><!-- AddThis Share Buttons generic via filter on get_the_excerpt --><\/p>\n","protected":false},"author":75,"featured_media":0,"comment_status":"open","ping_status":"closed","sticky":false,"template":"","format":"standard","meta":[],"categories":[4,5],"tags":[6,26,33,44,83,91,102,147],"_links":{"self":[{"href":"https:\/\/blogs.hoy.es\/meteobadajoz\/wp-json\/wp\/v2\/posts\/416"}],"collection":[{"href":"https:\/\/blogs.hoy.es\/meteobadajoz\/wp-json\/wp\/v2\/posts"}],"about":[{"href":"https:\/\/blogs.hoy.es\/meteobadajoz\/wp-json\/wp\/v2\/types\/post"}],"author":[{"embeddable":true,"href":"https:\/\/blogs.hoy.es\/meteobadajoz\/wp-json\/wp\/v2\/users\/75"}],"replies":[{"embeddable":true,"href":"https:\/\/blogs.hoy.es\/meteobadajoz\/wp-json\/wp\/v2\/comments?post=416"}],"version-history":[{"count":0,"href":"https:\/\/blogs.hoy.es\/meteobadajoz\/wp-json\/wp\/v2\/posts\/416\/revisions"}],"wp:attachment":[{"href":"https:\/\/blogs.hoy.es\/meteobadajoz\/wp-json\/wp\/v2\/media?parent=416"}],"wp:term":[{"taxonomy":"category","embeddable":true,"href":"https:\/\/blogs.hoy.es\/meteobadajoz\/wp-json\/wp\/v2\/categories?post=416"},{"taxonomy":"post_tag","embeddable":true,"href":"https:\/\/blogs.hoy.es\/meteobadajoz\/wp-json\/wp\/v2\/tags?post=416"}],"curies":[{"name":"wp","href":"https:\/\/api.w.org\/{rel}","templated":true}]}}