{"id":42,"date":"2012-10-08T19:28:00","date_gmt":"2012-10-08T19:28:00","guid":{"rendered":"http:\/\/blogs.hoy.es\/meteobadajoz\/2012\/10\/08\/prediccion-martes-9-de-octubre-de-2012\/"},"modified":"2012-10-08T19:28:00","modified_gmt":"2012-10-08T19:28:00","slug":"prediccion-martes-9-de-octubre-de-2012","status":"publish","type":"post","link":"https:\/\/blogs.hoy.es\/meteobadajoz\/2012\/10\/08\/prediccion-martes-9-de-octubre-de-2012\/","title":{"rendered":"Predicci\u00f3n martes 9 de Octubre de 2012"},"content":{"rendered":"<div style=\"clear: both;text-align: center\"><a href=\"http:\/\/1.bp.blogspot.com\/-DhHX-5li_Sc\/UHMljUz7cYI\/AAAAAAAADYM\/pRkoZQ1C0Lc\/s1600\/Captura.PNG\" rel=\"external nofollow\"><img loading=\"lazy\" border=\"0\" height=\"474\" src=\"\/\/1.bp.blogspot.com\/-DhHX-5li_Sc\/UHMljUz7cYI\/AAAAAAAADYM\/pRkoZQ1C0Lc\/s640\/Captura.PNG\" width=\"640\" \/><\/a><\/div>\n<div style=\"clear: both;text-align: left\"><span style=\"font-family: Helvetica Neue, Arial, Helvetica, sans-serif\">La situaci\u00f3n meteorol\u00f3gica sigue marcada por la presencia del anticicl\u00f3n, que abarca buena parte del sur y suroeste de Europa, pero esta\u00a0situaci\u00f3n\u00a0parece que podr\u00eda ir cambiando en los pr\u00f3ximos d\u00edas, con la llegada de\u00a0cambios\u00a0desde el Atl\u00e1ntico. Pero de\u00a0momento\u00a0ma\u00f1ana continuaremos con Sol y temperaturas elevadas, aunque con algunas nubes por el norte y noroeste de la regi\u00f3n.<\/span><\/div>\n<div style=\"clear: both;text-align: center\"><\/div>\n<p><a name='more'><\/a><\/p>\n<div style=\"clear: both;text-align: center\"><a href=\"http:\/\/4.bp.blogspot.com\/-LTVqXBdC80E\/UHMgakkCc3I\/AAAAAAAADXY\/P4WoKfEIN3Q\/s1600\/Pred.martes9octubre2012.PNG\" rel=\"external nofollow\"><img loading=\"lazy\" border=\"0\" height=\"498\" src=\"\/\/4.bp.blogspot.com\/-LTVqXBdC80E\/UHMgakkCc3I\/AAAAAAAADXY\/P4WoKfEIN3Q\/s640\/Pred.martes9octubre2012.PNG\" width=\"640\" \/><\/a><\/div>\n<div style=\"clear: both;text-align: left\"><\/div>\n<div style=\"clear: both\"><span style=\"font-family: Helvetica Neue, Arial, Helvetica, sans-serif\">Mapa para ma\u00f1ana martes 9 de octubre de 2012, con cielo despejado en general, aunque a lo largo de la tarde aparecer\u00e1n nubes de evoluci\u00f3n en las sierras del norte de C\u00e1ceres, que a \u00faltimas horas de la tarde podr\u00edan acabar formando algunos chubascos y\/o tormentas. En el resto Sol, con alternancia de algunas nubes de tipo alto como la de estos d\u00edas atr\u00e1s, poco m\u00e1s.<\/span><\/div>\n<div style=\"clear: both\"><span style=\"font-family: Helvetica Neue, Arial, Helvetica, sans-serif\"><br \/><\/span><\/div>\n<div style=\"clear: both\"><span style=\"font-family: Helvetica Neue, Arial, Helvetica, sans-serif\">Las temperaturas, las m\u00e1ximas podr\u00edan bajar apenas 1\u00baC, sobre todo por el norte, as\u00ed que seguiremos con calor, m\u00e1ximas que (las m\u00e1s altas) volver\u00e1n a alcanzar los <b><span style=\"color: red\">32\u00baC<\/span><\/b>. En cuanto a las m\u00ednimas, tras los valores m\u00e1ximos registrados en la jornada de hoy de m\u00e1s de 31 y hasta casi <b><span style=\"color: red\">33\u00baC<\/span><\/b> en las Vegas bajas del Guadiana, \u00e9stas (las m\u00ednimas) subir\u00e1n un poco m\u00e1s con respecto al d\u00eda de hoy, rondar\u00e1n los <b><span style=\"color: lime\">14-16\u00baC<\/span><\/b> Por lo tanto ma\u00f1anas menos frescas.<\/span><\/div>\n<div style=\"clear: both\"><span style=\"font-family: Helvetica Neue, Arial, Helvetica, sans-serif\"><br \/><\/span><\/div>\n<div style=\"clear: both\"><span style=\"font-family: Helvetica Neue, Arial, Helvetica, sans-serif\">En los d\u00edas siguientes, el mi\u00e9rcoles, jueves y viernes, lo m\u00e1s probable ser\u00e1 la llegada de cambios, tanto en las temperaturas como en el estado del cielo. Puede resumirse con &#8220;baj\u00f3 t\u00e9rmico y algunas precipitaciones&#8221;. Ya veremos como vienen los modelos y a ver si podemos acabar confirmando un nuevo cambio de tiempo, que falta hace!<\/span><\/div>\n<div style=\"clear: both\"><span style=\"font-family: Helvetica Neue, Arial, Helvetica, sans-serif\"><br \/><\/span><\/div>\n<div style=\"clear: both\"><span style=\"font-family: Helvetica Neue, Arial, Helvetica, sans-serif\">Saludos! ;-))<\/span><\/div>\n<!-- AddThis Advanced Settings generic via filter on the_content --><!-- AddThis Share Buttons generic via filter on the_content -->","protected":false},"excerpt":{"rendered":"<p>La situaci\u00f3n meteorol\u00f3gica sigue marcada por la presencia del anticicl\u00f3n, que abarca buena parte del sur y suroeste de Europa, pero esta\u00a0situaci\u00f3n\u00a0parece que podr\u00eda ir cambiando en los pr\u00f3ximos d\u00edas, con la llegada de\u00a0cambios\u00a0desde el Atl\u00e1ntico. Pero de\u00a0momento\u00a0ma\u00f1ana continuaremos con Sol y temperaturas elevadas, aunque con algunas nubes por el norte y noroeste de la [&hellip;]<!-- AddThis Advanced Settings generic via filter on get_the_excerpt --><!-- AddThis Share Buttons generic via filter on get_the_excerpt --><\/p>\n","protected":false},"author":3,"featured_media":0,"comment_status":"open","ping_status":"closed","sticky":false,"template":"","format":"standard","meta":[],"categories":[3],"tags":[],"_links":{"self":[{"href":"https:\/\/blogs.hoy.es\/meteobadajoz\/wp-json\/wp\/v2\/posts\/42"}],"collection":[{"href":"https:\/\/blogs.hoy.es\/meteobadajoz\/wp-json\/wp\/v2\/posts"}],"about":[{"href":"https:\/\/blogs.hoy.es\/meteobadajoz\/wp-json\/wp\/v2\/types\/post"}],"author":[{"embeddable":true,"href":"https:\/\/blogs.hoy.es\/meteobadajoz\/wp-json\/wp\/v2\/users\/3"}],"replies":[{"embeddable":true,"href":"https:\/\/blogs.hoy.es\/meteobadajoz\/wp-json\/wp\/v2\/comments?post=42"}],"version-history":[{"count":0,"href":"https:\/\/blogs.hoy.es\/meteobadajoz\/wp-json\/wp\/v2\/posts\/42\/revisions"}],"wp:attachment":[{"href":"https:\/\/blogs.hoy.es\/meteobadajoz\/wp-json\/wp\/v2\/media?parent=42"}],"wp:term":[{"taxonomy":"category","embeddable":true,"href":"https:\/\/blogs.hoy.es\/meteobadajoz\/wp-json\/wp\/v2\/categories?post=42"},{"taxonomy":"post_tag","embeddable":true,"href":"https:\/\/blogs.hoy.es\/meteobadajoz\/wp-json\/wp\/v2\/tags?post=42"}],"curies":[{"name":"wp","href":"https:\/\/api.w.org\/{rel}","templated":true}]}}