{"id":43,"date":"2012-10-06T15:52:00","date_gmt":"2012-10-06T15:52:00","guid":{"rendered":"http:\/\/blogs.hoy.es\/meteobadajoz\/2012\/10\/06\/sequia-y-vegetacion\/"},"modified":"2012-10-06T15:52:00","modified_gmt":"2012-10-06T15:52:00","slug":"sequia-y-vegetacion","status":"publish","type":"post","link":"https:\/\/blogs.hoy.es\/meteobadajoz\/2012\/10\/06\/sequia-y-vegetacion\/","title":{"rendered":"Sequ\u00eda y vegetaci\u00f3n."},"content":{"rendered":"<div><\/div>\n<div style=\"clear: both;text-align: center\"><a href=\"http:\/\/3.bp.blogspot.com\/-Iuh4nE_IHDo\/UHFXZE6GHiI\/AAAAAAAADTQ\/egHA-fLkXrg\/s1600\/TERRA_5_Oct_2012.PNG\" rel=\"external nofollow\"><img loading=\"lazy\" border=\"0\" height=\"366\" src=\"\/\/3.bp.blogspot.com\/-Iuh4nE_IHDo\/UHFXZE6GHiI\/AAAAAAAADTQ\/egHA-fLkXrg\/s640\/TERRA_5_Oct_2012.PNG\" width=\"640\" \/><\/a><\/div>\n<div style=\"text-align: center\"><span style=\"font-family: Helvetica Neue, Arial, Helvetica, sans-serif\"><b>Imagen en alta resoluci\u00f3n del sat\u00e9lite TERRA de la NASA, del pasado viernes 5 de octubre de 2012. (Im\u00e1genes\u00a0superpuestas en Google Earth).<\/b><\/span><\/div>\n<div style=\"text-align: center\"><span style=\"font-family: Helvetica Neue, Arial, Helvetica, sans-serif;font-size: x-small\"><b><br \/><\/b><\/span><\/div>\n<p><span style=\"font-family: Helvetica Neue, Arial, Helvetica, sans-serif\">En esta imagen del sat\u00e9lite TERRA, tomada en la jornada del viernes 5 de octubre de 2012, podemos apreciar la poca vegetaci\u00f3n que actualmente existe en la Pen\u00ednsula Ib\u00e9rica. Tan solo con la excepci\u00f3n de los extremos norte y noroeste, donde las precipitaciones han sido algo m\u00e1s frecuentes que en el resto del pa\u00eds. <\/span><br \/><span style=\"font-family: Helvetica Neue, Arial, Helvetica, sans-serif\"><\/span><br \/><a name='more'><\/a><span style=\"font-family: Helvetica Neue, Arial, Helvetica, sans-serif\"><br \/><\/span><span style=\"font-family: Helvetica Neue, Arial, Helvetica, sans-serif\">La diferencia la encontramos en todo el centro y sur de la pen\u00ednsula, donde observamos extensas zonas con poca densidad de vegetaci\u00f3n. Lamentablemente hay zonas de la pen\u00ednsula que se asemejan a algunos puntos de Marruecos&#8230; algo que es l\u00f3gico despu\u00e9s de varios meses sin apenas 1mm de lluvia\u00a0en muchas zonas.  <\/span><br \/><span style=\"font-family: Helvetica Neue, Arial, Helvetica, sans-serif\"><br \/><\/span><span style=\"font-family: Helvetica Neue, Arial, Helvetica, sans-serif\"><\/span><\/p>\n<div style=\"text-align: center\"><span style=\"font-family: Helvetica Neue, Arial, Helvetica, sans-serif\"><span style=\"color: cyan\"><b><><\/b><\/span><\/span><\/div>\n<p><span style=\"font-family: Helvetica Neue, Arial, Helvetica, sans-serif\"><br \/><\/span><\/p>\n<div style=\"text-align: center\"><span style=\"font-family: Helvetica Neue, Arial, Helvetica, sans-serif\"><b>Octubre 2012 \u00a0 \u00a0 \u00a0 \u00a0 \u00a0 \u00a0 \u00a0 \u00a0 \u00a0 \u00a0 \u00a0 \u00a0 \u00a0 \u00a0 \u00a0 \u00a0 \u00a0 \u00a0Enero 2013<\/b><\/span><\/div>\n<div style=\"clear: both;text-align: center\"><a href=\"http:\/\/2.bp.blogspot.com\/-RobfUT15Kk0\/UHFZ0B5bakI\/AAAAAAAADTg\/lnuXyDx8umo\/s1600\/euPrecMonInd4.gif\" rel=\"external nofollow\"><img loading=\"lazy\" border=\"0\" height=\"154\" src=\"\/\/2.bp.blogspot.com\/-RobfUT15Kk0\/UHFZ0B5bakI\/AAAAAAAADTg\/lnuXyDx8umo\/s200\/euPrecMonInd4.gif\" width=\"200\" \/><\/a>\u00a0<a href=\"http:\/\/3.bp.blogspot.com\/-vcV-ogRWUM0\/UHFZopAxjrI\/AAAAAAAADTY\/EtlxA3zQiCg\/s1600\/euPrecMonInd1.gif\" rel=\"external nofollow\"><img loading=\"lazy\" border=\"0\" height=\"154\" src=\"\/\/3.bp.blogspot.com\/-vcV-ogRWUM0\/UHFZopAxjrI\/AAAAAAAADTY\/EtlxA3zQiCg\/s200\/euPrecMonInd1.gif\" width=\"200\" \/><\/a><\/div>\n<div style=\"clear: both;text-align: center\"><b>Noviembre 2012 \u00a0 \u00a0 \u00a0 \u00a0 \u00a0 \u00a0 \u00a0 \u00a0 \u00a0 \u00a0 \u00a0 \u00a0 \u00a0 \u00a0 \u00a0 \u00a0 \u00a0 \u00a0Febrero 2013<\/b><\/div>\n<div style=\"clear: both;text-align: center\"><a href=\"http:\/\/2.bp.blogspot.com\/-F2kvkbCBcx8\/UHFaHp2-9VI\/AAAAAAAADTw\/lOA8S8lFSPM\/s1600\/euPrecMonInd5.gif\" rel=\"external nofollow\"><img loading=\"lazy\" border=\"0\" height=\"154\" src=\"\/\/2.bp.blogspot.com\/-F2kvkbCBcx8\/UHFaHp2-9VI\/AAAAAAAADTw\/lOA8S8lFSPM\/s200\/euPrecMonInd5.gif\" width=\"200\" \/><\/a><a href=\"http:\/\/2.bp.blogspot.com\/-2f8SXIXJauE\/UHFaAzP7d2I\/AAAAAAAADTo\/48Nq763qk5c\/s1600\/euPrecMonInd2.gif\" rel=\"external nofollow\"><img loading=\"lazy\" border=\"0\" height=\"154\" src=\"\/\/2.bp.blogspot.com\/-2f8SXIXJauE\/UHFaAzP7d2I\/AAAAAAAADTo\/48Nq763qk5c\/s200\/euPrecMonInd2.gif\" width=\"200\" \/><\/a><\/div>\n<div style=\"clear: both;text-align: center\"><b>Diciembre 2012 \u00a0 \u00a0 \u00a0 \u00a0 \u00a0 \u00a0 \u00a0 \u00a0 \u00a0 \u00a0 \u00a0 \u00a0 \u00a0 \u00a0 \u00a0 \u00a0 \u00a0 \u00a0Marzo 2013<\/b><\/div>\n<div style=\"clear: both;text-align: center\"><a href=\"http:\/\/3.bp.blogspot.com\/-E6DeuQriEjI\/UHFaOQ7e7_I\/AAAAAAAADT4\/06AhEyrdwrY\/s1600\/euPrecMonInd3.gif\" rel=\"external nofollow\"><img loading=\"lazy\" border=\"0\" height=\"154\" src=\"\/\/3.bp.blogspot.com\/-E6DeuQriEjI\/UHFaOQ7e7_I\/AAAAAAAADT4\/06AhEyrdwrY\/s200\/euPrecMonInd3.gif\" width=\"200\" \/><\/a><a href=\"http:\/\/3.bp.blogspot.com\/-1osC_y_Ag14\/UHFaTmh54PI\/AAAAAAAADUA\/6D6Po4G6acw\/s1600\/euPrecMonInd6.gif\" rel=\"external nofollow\"><img loading=\"lazy\" border=\"0\" height=\"154\" src=\"\/\/3.bp.blogspot.com\/-1osC_y_Ag14\/UHFaTmh54PI\/AAAAAAAADUA\/6D6Po4G6acw\/s200\/euPrecMonInd6.gif\" width=\"200\" \/><\/a><\/div>\n<div style=\"clear: both;text-align: center\"><span style=\"font-family: 'Helvetica Neue', Arial, Helvetica, sans-serif\"><b>Posibles escenarios previstos por el modelo estacional americano CFS V.2. para los pr\u00f3ximos 6 meses.<\/b><\/span><\/div>\n<div style=\"clear: both;text-align: center\"><span style=\"font-family: 'Helvetica Neue', Arial, Helvetica, sans-serif\"><br \/><\/span><\/div>\n<div style=\"clear: both;text-align: left\"><span style=\"font-family: 'Helvetica Neue', Arial, Helvetica, sans-serif\">Seg\u00fan los modelos estacionales, los pr\u00f3ximos meses ser\u00e1n algo m\u00e1s &#8220;moviditos&#8221; meteorol\u00f3gicamente hablando. Lo que necesitamos son precipitaciones continuas, generosas y que caigan durante la mayor parte del tiempo. Ya hemos visto a finales de septiembre que las lluvias torrenciales no son nada buenas para el campo, y menos despu\u00e9s de tantos meses sin una sola gota.<\/span><\/div>\n<p><span style=\"font-family: Helvetica Neue, Arial, Helvetica, sans-serif\"><br \/><\/span><span style=\"font-family: Helvetica Neue, Arial, Helvetica, sans-serif\">Lo que s\u00ed es cierto es que afrontamos otra semana de Sol y temperaturas algo elevadas, aunque con algunas nubes a medida que avance la pr\u00f3xima semana, y es que parece que de cara al pr\u00f3ximo jueves podr\u00edamos tener la llegada de un peque\u00f1o frente por el oeste de la pen\u00ednsula que nos traer\u00eda algunas precipitaciones y un acusado descenso de las temperaturas. Ya veremos c\u00f3mo viene. <\/span><br \/><span style=\"font-family: Helvetica Neue, Arial, Helvetica, sans-serif\"><br \/><\/span><span style=\"font-family: Helvetica Neue, Arial, Helvetica, sans-serif\">Mientras tanto a esperar&#8230; no queda otra! <\/span><br \/><span style=\"font-family: Helvetica Neue, Arial, Helvetica, sans-serif\">Un saludo ;-)<\/span><\/p>\n<!-- AddThis Advanced Settings generic via filter on the_content --><!-- AddThis Share Buttons generic via filter on the_content -->","protected":false},"excerpt":{"rendered":"<p>Imagen en alta resoluci\u00f3n del sat\u00e9lite TERRA de la NASA, del pasado viernes 5 de octubre de 2012. (Im\u00e1genes\u00a0superpuestas en Google Earth). En esta imagen del sat\u00e9lite TERRA, tomada en la jornada del viernes 5 de octubre de 2012, podemos apreciar la poca vegetaci\u00f3n que actualmente existe en la Pen\u00ednsula Ib\u00e9rica. Tan solo con la [&hellip;]<!-- AddThis Advanced Settings generic via filter on get_the_excerpt --><!-- AddThis Share Buttons generic via filter on get_the_excerpt --><\/p>\n","protected":false},"author":3,"featured_media":0,"comment_status":"open","ping_status":"closed","sticky":false,"template":"","format":"standard","meta":[],"categories":[3],"tags":[],"_links":{"self":[{"href":"https:\/\/blogs.hoy.es\/meteobadajoz\/wp-json\/wp\/v2\/posts\/43"}],"collection":[{"href":"https:\/\/blogs.hoy.es\/meteobadajoz\/wp-json\/wp\/v2\/posts"}],"about":[{"href":"https:\/\/blogs.hoy.es\/meteobadajoz\/wp-json\/wp\/v2\/types\/post"}],"author":[{"embeddable":true,"href":"https:\/\/blogs.hoy.es\/meteobadajoz\/wp-json\/wp\/v2\/users\/3"}],"replies":[{"embeddable":true,"href":"https:\/\/blogs.hoy.es\/meteobadajoz\/wp-json\/wp\/v2\/comments?post=43"}],"version-history":[{"count":0,"href":"https:\/\/blogs.hoy.es\/meteobadajoz\/wp-json\/wp\/v2\/posts\/43\/revisions"}],"wp:attachment":[{"href":"https:\/\/blogs.hoy.es\/meteobadajoz\/wp-json\/wp\/v2\/media?parent=43"}],"wp:term":[{"taxonomy":"category","embeddable":true,"href":"https:\/\/blogs.hoy.es\/meteobadajoz\/wp-json\/wp\/v2\/categories?post=43"},{"taxonomy":"post_tag","embeddable":true,"href":"https:\/\/blogs.hoy.es\/meteobadajoz\/wp-json\/wp\/v2\/tags?post=43"}],"curies":[{"name":"wp","href":"https:\/\/api.w.org\/{rel}","templated":true}]}}