{"id":434,"date":"2013-05-29T18:03:06","date_gmt":"2013-05-29T16:03:06","guid":{"rendered":"http:\/\/blogs.hoy.es\/meteobadajoz\/?p=434"},"modified":"2013-05-29T18:03:06","modified_gmt":"2013-05-29T16:03:06","slug":"volvera-el-calor-para-este-proximo-fin-de-semana","status":"publish","type":"post","link":"https:\/\/blogs.hoy.es\/meteobadajoz\/2013\/05\/29\/volvera-el-calor-para-este-proximo-fin-de-semana\/","title":{"rendered":"Volver\u00e1 el calor para este pr\u00f3ximo fin de semana"},"content":{"rendered":"<p><img loading=\"lazy\" class=\"aligncenter\" src=\"\/\/nsae01.casimages.net\/img\/2013\/05\/29\/130529052418388152.png\" alt=\"\" width=\"634\" height=\"407\" \/><\/p>\n<p><span style=\"color: #000000;\">Estamos en primavera y, como es normal, estamos pasando por varias\u00a0semanas consecutivas marcadas por la <strong>variabilidad atmosf\u00e9rica<\/strong>. Pasamos\u00a0de los 30\u00b0C a los 18-20\u00b0C, y del Sol a las lluvias e incluso a las\u00a0nevadas en zonas monta\u00f1osas, en muy pocos d\u00edas. Desde un punto de\u00a0vista a nivel general, estamos encontrando <strong>numerosos episodios de fr\u00edo<\/strong>, y\u00a0algunos de \u00e9stos est\u00e1n siendo algo duraderos, pero no demasiado intensos.<!--more--><\/span><\/p>\n<p><span style=\"color: #000000;\">Y es que la ubicaci\u00f3n\u00a0del anticicl\u00f3n de las Azores (no demasiado potente, y en su\u00a0correspondiente archipi\u00e9lago), y la presencia de regiones de bajas presiones hacia el interior del continente europeo, est\u00e1n favoreciendo\u00a0que se instauren peque\u00f1os pasillos de vientos de norte y noroeste, que\u00a0canalizan las masas de aire fr\u00edo que, poco a poco, se van reduciendo a\u00a0latitudes muy al norte de nuestra Pen\u00ednsula.<\/span><\/p>\n<p><span style=\"color: #000000;\">Pero tras estos d\u00edas de <strong>ambiente fresco e incluso fr\u00edo<\/strong> por zonas del norte, la tendencia general que muestran a d\u00eda de\u00a0hoy los modelos es que las temperaturas ir\u00e1n subiendo a lo largo de\u00a0la semana, llegando al pr\u00f3ximo fin de semana de nuevo a <strong>valores de\u00a030\u00b0C<\/strong>. Adem\u00e1s, en principio los modelos intuyen que ese ascenso t\u00e9rmico\u00a0<strong>podr\u00eda tener continuidad durante la siguiente semana<\/strong>, super\u00e1ndose\u00a0f\u00e1cilmente la barrera de los <span style=\"color: #ff0000;\"><strong>30\u00b0C<\/strong><\/span> en las zonas m\u00e1s calurosas del\u00a0centro y sur peninsular.<\/span><\/p>\n<p><img loading=\"lazy\" class=\"aligncenter  wp-image-435\" title=\"Animaci\u00f3n temperaturas a 850 hPa\" src=\"\/meteobadajoz\/wp-content\/uploads\/sites\/68\/2013\/05\/Animaci\u00f3n-850-hPa.gif\" alt=\"\" width=\"616\" height=\"462\" \/><\/p>\n<div style=\"text-align: center;\"><span style=\"color: #000000;\"><strong>Evoluci\u00f3n de las temperaturas previstas a 850 hPa (a unos 1.500 metros\u00a0de altitud) para los pr\u00f3ximos 7 d\u00edas, a intervalos de 24h &#8211; Modelo\u00a0GFS.<\/strong><\/span><\/p>\n<p style=\"text-align: left;\"><span style=\"color: #000000;\">En la animaci\u00f3n superior se puede observar la evoluci\u00f3n que tendr\u00e1 esta nueva entrada d\u00e9bil de calor por el sur de la Pen\u00ednsula, que podr\u00eda tener su momento \u00e1lgido de cara a <strong>comienzos de la pr\u00f3xima semana<\/strong>. En el interior de la Pen\u00ednsula encontraremos temperaturas a unos 1.500 metros de altitud, rondando o superando los 15\u00baC. Esto se traduce a nivel de superficie, en temperaturas muy cercanas o incluso <strong>por encima de los 30\u00baC<\/strong>, como se ha comentado anteriormente.<\/span><\/p>\n<p style=\"text-align: left;\"><span style=\"color: #000000;\">Adem\u00e1s de encontrar temperaturas cada vez m\u00e1s agradables a lo largo de la semana, las precipitaciones, en principio, <strong>ser\u00e1n escasas<\/strong>, por lo que el fin de semana podr\u00eda presentarse con un <strong>tiempo bastante bueno<\/strong>. As\u00ed que hagan sus planes y aprovechen estos d\u00edas tan estables, eso s\u00ed, siempre con precauci\u00f3n. Aunque no estamos en agosto, en este momento del a\u00f1o el Sol incide con bastante intensidad, y el <strong>\u00edndice UVI<\/strong> (\u00edndice <strong>u<\/strong>ltra<strong>vi<\/strong>oleta) es <span style=\"text-decoration: underline;\">bastante elevado<\/span>.<\/span><\/p>\n<p style=\"text-align: left;\"><span style=\"color: #000000;\">Gracias al trabajo del d<span style=\"text-align: center;\">epartamento de F\u00edsica de la\u00a0<\/span><span style=\"text-align: center;\">Universidad de Extremadura, en su <span style=\"color: #0000ff;\"><strong><a href=\"http:\/\/aire.unex.es\/uvi\/\" target=\"_blank\" rel=\"external nofollow\"><span style=\"color: #0000ff;\">p\u00e1gina web<\/span><\/a><\/strong><\/span>, se pueden consultar <span style=\"text-decoration: underline;\">diariamente<\/span> los valores del \u00edndice\u00a0ultravioleta previstos para el presente d\u00eda, y el d\u00eda siguiente, en Extremadura. Como muestra, el mapa con los valores previstos para este jueves, valores en <span style=\"font-size: medium;\"><strong>nivel muy alto<\/strong><\/span> (en\u00a0condiciones\u00a0de cielo totalmente despejado).<\/span><\/span><\/p>\n<p style=\"text-align: center;\"><img loading=\"lazy\" class=\"aligncenter  wp-image-437\" src=\"\/meteobadajoz\/wp-content\/uploads\/sites\/68\/2013\/05\/UVI.png\" alt=\"\" width=\"408\" height=\"407\" srcset=\"https:\/\/static-blogs.hoy.es\/wp-content\/uploads\/sites\/68\/2013\/05\/UVI.png 398w, https:\/\/static-blogs.hoy.es\/wp-content\/uploads\/sites\/68\/2013\/05\/UVI-150x150.png 150w, https:\/\/static-blogs.hoy.es\/wp-content\/uploads\/sites\/68\/2013\/05\/UVI-300x300.png 300w\" sizes=\"(max-width: 408px) 100vw, 408px\" \/><\/p>\n<p style=\"text-align: center;\"><img loading=\"lazy\" class=\"aligncenter  wp-image-438\" src=\"\/meteobadajoz\/wp-content\/uploads\/sites\/68\" alt=\"\" width=\"662\" height=\"32\" \/><\/p>\n<p style=\"text-align: left;\"><span style=\"color: #000000;\">As\u00ed que pr\u00f3ximos d\u00edas marcados por tiempo cada vez m\u00e1s estable, y con un continuo ascenso de las temperaturas, que nos llevar\u00e1 a hablar incluso de calor para el fin de semana. Aunque ya sabemos c\u00f3mo son estos vistazos a medio plazo, que pueden\u00a0variar con el paso de los d\u00edas y acabar ocurriendo todo lo contrario, as\u00ed es la primavera.\u00a0\u00c9ste posible ascenso de las temperaturas a nivel general, ser\u00e1 seguido\u00a0en el <strong><span style=\"color: #0000ff;\"><a href=\"http:\/\/meteobadajoz.foroactivo.com\/t5p15-seguimiento-de-modelos-mayo-2013#53\" target=\"_blank\" rel=\"external nofollow\"><span style=\"color: #0000ff;\">seguimiento de modelos del foro<\/span><\/a><\/span><\/strong>.<\/span><\/p>\n<p style=\"text-align: center;\"><span style=\"color: #000000;\"><strong>Puedes seguir la cuenta de Twitter de este blog en\u00a0<span style=\"color: #ff0000;\"><a href=\"https:\/\/twitter.com\/MeteoBadajoz\" rel=\"external nofollow\" target=\"_blank\"><span style=\"color: #ff0000;\">@MeteoBadajoz<\/span><\/a><\/span>, donde estar\u00e1s totalmente informados en todo momento de c\u00f3mo evolucionan los d\u00edas, as\u00ed como de noticias de inter\u00e9s meteorol\u00f3gico.<\/strong><\/span><\/p>\n<p style=\"text-align: center;\"><span style=\"text-decoration: underline;\"><span style=\"color: #000000; text-decoration: underline;\"><strong>Si el art\u00edculo te ha parecido interesante, puedes ayudar a divulgarlo a trav\u00e9s de las redes sociales, con ayuda de los botones para compartir.<\/strong><\/span><\/span><\/p>\n<p style=\"text-align: center;\"><span style=\"color: #000000;\"><strong>\u00a1\u00a1Gracias!!<\/strong><\/span><\/p>\n<\/div>\n<!-- AddThis Advanced Settings generic via filter on the_content --><!-- AddThis Share Buttons generic via filter on the_content -->","protected":false},"excerpt":{"rendered":"<p>Estamos en primavera y, como es normal, estamos pasando por varias\u00a0semanas consecutivas marcadas por la variabilidad atmosf\u00e9rica. Pasamos\u00a0de los 30\u00b0C a los 18-20\u00b0C, y del Sol a las lluvias e incluso a las\u00a0nevadas en zonas monta\u00f1osas, en muy pocos d\u00edas. Desde un punto de\u00a0vista a nivel general, estamos encontrando numerosos episodios de fr\u00edo, y\u00a0algunos de [&hellip;]<!-- AddThis Advanced Settings generic via filter on get_the_excerpt --><!-- AddThis Share Buttons generic via filter on get_the_excerpt --><\/p>\n","protected":false},"author":75,"featured_media":0,"comment_status":"open","ping_status":"closed","sticky":false,"template":"","format":"standard","meta":[],"categories":[4,5],"tags":[6,15,26,62,97,126,142],"_links":{"self":[{"href":"https:\/\/blogs.hoy.es\/meteobadajoz\/wp-json\/wp\/v2\/posts\/434"}],"collection":[{"href":"https:\/\/blogs.hoy.es\/meteobadajoz\/wp-json\/wp\/v2\/posts"}],"about":[{"href":"https:\/\/blogs.hoy.es\/meteobadajoz\/wp-json\/wp\/v2\/types\/post"}],"author":[{"embeddable":true,"href":"https:\/\/blogs.hoy.es\/meteobadajoz\/wp-json\/wp\/v2\/users\/75"}],"replies":[{"embeddable":true,"href":"https:\/\/blogs.hoy.es\/meteobadajoz\/wp-json\/wp\/v2\/comments?post=434"}],"version-history":[{"count":0,"href":"https:\/\/blogs.hoy.es\/meteobadajoz\/wp-json\/wp\/v2\/posts\/434\/revisions"}],"wp:attachment":[{"href":"https:\/\/blogs.hoy.es\/meteobadajoz\/wp-json\/wp\/v2\/media?parent=434"}],"wp:term":[{"taxonomy":"category","embeddable":true,"href":"https:\/\/blogs.hoy.es\/meteobadajoz\/wp-json\/wp\/v2\/categories?post=434"},{"taxonomy":"post_tag","embeddable":true,"href":"https:\/\/blogs.hoy.es\/meteobadajoz\/wp-json\/wp\/v2\/tags?post=434"}],"curies":[{"name":"wp","href":"https:\/\/api.w.org\/{rel}","templated":true}]}}