{"id":439,"date":"2013-06-03T11:04:56","date_gmt":"2013-06-03T09:04:56","guid":{"rendered":"http:\/\/blogs.hoy.es\/meteobadajoz\/?p=439"},"modified":"2013-06-03T11:04:56","modified_gmt":"2013-06-03T09:04:56","slug":"junio-2013-menos-caluroso-y-algo-tormentoso","status":"publish","type":"post","link":"https:\/\/blogs.hoy.es\/meteobadajoz\/2013\/06\/03\/junio-2013-menos-caluroso-y-algo-tormentoso\/","title":{"rendered":"Junio 2013: menos calor y algunas tormentas"},"content":{"rendered":"<div style=\"text-align: center;\"><span style=\"color: #000000;\"><img loading=\"lazy\" class=\"aligncenter  wp-image-441\" src=\"\/meteobadajoz\/wp-content\/uploads\/sites\/68\/2013\/06\/cfs-4-6-2013.png\" alt=\"\" width=\"622\" height=\"415\" srcset=\"https:\/\/static-blogs.hoy.es\/wp-content\/uploads\/sites\/68\/2013\/06\/cfs-4-6-2013.png 768w, https:\/\/static-blogs.hoy.es\/wp-content\/uploads\/sites\/68\/2013\/06\/cfs-4-6-2013-300x200.png 300w\" sizes=\"(max-width: 622px) 100vw, 622px\" \/><\/span><\/div>\n<div style=\"text-align: center;\"><span style=\"color: #000000;\"><strong>Anomal\u00edas de presi\u00f3n previstas para Junio 2013 en Europa.<\/strong><\/span><\/div>\n<div style=\"text-align: center;\"><span style=\"color: #000000;\"><strong>\u00a0<\/strong><\/span><\/div>\n<p><span style=\"color: #000000;\">Despu\u00e9s de tantos d\u00edas con la dichosa historia del &#8220;a\u00f1o si verano&#8221;,\u00a0vamos a echar un vistazo a los modelos estacionales, pero no\u00a0para mirar al verano (porque es casi imposible saber c\u00f3mo podr\u00eda ser), sino para ver\u00a0c\u00f3mo podr\u00eda presentarse el mes de Junio en Europa, y en Espa\u00f1a.<!--more--><\/span><\/p>\n<p><span style=\"color: #000000;\">Cabe mencionar que los modelos utilizados para predicciones a tan\u00a0largo plazo, no tienen nada que ver con los modelos meteorol\u00f3gicos\u00a0usados para elaborar la predicci\u00f3n diaria, ya que los modelos\u00a0estacionales, adem\u00e1s de tener en cuenta todos los datos de la\u00a0interacci\u00f3n oc\u00e9ano-atm\u00f3sfera-Tierra, usan\u00a0<strong>datos probabil\u00edsticos<\/strong>\u00a0que determinan la tendencia general de la estaci\u00f3n del a\u00f1o\u00a0correspondiente, y \u00e9sto es algo importante.<\/span><\/p>\n<p><span style=\"color: #000000;\">Es decir, estos modelos tienen en cuenta <strong>situaciones anteriores<\/strong>, ya\u00a0vividas a\u00f1os atr\u00e1s, estableciendo as\u00ed una tendencia m\u00e1s probable, en\u00a0funci\u00f3n de los patrones atmosf\u00e9ricos que hayan marcado el tiempo\u00a0durante las semanas previas al mes y\/o meses de predicci\u00f3n. Adem\u00e1s, estos modelos se encuentran\u00a0actualmente en pleno desarrollo, por lo que <strong>su fiabilidad suele ser bastante\u00a0baja<\/strong>, aunque s\u00ed es cierto que en numerosas ocasiones han acertado en\u00a0sus\u00a0pron\u00f3sticos, sobre todo en el caso del modelo americano. A pesar de todo, los\u00a0modelos estacionales s\u00ed <strong>pueden ayudarnos a marcar tendencias para un\u00a0mes vista<\/strong>.<\/span><\/p>\n<p><span style=\"color: #000000;\">A continuaci\u00f3n, intentaremos intuir qu\u00e9 configuraciones atmosf\u00e9ricas\u00a0podr\u00edan marcar la mayor parte del presente mes de Junio, y lo vamos a\u00a0hacer atendiendo a los mapas de anomal\u00edas del modelo americano <strong>CFS<\/strong>\u00a0(<strong>C<\/strong>limate <strong>F<\/strong>orecast <strong>S<\/strong>ystem), uno de los modelos estacionales m\u00e1s fiables que existen en la\u00a0actualidad.<\/span><\/p>\n<p><span style=\"color: #000000;\">En el mapa que encabeza este art\u00edculo, observamos las anomal\u00edas de la\u00a0presi\u00f3n a nivel de la superficie, previstas para este mes de Junio en\u00a0Europa. En colores c\u00e1lidos aparecen las zonas m\u00e1s propensas a\u00a0desarrollar centros de alta presi\u00f3n (anticiclones), mientras que en\u00a0colores fr\u00edos, aparecen representadas las zonas donde se podr\u00edan\u00a0encontrar \u00e1reas de bajas presiones (borrascas).<\/span><\/p>\n<p><span style=\"color: #000000;\">N\u00f3tese la presencia de anomal\u00edas bastante positivas (<strong>presencia de\u00a0anticiclones<\/strong>) ubicadas sobre la Pen\u00ednsula Escandinava, y las anomal\u00edas\u00a0negativas (<strong>presencia de anticiclones menos potentes<\/strong>) por zonas del sur\u00a0de Europa, como por ejemplo en Espa\u00f1a, pero tambi\u00e9n por buena parte de\u00a0los pa\u00edses mediterr\u00e1neos.<\/span><\/p>\n<p><span style=\"color: #000000;\">Como se ha ido especificando en los par\u00e9ntesis anteriores, esas\u00a0anomal\u00edas negativas mostradas en zonas del sur de Europa, <strong>no indican\u00a0necesariamente la presencia de borrascas<\/strong> (ya que la anomal\u00eda no es\u00a0demasiado importante), sino la presencia de <strong>anticiclones m\u00e1s d\u00e9biles<\/strong>.\u00a0Recordemos que durante estos meses de tiempo estable y seco en Espa\u00f1a,\u00a0lo que predominan son la presencia de potentes anticiclones, que son los que\u00a0nos traen el buen tiempo y los episodios de calor propios de estos\u00a0meses tan calurosos. Pero si por el norte de Europa los anticiclones\u00a0se ven reforzados, y adem\u00e1s \u00e9stos\u00a0anticiclones se mantienen casi est\u00e1ticos en un determinado lugar\u00a0(produci\u00e9ndose lo que se conoce como <em><strong>bloqueo anticicl\u00f3nico<\/strong><\/em>), las\u00a0consecuencias para las regiones del sur de\u00a0Europa ser\u00edan en forma de una <strong>mayor probabilidad de episodios de\u00a0temperaturas m\u00e1s frescas<\/strong>, pero\u00a0<span style=\"text-decoration: underline;\"><strong>seguir\u00edamos hablando de calor<\/strong><\/span>&#8230;\u00a0eso con\u00a0bastante seguridad.<\/span><\/p>\n<p><span style=\"color: #000000;\">Lo que nos intenta mostrar el modelo es una <strong>mayor probabilidad de\u00a0descolgamientos de aire fr\u00edo<\/strong> hacia zonas del centro y sur de Europa,\u00a0pero no en forma de potentes borrascas con sus frentes asociados, sino\u00a0en forma de <strong>embolsamientos de aire fr\u00edo en altura<\/strong>, que favorecen\u00a0la aparici\u00f3n de precipitaciones en zonas de interior. Por\u00a0lo general, se tratar\u00eda de <strong>chubascos y tormentas<\/strong>, y de hecho, as\u00ed lo\u00a0muestra el mapa de anomal\u00edas de precipitaci\u00f3n para Junio.<\/span><\/p>\n<div style=\"text-align: center;\"><span style=\"color: #000000;\"><img loading=\"lazy\" class=\"aligncenter  wp-image-442\" src=\"\/meteobadajoz\/wp-content\/uploads\/sites\/68\/2013\/06\/cfs-6-6-2013.png\" alt=\"\" width=\"622\" height=\"415\" srcset=\"https:\/\/static-blogs.hoy.es\/wp-content\/uploads\/sites\/68\/2013\/06\/cfs-6-6-2013.png 768w, https:\/\/static-blogs.hoy.es\/wp-content\/uploads\/sites\/68\/2013\/06\/cfs-6-6-2013-300x200.png 300w\" sizes=\"(max-width: 622px) 100vw, 622px\" \/><\/span><\/div>\n<div style=\"text-align: center;\"><span style=\"color: #000000;\"><strong>Mapa de anomal\u00edas de precipitaci\u00f3n para Junio 2013 en Europa &#8211; Modelo CFS.<\/strong><\/span><\/div>\n<div style=\"text-align: center;\"><span style=\"color: #000000;\"><strong>\u00a0<\/strong><\/span><\/div>\n<p style=\"text-align: left;\"><span style=\"color: #000000;\">Como vemos, aparece esa importante anomal\u00eda positiva\u00a0<strong>\u00a1de hasta 200%!<\/strong>\u00a0en el interior-norte de la Pen\u00ednsula, que nos indica los <strong>posibles episodios tormentosos<\/strong> que podr\u00edan darse especialmente hacia el centro-norte peninsular. Ya incluso durante este segundo fin de semana del mes (8-9 de Junio), podr\u00edamos tener un nuevo episodio de lluvias, en forma de chubascos y tormentas, que podr\u00edan afectar a gran parte de la Pen\u00ednsula, aunque \u00e9sto lo trataremos en profundidad durante los pr\u00f3ximos d\u00edas.<\/span><\/p>\n<p><span style=\"color: #000000;\">Volviendo al mapa anterior, por las regiones del centro y sureste de Europa, la situaci\u00f3n\u00a0es muy parecida a la de Espa\u00f1a. Las anomal\u00edas positivas (Junio m\u00e1s h\u00famedo)\u00a0aparecen sobre todo por zonas del interior,\u00a0asociadas tambi\u00e9n a <strong>posibles episodios\u00a0<\/strong><span style=\"font-family: arial, sans-serif;\"><strong>de tormentas<\/strong>. Hacia las regiones del centro-norte del\u00a0continente\u00a0europeo, las anomal\u00edas se distribuyen de forma irregular, positiva y negativamente pero, curiosamente, las anomal\u00edas\u00a0positivas\u00a0<strong>tambi\u00e9n aparecen hacia el interior<\/strong> de cada regi\u00f3n.<\/span><\/span><\/p>\n<p><span style=\"color: #000000;\"><span style=\"font-family: arial, sans-serif;\"><img loading=\"lazy\" class=\"aligncenter  wp-image-443\" src=\"\/meteobadajoz\/wp-content\/uploads\/sites\/68\/2013\/06\/cfs-8-6-2013.png\" alt=\"\" width=\"622\" height=\"415\" srcset=\"https:\/\/static-blogs.hoy.es\/wp-content\/uploads\/sites\/68\/2013\/06\/cfs-8-6-2013.png 768w, https:\/\/static-blogs.hoy.es\/wp-content\/uploads\/sites\/68\/2013\/06\/cfs-8-6-2013-300x200.png 300w\" sizes=\"(max-width: 622px) 100vw, 622px\" \/><\/span><\/span><\/p>\n<div>\n<div style=\"text-align: center;\"><span style=\"color: #000000;\"><strong>Mapa de anomal\u00edas de temperatura a 2 metros para Junio 2013 en Europa &#8211; Modelo CFS.<\/strong><\/span><\/div>\n<div style=\"text-align: center;\"><span style=\"color: #000000;\"><strong>\u00a0<\/strong><\/span><\/div>\n<p><span style=\"color: #000000;\">Y por \u00faltimo, desde el punto de vista t\u00e9rmico, Junio podr\u00eda dejarnos temperaturas <strong>entre 0\u00baC y -3\u00baC por debajo de los habitual<\/strong>, ojo, hablamos de la temperatura media.\u00a0Hay que tener en cuenta que el mes de Junio en nuestro pa\u00eds es\u00a0caluroso, por lo que no se podr\u00eda decir que vaya a ser un mes fr\u00edo o fresco, sino\u00a0<span style=\"text-decoration: underline;\"><strong>menos caluroso<\/strong><\/span>\u00a0en gran parte del pa\u00eds, aunque de forma puntual, se observan anomal\u00edas negativas de hasta\u00a0<strong>-4\u00baC<\/strong>.<\/span><\/p>\n<\/div>\n<div><\/div>\n<div><span style=\"font-family: arial, sans-serif; color: #000000;\">A nivel europeo, de nuevo vuelven a destacar las anomal\u00edas positivas (Junio m\u00e1s c\u00e1lido) bastante importantes hacia el norte del continente. Temperaturas algo m\u00e1s elevadas por los pa\u00edses del norte, que estar\u00edan asociadas\u00a0precisamente\u00a0a los <strong>posibles bloqueos anticicl\u00f3nicos<\/strong> que coment\u00e1bamos anteriormente. Y es que si finalmente se instaura \u00e9sta configuraci\u00f3n atmosf\u00e9rica, las masas de aire fr\u00edo que deber\u00edan afectar a esos pa\u00edses n\u00f3rdicos, podr\u00edan descender hacia los pa\u00edses del centro y sur de Europa con mayor frecuencia, y como consecuencia,\u00a0importantes\u00a0<wbr><strong>masas de aire c\u00e1lido ser\u00edan impulsadas hacia el norte<\/strong>. De ah\u00ed, posiblemente, esas anomal\u00edas positivas (Junio m\u00e1s c\u00e1lido por el norte de Europa) que muestra el modelo estacional.<\/wbr><\/span><\/div>\n<div><span style=\"font-family: arial, sans-serif; color: #000000;\"><br \/>\n<\/span><\/div>\n<div><span style=\"font-family: arial, sans-serif; color: #000000;\">As\u00ed que como habr\u00e1n comprobado, haciendo caso al modelo estacional americano,\u00a0<strong>Junio 2013 podr\u00eda ser algo menos caluroso<\/strong>, (hay que volver a remarcar que<strong>\u00a0<\/strong><span style=\"text-decoration: underline;\"><strong>no significa fr\u00edo<\/strong><\/span>), y con\u00a0<strong>posibles episodios tormentosos<\/strong>\u00a0que podr\u00edan afectar principalmente a zonas del centro y norte peninsular. El mes de Junio en nuestro pa\u00eds acostumbra a mostrarse algo m\u00e1s tormentoso en la primera quincena del mes, como consecuencia de la &#8220;inercia&#8221; p\u00edticamente inestable del mes de mayo, pero en la segunda quincena del mes nuestro pa\u00eds tiende a ser afectado por episodios de calor con mayor frecuencia que a comienzos del mes.<\/span><\/div>\n<div><span style=\"font-family: arial, sans-serif; color: #000000;\">\u00a0\u00a0<\/span><\/div>\n<div>\n<p style=\"text-align: center;\"><span style=\"color: #000000;\"><strong>Puedes seguir la cuenta de Twitter de este blog en\u00a0<span style=\"color: #ff0000;\"><a href=\"https:\/\/twitter.com\/MeteoBadajoz\" rel=\"external nofollow\" target=\"_blank\"><span style=\"color: #ff0000;\">@MeteoBadajoz<\/span><\/a><\/span>, donde estar\u00e1s totalmente informados en todo momento de c\u00f3mo evolucionan los d\u00edas, as\u00ed como de noticias de inter\u00e9s meteorol\u00f3gico.<\/strong><\/span><\/p>\n<p style=\"text-align: center;\"><span style=\"text-decoration: underline;\"><span style=\"color: #000000;\"><strong>Si el art\u00edculo te ha parecido interesante, puedes ayudar a divulgarlo a trav\u00e9s de las redes sociales, con ayuda de los botones para compartir.<\/strong><\/span><\/span><\/p>\n<p style=\"text-align: center;\"><span style=\"color: #000000;\"><strong>\u00a1\u00a1Gracias!!<\/strong><\/span><\/p>\n<\/div>\n<!-- AddThis Advanced Settings generic via filter on the_content --><!-- AddThis Share Buttons generic via filter on the_content -->","protected":false},"excerpt":{"rendered":"<p>Anomal\u00edas de presi\u00f3n previstas para Junio 2013 en Europa. \u00a0 Despu\u00e9s de tantos d\u00edas con la dichosa historia del &#8220;a\u00f1o si verano&#8221;,\u00a0vamos a echar un vistazo a los modelos estacionales, pero no\u00a0para mirar al verano (porque es casi imposible saber c\u00f3mo podr\u00eda ser), sino para ver\u00a0c\u00f3mo podr\u00eda presentarse el mes de Junio en Europa, y [&hellip;]<!-- AddThis Advanced Settings generic via filter on get_the_excerpt --><!-- AddThis Share Buttons generic via filter on get_the_excerpt --><\/p>\n","protected":false},"author":75,"featured_media":0,"comment_status":"open","ping_status":"closed","sticky":false,"template":"","format":"standard","meta":[],"categories":[4,5],"tags":[6,15,61,89,102,125,127],"_links":{"self":[{"href":"https:\/\/blogs.hoy.es\/meteobadajoz\/wp-json\/wp\/v2\/posts\/439"}],"collection":[{"href":"https:\/\/blogs.hoy.es\/meteobadajoz\/wp-json\/wp\/v2\/posts"}],"about":[{"href":"https:\/\/blogs.hoy.es\/meteobadajoz\/wp-json\/wp\/v2\/types\/post"}],"author":[{"embeddable":true,"href":"https:\/\/blogs.hoy.es\/meteobadajoz\/wp-json\/wp\/v2\/users\/75"}],"replies":[{"embeddable":true,"href":"https:\/\/blogs.hoy.es\/meteobadajoz\/wp-json\/wp\/v2\/comments?post=439"}],"version-history":[{"count":0,"href":"https:\/\/blogs.hoy.es\/meteobadajoz\/wp-json\/wp\/v2\/posts\/439\/revisions"}],"wp:attachment":[{"href":"https:\/\/blogs.hoy.es\/meteobadajoz\/wp-json\/wp\/v2\/media?parent=439"}],"wp:term":[{"taxonomy":"category","embeddable":true,"href":"https:\/\/blogs.hoy.es\/meteobadajoz\/wp-json\/wp\/v2\/categories?post=439"},{"taxonomy":"post_tag","embeddable":true,"href":"https:\/\/blogs.hoy.es\/meteobadajoz\/wp-json\/wp\/v2\/tags?post=439"}],"curies":[{"name":"wp","href":"https:\/\/api.w.org\/{rel}","templated":true}]}}