{"id":44,"date":"2012-10-02T12:16:00","date_gmt":"2012-10-02T12:16:00","guid":{"rendered":"http:\/\/blogs.hoy.es\/meteobadajoz\/2012\/10\/02\/las-inundaciones-de-murcia-y-andalucia-desde-los-satelites-de-la-nasa-aqua\/"},"modified":"2012-10-02T12:16:00","modified_gmt":"2012-10-02T12:16:00","slug":"las-inundaciones-de-murcia-y-andalucia-desde-los-satelites-de-la-nasa-aqua","status":"publish","type":"post","link":"https:\/\/blogs.hoy.es\/meteobadajoz\/2012\/10\/02\/las-inundaciones-de-murcia-y-andalucia-desde-los-satelites-de-la-nasa-aqua\/","title":{"rendered":"Las inundaciones de Murcia y Andaluc\u00eda desde los sat\u00e9lites de la NASA &#8211; AQUA"},"content":{"rendered":"<div style=\"clear: both;text-align: center\"><a href=\"http:\/\/2.bp.blogspot.com\/-JP_W7haihgI\/UHFpxSHT-HI\/AAAAAAAADU0\/NuPF9L9k_Oo\/s1600\/Gr%C3%A1fico_lluvias_intensas_del_sureste.PNG\" rel=\"external nofollow\"><img loading=\"lazy\" border=\"0\" height=\"337\" src=\"\/\/2.bp.blogspot.com\/-JP_W7haihgI\/UHFpxSHT-HI\/AAAAAAAADU0\/NuPF9L9k_Oo\/s640\/Gr%C3%A1fico_lluvias_intensas_del_sureste.PNG\" width=\"640\" \/><\/a><\/div>\n<div style=\"text-align: center\"><b><span style=\"font-family: Helvetica Neue, Arial, Helvetica, sans-serif\">La orograf\u00eda juega un papel muy importante\u00a0en la cantidad, intensidad, distribuci\u00f3n espacial y duraci\u00f3n de las precipitacion<\/span><span style=\"font-family: 'Helvetica Neue', Arial, Helvetica, sans-serif\">es como sucede, por ejemplo, en situaciones de lluvias intensas en el sur de la Pen\u00ednsula Ib\u00e9rica.<\/span><\/b><\/div>\n<p><span style=\"font-family: Helvetica Neue, Arial, Helvetica, sans-serif\"><br \/>Viendo las espectaculares im\u00e1genes que nos ha dejado el paso de la \u00faltima DANA por el sur y sureste de la pen\u00ednsula, me he preguntado si desde las im\u00e1genes en alta resoluci\u00f3n que nos ofrecen los sat\u00e9lites de la NASA, como el AQUA o el TERRA, podr\u00edamos ver las inundaciones, y la respuesta es que si. No se aprecia con la m\u00e1xima claridad, pero en estas im\u00e1genes que os pongo a continuaci\u00f3n lo vemos perfectamente.<\/span><br \/><a name='more'><\/a><span style=\"font-family: Helvetica Neue, Arial, Helvetica, sans-serif\"><br \/>A continuaci\u00f3n, a modo de comparativa, os muestro varias im\u00e1genes del sat\u00e9lite AQUA. En este caso son del pasado martes 25 de septiembre de 2012, por la tarde. En ella se observa que evidentemente el suelo estaba muy seco, las im\u00e1genes hablan por si solas:<\/span><\/p>\n<div style=\"clear: both;text-align: center\"><a href=\"http:\/\/oi50.tinypic.com\/bkky9.jpg\" rel=\"external nofollow\"><img loading=\"lazy\" border=\"0\" height=\"406\" src=\"\/\/oi50.tinypic.com\/bkky9.jpg\" width=\"640\" \/><\/a><\/div>\n<div style=\"clear: both;text-align: left\"><span style=\"font-family: Helvetica Neue, Arial, Helvetica, sans-serif\">Y ahora mirad la imagen que nos enviaba hoy \u00e9ste mismo sat\u00e9lite, todo mucho m\u00e1s h\u00famedo y verde, y no tan seco:<\/span><\/div>\n<div style=\"clear: both;text-align: center\"><a href=\"http:\/\/oi47.tinypic.com\/2ro48cz.jpg\" rel=\"external nofollow\"><img loading=\"lazy\" border=\"0\" height=\"406\" src=\"\/\/oi47.tinypic.com\/2ro48cz.jpg\" width=\"640\" \/><\/a><\/div>\n<div style=\"clear: both;text-align: left\"><\/div>\n<div style=\"clear: both\"><span style=\"font-family: Helvetica Neue, Arial, Helvetica, sans-serif\">A partir de estas dos im\u00e1genes de alta resoluci\u00f3n, destaco lo que posiblemente se trate de las extensas \u00e1reas cubiertas de agua en la Regi\u00f3n de Murcia.<\/span><\/div>\n<div style=\"clear: both\"><span style=\"font-family: Helvetica Neue, Arial, Helvetica, sans-serif\"><br \/><\/span><\/div>\n<div style=\"clear: both\"><span style=\"font-family: Helvetica Neue, Arial, Helvetica, sans-serif\">Mirad, esta imagen pertenece a la jornada del martes 25 de septiembre:<\/span><\/div>\n<div style=\"clear: both;text-align: center\"><a href=\"http:\/\/oi47.tinypic.com\/2e2flw9.jpg\" rel=\"external nofollow\"><img loading=\"lazy\" border=\"0\" height=\"460\" src=\"\/\/oi47.tinypic.com\/2e2flw9.jpg\" width=\"640\" \/><\/a><\/div>\n<div style=\"clear: both\"><span style=\"font-family: Helvetica Neue, Arial, Helvetica, sans-serif\">Y a d\u00eda de hoy lo que vemos es \u00e9sto:<\/span><\/div>\n<div style=\"clear: both;text-align: center\"><a href=\"http:\/\/oi48.tinypic.com\/2a9y3y0.jpg\" rel=\"external nofollow\"><img loading=\"lazy\" border=\"0\" height=\"454\" src=\"\/\/oi48.tinypic.com\/2a9y3y0.jpg\" width=\"640\" \/><\/a><\/div>\n<div style=\"clear: both\"><\/div>\n<div style=\"clear: both\"><span style=\"font-family: Helvetica Neue, Arial, Helvetica, sans-serif\">Vemos aparecer una peque\u00f1a mancha de color azul precisamente en la zona m\u00e1s afectada de la Regi\u00f3n de Murcia. Tambi\u00e9n podemos observar en estas im\u00e1genes los sedimentos que los r\u00edos de esta zona han vertido al mar.<\/span><\/div>\n<div style=\"clear: both\"><span style=\"font-family: Helvetica Neue, Arial, Helvetica, sans-serif\"><br \/><\/span><\/div>\n<div style=\"clear: both\"><span style=\"font-family: Helvetica Neue, Arial, Helvetica, sans-serif\">La primera imagen pertenece al martes 25 de septiembre, en la que vemos muy pocos sedimentos frente a las costas del sureste peninsular:<\/span><\/div>\n<div style=\"clear: both;text-align: center\"><a href=\"http:\/\/oi47.tinypic.com\/11maxwy.jpg\" rel=\"external nofollow\"><img loading=\"lazy\" border=\"0\" height=\"570\" src=\"\/\/oi47.tinypic.com\/11maxwy.jpg\" width=\"640\" \/><\/a><\/div>\n<div style=\"clear: both\"><\/div>\n<div style=\"clear: both\"><span style=\"font-family: Helvetica Neue, Arial, Helvetica, sans-serif\">Pero si nos fijamos en la imagen de hoy, se aprecia perfectamente la presencia de estos sedimentos arrastrados por las peque\u00f1as corrientes marinas que rondan las costas del sureste:<\/span><\/div>\n<div style=\"clear: both;text-align: center\"><a href=\"http:\/\/oi49.tinypic.com\/2qxmfwl.jpg\" rel=\"external nofollow\"><img loading=\"lazy\" border=\"0\" height=\"506\" src=\"\/\/oi49.tinypic.com\/2qxmfwl.jpg\" width=\"640\" \/><\/a><\/div>\n<div>\n<div><span style=\"font-family: Helvetica Neue, Arial, Helvetica, sans-serif\">He pensado que tambi\u00e9n podr\u00eda tratarse de fitoplancton, aunque veo m\u00e1s probable que se trate, como digo, de sedimentos y barro arrastrado por las fuertes crecidas.<\/span><\/div>\n<div><span style=\"font-family: Helvetica Neue, Arial, Helvetica, sans-serif\"><br \/><\/span><\/div>\n<div><span style=\"font-family: Helvetica Neue, Arial, Helvetica, sans-serif\">En definitiva, podemos decir que no solo vemos las consecuencias del temporal desde el suelo, sino que tambi\u00e9n, una vez m\u00e1s, desde los sat\u00e9lites. Espero que os sirva de informaci\u00f3n y como curiosidad!<\/span><\/div>\n<div><span style=\"font-family: Helvetica Neue, Arial, Helvetica, sans-serif\"><br \/><\/span><\/div>\n<div><span style=\"font-family: Helvetica Neue, Arial, Helvetica, sans-serif\">Un saludo! ;-)<\/span><\/div>\n<\/div>\n<!-- AddThis Advanced Settings generic via filter on the_content --><!-- AddThis Share Buttons generic via filter on the_content -->","protected":false},"excerpt":{"rendered":"<p>La orograf\u00eda juega un papel muy importante\u00a0en la cantidad, intensidad, distribuci\u00f3n espacial y duraci\u00f3n de las precipitaciones como sucede, por ejemplo, en situaciones de lluvias intensas en el sur de la Pen\u00ednsula Ib\u00e9rica. Viendo las espectaculares im\u00e1genes que nos ha dejado el paso de la \u00faltima DANA por el sur y sureste de la pen\u00ednsula, [&hellip;]<!-- AddThis Advanced Settings generic via filter on get_the_excerpt --><!-- AddThis Share Buttons generic via filter on get_the_excerpt --><\/p>\n","protected":false},"author":3,"featured_media":0,"comment_status":"open","ping_status":"closed","sticky":false,"template":"","format":"standard","meta":[],"categories":[3],"tags":[],"_links":{"self":[{"href":"https:\/\/blogs.hoy.es\/meteobadajoz\/wp-json\/wp\/v2\/posts\/44"}],"collection":[{"href":"https:\/\/blogs.hoy.es\/meteobadajoz\/wp-json\/wp\/v2\/posts"}],"about":[{"href":"https:\/\/blogs.hoy.es\/meteobadajoz\/wp-json\/wp\/v2\/types\/post"}],"author":[{"embeddable":true,"href":"https:\/\/blogs.hoy.es\/meteobadajoz\/wp-json\/wp\/v2\/users\/3"}],"replies":[{"embeddable":true,"href":"https:\/\/blogs.hoy.es\/meteobadajoz\/wp-json\/wp\/v2\/comments?post=44"}],"version-history":[{"count":0,"href":"https:\/\/blogs.hoy.es\/meteobadajoz\/wp-json\/wp\/v2\/posts\/44\/revisions"}],"wp:attachment":[{"href":"https:\/\/blogs.hoy.es\/meteobadajoz\/wp-json\/wp\/v2\/media?parent=44"}],"wp:term":[{"taxonomy":"category","embeddable":true,"href":"https:\/\/blogs.hoy.es\/meteobadajoz\/wp-json\/wp\/v2\/categories?post=44"},{"taxonomy":"post_tag","embeddable":true,"href":"https:\/\/blogs.hoy.es\/meteobadajoz\/wp-json\/wp\/v2\/tags?post=44"}],"curies":[{"name":"wp","href":"https:\/\/api.w.org\/{rel}","templated":true}]}}