{"id":448,"date":"2013-06-10T07:00:40","date_gmt":"2013-06-10T05:00:40","guid":{"rendered":"http:\/\/blogs.hoy.es\/meteobadajoz\/?p=448"},"modified":"2013-06-10T07:00:40","modified_gmt":"2013-06-10T05:00:40","slug":"semana-de-mucho-calor","status":"publish","type":"post","link":"https:\/\/blogs.hoy.es\/meteobadajoz\/2013\/06\/10\/semana-de-mucho-calor\/","title":{"rendered":"Se prepara una semana de much\u00edsimo calor"},"content":{"rendered":"<p style=\"text-align: center;\"><img loading=\"lazy\" class=\"aligncenter  wp-image-452\" src=\"\/meteobadajoz\/wp-content\/uploads\/sites\/68\/2013\/06\/000_Par6380407.jpg\" alt=\"\" width=\"578\" height=\"384\" \/><\/p>\n<p><span style=\"color: #000000;\"><strong>Lunes 10 de Junio 2013.<\/strong> Poco ha durado este peque\u00f1o par\u00e9ntesis de temperaturas frescas y lluvias que hemos tenido durante el pasado fin de semana, porque para los pr\u00f3ximos d\u00edas las temperaturas iniciar\u00e1n un\u00a0progresivo\u00a0e <strong>importante ascenso<\/strong>, que podr\u00eda llevarnos a valores m\u00e1ximos ampliamente <strong>por encima de los 35\u00baC<\/strong> en muchas zonas del suroeste de la Pen\u00ednsula. Y es que <strong>prep\u00e1rense<\/strong>, porque de cumplirse las predicciones tal y como se encuentran actualmente, acabar\u00edamos la presente semana con m\u00e1ximas<strong> cercanas a los 38\u00baC<\/strong> en las zonas t\u00edpicamente m\u00e1s calurosas del sur de nuestro pa\u00eds: Vegas del Guadiana y Valle del Guadalquivir (principalmente).<!--more--><\/span><\/p>\n<p><span style=\"color: #000000;\">A pesar de que seguimos en primavera, apenas quedan<strong> 11 d\u00edas para comenzar el verano<\/strong> astron\u00f3mico (el viernes 21 de Junio a la 07:04 hora oficial peninsular), pero el verano meteorol\u00f3gico ya quiere hacer acto de presencia en Espa\u00f1a. Por otra parte, en las fechas en las que estamos, ya es momento de que nos afecten estos episodios de calor intenso, ya que lo que no ser\u00eda normal es que no llegaran.<\/span><\/p>\n<p style=\"text-align: center;\"><img loading=\"lazy\" class=\"aligncenter  wp-image-450\" src=\"\/meteobadajoz\/wp-content\/uploads\/sites\/68\/2013\/06\/image4012.png\" alt=\"\" width=\"611\" height=\"361\" srcset=\"https:\/\/static-blogs.hoy.es\/wp-content\/uploads\/sites\/68\/2013\/06\/image4012.png 1018w, https:\/\/static-blogs.hoy.es\/wp-content\/uploads\/sites\/68\/2013\/06\/image4012-300x177.png 300w, https:\/\/static-blogs.hoy.es\/wp-content\/uploads\/sites\/68\/2013\/06\/image4012-768x454.png 768w\" sizes=\"(max-width: 611px) 100vw, 611px\" \/><\/p>\n<p><span style=\"color: #000000;\">En el interior del continente africano, en estos meses tan calurosos, se suele forman una gran masa de aire <strong>extremadamente c\u00e1lida<\/strong>, que afecta a la mayor parte del Sahara y que, debido a la acumulaci\u00f3n de calor, se ve obligada a buscar una salida para renovar el aire. Habitualmente lo hace por las Islas de Cabo Verde, extendi\u00e9ndose hacia el oeste a trav\u00e9s del Atl\u00e1ntico central, y ayudado por los vientos alisios de noreste que proporciona el anticicl\u00f3n de las Azores, pero tambi\u00e9n estas masas de aire c\u00e1lido &#8220;se escapan&#8221; de \u00c1frica accediendo por el sur de Europa.<\/span><\/p>\n<p><span style=\"color: #000000;\">Primero <strong>afectan a Espa\u00f1a<\/strong>, y despu\u00e9s se desplazan hacia el este, ocupando zonas del Mediterr\u00e1neo central donde normalmente acaban perdiendo fuerza, y vuelve a recalentarse la gran masa de aire del interior de \u00c1frica. Este ciclo se repite constantemente especialmente a lo largo de verano. La conocida\u00a0<strong><em>dorsal norteafricana<\/em><\/strong>\u00a0es el nombre que recibe la invasi\u00f3n c\u00e1lida que t\u00edpicamente sube desde Marruecos o Argelia hacia los pa\u00edses del sur de Europa (hablaremos mucho de ella en los pr\u00f3ximos meses).<\/span><\/p>\n<p style=\"text-align: center;\"><img loading=\"lazy\" class=\"aligncenter\" src=\"\/\/nsae01.casimages.net\/img\/2013\/06\/09\/130609092843693971.gif\" alt=\"\" width=\"614\" height=\"410\" \/><\/p>\n<p style=\"text-align: center;\"><strong><span style=\"color: #000000;\">Evoluci\u00f3n de las temperaturas a 850 hPa para los pr\u00f3ximos d\u00edas en Europa y norte de \u00c1frica &#8211; Modelo GFS.<\/span><\/strong><\/p>\n<p><span style=\"color: #000000;\">En estos casos en los que es interesante seguir la evoluci\u00f3n de un periodo de altas o bajas temperaturas, es recomendable echar mano de los mapas de <em>temperaturas a 850 hPa<\/em> (hectopascales), que corresponde a una altura en la Troposfera equivalente a unos 1.500 metros de altitud.<\/span><\/p>\n<p><span style=\"color: #000000;\">El mapa de 850 hPa es perfecto para observar la<strong> evoluci\u00f3n de las temperaturas<\/strong> a lo largo de los d\u00edas, ya que no son las temperaturas que se registran en superficie y, por tanto, no se ven tan influenciadas por el d\u00eda y la noche. Viendo las temperaturas a esta altura, podemos \u201cadivinar\u201d las temperaturas que m\u00e1s o menos se pueden dar en superficie, as\u00ed como sacar su <strong>tendencia<\/strong> para los pr\u00f3ximos d\u00edas. Adem\u00e1s tambi\u00e9n nos sirve para ver las <strong>dimensiones o la magnitud<\/strong> de las invasiones de aire fr\u00edo o c\u00e1lido que afectan a la Pen\u00ednsula.<\/span><\/p>\n<p><span style=\"color: #000000;\">Lo que se muestra en la figura superior es la evoluci\u00f3n esperada, a d\u00eda de hoy, de esa lengua de aire c\u00e1lido que surge desde el norte de \u00c1frica, y que a lo largo de esta semana<strong> se va a extender por gran parte del suroeste de Europa<\/strong>. En la animaci\u00f3n se ha destacado bajo un circulo negro la Pen\u00ednsula Ib\u00e9rica, y como se puede observar, la tendencia es que cada vez tengamos m\u00e1s calor a ese nivel de unos 1.500 metros de altitud.<\/span><\/p>\n<p><span style=\"color: #000000;\">Observamos una burbuja de aire c\u00e1lido de hasta <strong>20\u00baC<\/strong> que aparece en el interior peninsular por la tarde de cada jornada, y que se traduce en temperaturas a nivel del suelo que estar\u00edan rondando los <span style=\"color: #ff0000;\"><strong>35-37\u00baC<\/strong><\/span>. De forma puntual incluso se podr\u00edan registrar temperaturas muy cercanas a los <strong>38\u00baC<\/strong>, por lo que hablar\u00edamos de <strong>calor intenso<\/strong> en algunas zonas del centro y el sur de la Pen\u00ednsula, y seguramente se activar\u00e1n los <strong>primeros avisos por calor<\/strong>.<\/span><\/p>\n<p style=\"text-align: center;\"><img loading=\"lazy\" class=\"aligncenter  wp-image-451\" src=\"\/meteobadajoz\/wp-content\/uploads\/sites\/68\/2013\/06\/mapa-temperaturas.png\" alt=\"\" width=\"631\" height=\"417\" srcset=\"https:\/\/static-blogs.hoy.es\/wp-content\/uploads\/sites\/68\/2013\/06\/mapa-temperaturas.png 957w, https:\/\/static-blogs.hoy.es\/wp-content\/uploads\/sites\/68\/2013\/06\/mapa-temperaturas-300x198.png 300w, https:\/\/static-blogs.hoy.es\/wp-content\/uploads\/sites\/68\/2013\/06\/mapa-temperaturas-768x506.png 768w\" sizes=\"(max-width: 631px) 100vw, 631px\" \/><\/p>\n<p style=\"text-align: center;\"><strong><span style=\"color: #000000;\">Temperaturas m\u00e1ximas previstas para el pr\u00f3ximo s\u00e1bado 15 de Junio en la Pen\u00ednsula &#8211; Modelo GFS.<\/span><\/strong><\/p>\n<p><span style=\"color: #000000;\">Si observamos ahora los mapas de temperaturas a nivel del suelo, comprobamos que efectivamente las m\u00e1ximas esperadas para esos \u00faltimos d\u00edas de la semana podr\u00edan ser bastante altas. Por encima de los 30\u00baC en muchas zonas, as\u00ed como cercanas o superiores a 35\u00baC en extensas \u00e1reas del interior, y de 37-38\u00baC en las zonas m\u00e1s profundas de las Vegas del Guadiana y Valle del Guadalquivir, as\u00ed que <strong>ojo con las m\u00e1ximas<\/strong>.<\/span><\/p>\n<p><span style=\"color: #000000;\">Cabe destacar que normalmente las temperaturas que prev\u00e9n los modelos, suelen quedarse algo cortas, unos 2\u00baC por debajo. Las temperaturas realmente acaban siendo <strong>un par de grados superiores<\/strong> a las esperadas, sobre todo si hablamos de valles muy profundos o grandes ciudades, ya que los modelos no tienen en cuenta fen\u00f3menos tan locales como el conocido efecto &#8220;<em>isla de calor<\/em>&#8220;, en<\/span>\u00a0<span style=\"color: #000000;\">el cual se registran temperaturas m\u00e1s elevadas en el centro de la ciudades que en las afueras, debido a la contaminaci\u00f3n y\/o presencia de materiales como el hormig\u00f3n, asfalto, etc, por lo que no ser\u00eda raro que en algunas zonas se llegaran a rozar los <strong>38-39\u00baC<\/strong>.<\/span><\/p>\n<p style=\"text-align: center;\"><img loading=\"lazy\" class=\"aligncenter  wp-image-449\" src=\"\/meteobadajoz\/wp-content\/uploads\/sites\/68\/2013\/06\/mapa-de-riesgo-de-incendio.png\" alt=\"\" width=\"601\" height=\"489\" srcset=\"https:\/\/static-blogs.hoy.es\/wp-content\/uploads\/sites\/68\/2013\/06\/mapa-de-riesgo-de-incendio.png 668w, https:\/\/static-blogs.hoy.es\/wp-content\/uploads\/sites\/68\/2013\/06\/mapa-de-riesgo-de-incendio-300x244.png 300w\" sizes=\"(max-width: 601px) 100vw, 601px\" \/><strong><span style=\"color: #000000;\">Mapa de riesgo de incendio para el lunes 10 de Junio 2013 en la Pen\u00ednsula y Baleares &#8211; EFFIS.<\/span><\/strong><\/p>\n<p style=\"text-align: left;\"><strong><\/strong><span style=\"color: #000000;\">Otra cosa a destacar en estas situaciones de intenso calor, es el <strong>riesgo de incendios<\/strong>. Especialmente durante este verano, que se presenta <strong>potencialmente peligroso<\/strong> en cuanto a los incendios, debido a la abundancia de pastos por las lluvias ca\u00eddas durante los \u00faltimos meses, por lo que se hace necesario <strong>extremar las precauciones<\/strong> para prevenir la quema de bosques.<\/span><\/p>\n<p style=\"text-align: left;\"><span style=\"color: #000000;\">En <strong><a href=\"http:\/\/forest.jrc.ec.europa.eu\/effis\/applications\/current-situation\/\" target=\"_blank\" rel=\"external nofollow\">\u00e9sta direcci\u00f3n web<\/a><\/strong> podr\u00e1n encontrar informaci\u00f3n diaria al respecto, con un mapa de riesgo de incendios para toda Europa, y con una resoluci\u00f3n bastante aceptable. Una herramienta que puede servir de <strong>gran ayuda<\/strong> a esas agrupaciones de protecci\u00f3n civil y bomberos que velan por nuestra seguridad y por la de nuestro entorno.<\/span><\/p>\n<p style=\"text-align: left;\"><span style=\"color: #000000;\">Se calcula que <strong>tan s\u00f3lo el 10%<\/strong> de los incendios que se producen cada a\u00f1o, est\u00e1n provocados por la naturaleza (ca\u00edda de rayos), el resto est\u00e1n provocados por el hombre. Se habla de &#8220;<em><strong>la regla del 30<\/strong><\/em>&#8220;: temperaturas superiores a los 30\u00baC, m\u00e1s de 30 km\/h de viento, y menos del 30% de humedad, est\u00e1n consideradas las condiciones m\u00e1s favorables para la propagaci\u00f3n de incendios&#8230; As\u00ed que seamos responsables de lo que tenemos, y cuidemos nuestros bosques como se merecen.<\/span><\/p>\n<p style=\"text-align: left;\"><span style=\"color: #000000;\">Estaremos <strong>muy atentos<\/strong> a c\u00f3mo evoluciona toda esta situaci\u00f3n, porque de cumplirse los modelos tal y como est\u00e1n a d\u00eda de hoy, la semana acabar\u00e1 con <strong>bastante calor<\/strong>.<\/span><\/p>\n<p style=\"text-align: center;\"><span style=\"color: #000000;\"><strong>Puedes seguir este blog a trav\u00e9s de la cuenta de Twitter\u00a0<span style=\"color: #ff0000;\"><a href=\"https:\/\/twitter.com\/MeteoBadajoz\" rel=\"external nofollow\" target=\"_blank\"><span style=\"color: #ff0000;\">@MeteoBadajoz<\/span><\/a><\/span>, o Facebook <span style=\"color: #ff0000;\"><a href=\"https:\/\/www.facebook.com\/pages\/MeteoBadajoz\/236436716399890\" target=\"_blank\" rel=\"external nofollow\"><span style=\"color: #ff0000;\">MeteoBadajoz<\/span><\/a><\/span>, donde estar\u00e1s informado en todo momento de c\u00f3mo evolucionan los d\u00edas, as\u00ed como de noticias de inter\u00e9s meteorol\u00f3gico.<\/strong><\/span><\/p>\n<p style=\"text-align: center;\"><span style=\"text-decoration: underline;\"><span style=\"color: #000000; text-decoration: underline;\"><strong>Si el art\u00edculo te ha parecido interesante, puedes ayudar a divulgarlo a trav\u00e9s de las redes sociales, con ayuda de los botones para compartir.<\/strong><\/span><\/span><\/p>\n<p style=\"text-align: center;\"><span style=\"color: #000000;\"><strong>\u00a1\u00a1Gracias!!<\/strong><\/span><\/p>\n<!-- AddThis Advanced Settings generic via filter on the_content --><!-- AddThis Share Buttons generic via filter on the_content -->","protected":false},"excerpt":{"rendered":"<p>Lunes 10 de Junio 2013. Poco ha durado este peque\u00f1o par\u00e9ntesis de temperaturas frescas y lluvias que hemos tenido durante el pasado fin de semana, porque para los pr\u00f3ximos d\u00edas las temperaturas iniciar\u00e1n un\u00a0progresivo\u00a0e importante ascenso, que podr\u00eda llevarnos a valores m\u00e1ximos ampliamente por encima de los 35\u00baC en muchas zonas del suroeste de la [&hellip;]<!-- AddThis Advanced Settings generic via filter on get_the_excerpt --><!-- AddThis Share Buttons generic via filter on get_the_excerpt --><\/p>\n","protected":false},"author":75,"featured_media":0,"comment_status":"open","ping_status":"closed","sticky":false,"template":"","format":"standard","meta":[],"categories":[4,5],"tags":[6,11,15,26,38,62,102,142,150],"_links":{"self":[{"href":"https:\/\/blogs.hoy.es\/meteobadajoz\/wp-json\/wp\/v2\/posts\/448"}],"collection":[{"href":"https:\/\/blogs.hoy.es\/meteobadajoz\/wp-json\/wp\/v2\/posts"}],"about":[{"href":"https:\/\/blogs.hoy.es\/meteobadajoz\/wp-json\/wp\/v2\/types\/post"}],"author":[{"embeddable":true,"href":"https:\/\/blogs.hoy.es\/meteobadajoz\/wp-json\/wp\/v2\/users\/75"}],"replies":[{"embeddable":true,"href":"https:\/\/blogs.hoy.es\/meteobadajoz\/wp-json\/wp\/v2\/comments?post=448"}],"version-history":[{"count":0,"href":"https:\/\/blogs.hoy.es\/meteobadajoz\/wp-json\/wp\/v2\/posts\/448\/revisions"}],"wp:attachment":[{"href":"https:\/\/blogs.hoy.es\/meteobadajoz\/wp-json\/wp\/v2\/media?parent=448"}],"wp:term":[{"taxonomy":"category","embeddable":true,"href":"https:\/\/blogs.hoy.es\/meteobadajoz\/wp-json\/wp\/v2\/categories?post=448"},{"taxonomy":"post_tag","embeddable":true,"href":"https:\/\/blogs.hoy.es\/meteobadajoz\/wp-json\/wp\/v2\/tags?post=448"}],"curies":[{"name":"wp","href":"https:\/\/api.w.org\/{rel}","templated":true}]}}