{"id":45,"date":"2012-10-02T12:09:00","date_gmt":"2012-10-02T12:09:00","guid":{"rendered":"http:\/\/blogs.hoy.es\/meteobadajoz\/2012\/10\/02\/evolucion-de-la-dana-ocurrida-a-finales-de-septiembre-de-2012-sateliteradar\/"},"modified":"2012-10-02T12:09:00","modified_gmt":"2012-10-02T12:09:00","slug":"evolucion-de-la-dana-ocurrida-a-finales-de-septiembre-de-2012-sateliteradar","status":"publish","type":"post","link":"https:\/\/blogs.hoy.es\/meteobadajoz\/2012\/10\/02\/evolucion-de-la-dana-ocurrida-a-finales-de-septiembre-de-2012-sateliteradar\/","title":{"rendered":"Evoluci\u00f3n de la DANA ocurrida a finales de septiembre de 2012 (Sat\u00e9lite\/radar)"},"content":{"rendered":"<p><span style=\"font-family: Helvetica Neue, Arial, Helvetica, sans-serif\">Hola amig@s! Os dejo un v\u00eddeo-recopilatorio de im\u00e1genes de sat\u00e9lite y radar de la situaci\u00f3n de lluvias que hemos tenido estos \u00faltimos d\u00edas de septiembre. No es m\u00e1s que una gran animaci\u00f3n de im\u00e1genes del sat\u00e9lite, a ver qu\u00e9 os parece!<\/span><br \/><span style=\"font-family: Helvetica Neue, Arial, Helvetica, sans-serif\"><br \/><\/span><\/p>\n<div style=\"clear: both;text-align: center\"><\/div>\n<p><\/p>\n<!-- AddThis Advanced Settings generic via filter on the_content --><!-- AddThis Share Buttons generic via filter on the_content -->","protected":false},"excerpt":{"rendered":"<p>Hola amig@s! Os dejo un v\u00eddeo-recopilatorio de im\u00e1genes de sat\u00e9lite y radar de la situaci\u00f3n de lluvias que hemos tenido estos \u00faltimos d\u00edas de septiembre. No es m\u00e1s que una gran animaci\u00f3n de im\u00e1genes del sat\u00e9lite, a ver qu\u00e9 os parece!<!-- AddThis Advanced Settings generic via filter on get_the_excerpt --><!-- AddThis Share Buttons generic via filter on get_the_excerpt --><\/p>\n","protected":false},"author":3,"featured_media":0,"comment_status":"open","ping_status":"closed","sticky":false,"template":"","format":"standard","meta":[],"categories":[3],"tags":[],"_links":{"self":[{"href":"https:\/\/blogs.hoy.es\/meteobadajoz\/wp-json\/wp\/v2\/posts\/45"}],"collection":[{"href":"https:\/\/blogs.hoy.es\/meteobadajoz\/wp-json\/wp\/v2\/posts"}],"about":[{"href":"https:\/\/blogs.hoy.es\/meteobadajoz\/wp-json\/wp\/v2\/types\/post"}],"author":[{"embeddable":true,"href":"https:\/\/blogs.hoy.es\/meteobadajoz\/wp-json\/wp\/v2\/users\/3"}],"replies":[{"embeddable":true,"href":"https:\/\/blogs.hoy.es\/meteobadajoz\/wp-json\/wp\/v2\/comments?post=45"}],"version-history":[{"count":0,"href":"https:\/\/blogs.hoy.es\/meteobadajoz\/wp-json\/wp\/v2\/posts\/45\/revisions"}],"wp:attachment":[{"href":"https:\/\/blogs.hoy.es\/meteobadajoz\/wp-json\/wp\/v2\/media?parent=45"}],"wp:term":[{"taxonomy":"category","embeddable":true,"href":"https:\/\/blogs.hoy.es\/meteobadajoz\/wp-json\/wp\/v2\/categories?post=45"},{"taxonomy":"post_tag","embeddable":true,"href":"https:\/\/blogs.hoy.es\/meteobadajoz\/wp-json\/wp\/v2\/tags?post=45"}],"curies":[{"name":"wp","href":"https:\/\/api.w.org\/{rel}","templated":true}]}}