{"id":46,"date":"2012-09-23T19:11:00","date_gmt":"2012-09-23T19:11:00","guid":{"rendered":"http:\/\/blogs.hoy.es\/meteobadajoz\/2012\/09\/23\/podcast-colaboracion-con-el-programa-tiempo-para-todo-de-canal-extremadura-radio\/"},"modified":"2012-09-23T19:11:00","modified_gmt":"2012-09-23T19:11:00","slug":"podcast-colaboracion-con-el-programa-tiempo-para-todo-de-canal-extremadura-radio","status":"publish","type":"post","link":"https:\/\/blogs.hoy.es\/meteobadajoz\/2012\/09\/23\/podcast-colaboracion-con-el-programa-tiempo-para-todo-de-canal-extremadura-radio\/","title":{"rendered":"Podcast &#8211; Colaboraci\u00f3n con el programa &#8220;Tiempo para todo&#8221; de Canal Extremadura Radio"},"content":{"rendered":"<p><span style=\"font-family: Helvetica Neue, Arial, Helvetica, sans-serif\">Hola amig@s! Como os coment\u00e9 en la <span style=\"color: red\"><a href=\"http:\/\/meteo-badajoz.blogspot.com.es\/2012\/09\/colaboracion-con-el-programa-tiempo.html\" target=\"_blank\" rel=\"external nofollow\">entrada anterior<\/a><\/span>\u00a0el pasado viernes tuve el privilegio de participar en el programa de<\/span><span style=\"font-family: 'Helvetica Neue', Arial, Helvetica, sans-serif\">\u00a0Canal Extremadura Radio\u00a0<\/span><span style=\"font-family: 'Helvetica Neue', Arial, Helvetica, sans-serif\">&#8220;Los S\u00e1bados al Sol&#8221; (presentado por Chus Garc\u00eda), en la secci\u00f3n de &#8220;Tiempo para todo&#8221; con\u00a0<\/span><span style=\"font-family: Helvetica Neue, Arial, Helvetica, sans-serif\">Jose Manuel Jimenez (compa\u00f1ero de afici\u00f3n) y con Jes\u00fas Teniente (presentador del tiempo de Canal\u00a0Extremadura\u00a0TV). El programa fue emitido el pasado s\u00e1bado 22 de septiembre a las 13:35h.<\/span><br \/><span style=\"font-family: Helvetica Neue, Arial, Helvetica, sans-serif\"><\/span><br \/><a name='more'><\/a><span style=\"font-family: Helvetica Neue, Arial, Helvetica, sans-serif\"><br \/><\/span><span style=\"font-family: Helvetica Neue, Arial, Helvetica, sans-serif\">Y como lo prometido es deuda, os dejo el podcast del programa. Lo mejor es a partir del minuto 7:40. Espero que os guste!!<\/span><br \/><span style=\"font-family: Helvetica Neue, Arial, Helvetica, sans-serif\"><br \/><\/span><\/p>\n<div style=\"clear: both;text-align: center\"><\/div>\n<p><span style=\"font-family: Helvetica Neue, Arial, Helvetica, sans-serif\"><br \/><\/span><span style=\"font-family: Helvetica Neue, Arial, Helvetica, sans-serif\">Un saludo! ;-)<\/span><\/p>\n<!-- AddThis Advanced Settings generic via filter on the_content --><!-- AddThis Share Buttons generic via filter on the_content -->","protected":false},"excerpt":{"rendered":"<p>Hola amig@s! Como os coment\u00e9 en la entrada anterior\u00a0el pasado viernes tuve el privilegio de participar en el programa de\u00a0Canal Extremadura Radio\u00a0&#8220;Los S\u00e1bados al Sol&#8221; (presentado por Chus Garc\u00eda), en la secci\u00f3n de &#8220;Tiempo para todo&#8221; con\u00a0Jose Manuel Jimenez (compa\u00f1ero de afici\u00f3n) y con Jes\u00fas Teniente (presentador del tiempo de Canal\u00a0Extremadura\u00a0TV). El programa fue emitido [&hellip;]<!-- AddThis Advanced Settings generic via filter on get_the_excerpt --><!-- AddThis Share Buttons generic via filter on get_the_excerpt --><\/p>\n","protected":false},"author":3,"featured_media":0,"comment_status":"open","ping_status":"closed","sticky":false,"template":"","format":"standard","meta":[],"categories":[3],"tags":[],"_links":{"self":[{"href":"https:\/\/blogs.hoy.es\/meteobadajoz\/wp-json\/wp\/v2\/posts\/46"}],"collection":[{"href":"https:\/\/blogs.hoy.es\/meteobadajoz\/wp-json\/wp\/v2\/posts"}],"about":[{"href":"https:\/\/blogs.hoy.es\/meteobadajoz\/wp-json\/wp\/v2\/types\/post"}],"author":[{"embeddable":true,"href":"https:\/\/blogs.hoy.es\/meteobadajoz\/wp-json\/wp\/v2\/users\/3"}],"replies":[{"embeddable":true,"href":"https:\/\/blogs.hoy.es\/meteobadajoz\/wp-json\/wp\/v2\/comments?post=46"}],"version-history":[{"count":0,"href":"https:\/\/blogs.hoy.es\/meteobadajoz\/wp-json\/wp\/v2\/posts\/46\/revisions"}],"wp:attachment":[{"href":"https:\/\/blogs.hoy.es\/meteobadajoz\/wp-json\/wp\/v2\/media?parent=46"}],"wp:term":[{"taxonomy":"category","embeddable":true,"href":"https:\/\/blogs.hoy.es\/meteobadajoz\/wp-json\/wp\/v2\/categories?post=46"},{"taxonomy":"post_tag","embeddable":true,"href":"https:\/\/blogs.hoy.es\/meteobadajoz\/wp-json\/wp\/v2\/tags?post=46"}],"curies":[{"name":"wp","href":"https:\/\/api.w.org\/{rel}","templated":true}]}}