{"id":462,"date":"2013-06-28T12:52:42","date_gmt":"2013-06-28T10:52:42","guid":{"rendered":"http:\/\/blogs.hoy.es\/meteobadajoz\/?p=462"},"modified":"2013-06-28T12:52:42","modified_gmt":"2013-06-28T10:52:42","slug":"posible-ola-de-calor-la-semana-que-viene-en-espana","status":"publish","type":"post","link":"https:\/\/blogs.hoy.es\/meteobadajoz\/2013\/06\/28\/posible-ola-de-calor-la-semana-que-viene-en-espana\/","title":{"rendered":"Posible ola de calor la semana que viene en Espa\u00f1a"},"content":{"rendered":"<p><span style=\"font-size: x-large; color: #000000;\"><strong>\u00bb<\/strong> Los modelos coinciden en que habr\u00e1 varias jornadas consecutivas con temperaturas altas en gran parte de la Pen\u00ednsula, y muy altas en Extremadura y Andaluc\u00eda.<\/span><\/p>\n<p>&nbsp;<\/p>\n<p style=\"text-align: center;\"><img loading=\"lazy\" class=\"aligncenter\" src=\"\/\/nsae01.casimages.net\/img\/2013\/06\/28\/130628121903370924.png\" alt=\"\" width=\"598\" height=\"444\" \/><span style=\"color: #000000;\"><strong>Temperatura media de las m\u00e1ximas para un mes de Julio en la Pen\u00ednsula Ib\u00e9rica.<\/strong><\/span><\/p>\n<p style=\"text-align: left;\"><span style=\"color: #000000;\"><strong>Viernes 28 de Junio 2013<\/strong>. Mientras la teor\u00eda francesa del < <a\u00f1o sin verano>> y todo lo referente a la <a href=\"https:\/\/blogs.hoy.es\/meteobadajoz\/2013\/06\/20\/el-patron-atmosferico-de-los-ultimos-meses-podria-tener-continuidad-al-comienzo-del-verano-2013\/\" target=\"_blank\">configuraci\u00f3n atmosf\u00e9rica de la \u00faltima primavera<\/a> pierden fuerza, la Pen\u00ednsula Ib\u00e9rica se prepara para recibir a la que podr\u00eda ser la <strong>primera ola de calor del presente a\u00f1o 2013<\/strong>. Durante los \u00faltimos d\u00edas, y ya incluso desde hace una semana, se viene intuyendo una prolongada situaci\u00f3n de calor en Espa\u00f1a, comenzando este pr\u00f3ximo fin de semana con un progresivo ascenso t\u00e9rmico generalizado, que nos podr\u00eda llevar a temperaturas bastantes altas en gran parte del pa\u00eds. A d\u00eda de hoy, los dos grandes modelos de predicci\u00f3n m\u00e1s fiables del mundo, contemplan esa misma situaci\u00f3n, pero la duraci\u00f3n a\u00fan est\u00e1 por determinar, ya que ninguno de los dos retira la masa de aire c\u00e1lido que encontraremos sobre la Pen\u00ednsula, ni siquiera hasta donde se puede ver&#8230;<!--more--><\/span><\/p>\n<p style=\"text-align: left;\"><span style=\"color: #000000;\">Como siempre en estas situaciones, miramos al mapa de <strong>temperaturas en capas medias<\/strong>, a unos 1.500 metros de altitud para comprobar c\u00f3mo va a evolucionar esa masa de aire c\u00e1lido y las temperaturas que podr\u00edamos experimentar a nivel de la superficie.<\/span><\/p>\n<p style=\"text-align: center;\"><img loading=\"lazy\" class=\"aligncenter\" src=\"\/\/nsae01.casimages.net\/img\/2013\/06\/28\/130628113037949830.gif\" alt=\"\" width=\"614\" height=\"410\" \/> <span style=\"color: #000000;\"> <strong>\u00a0Animaci\u00f3n de la temperaturas a 850 hPa (1.500 m de altitud) para los pr\u00f3ximos 7 d\u00edas \u2013 GFS.<\/strong><\/span><\/p>\n<p style=\"text-align: left;\"><span style=\"color: #000000;\">En la animaci\u00f3n superior vemos esa gran masa de aire c\u00e1lido que se encuentra al norte del continente africano, y c\u00f3mo se va a ir desplazando hacia nuestro pa\u00eds, con temperaturas cada vez m\u00e1s elevadas. Las l\u00edneas que vemos en el mapa se denominan \u201c<strong><em>isotermas<\/em><\/strong>\u201d y son l\u00edneas que unen puntos con la misma temperatura, al igual como las <em>isobaras<\/em>, pero con presi\u00f3n.<\/span><\/p>\n<p style=\"text-align: left;\"><span style=\"color: #000000;\">Durante estos <a href=\"https:\/\/blogs.hoy.es\/meteobadajoz\/2013\/06\/24\/semana-de-sol-y-calor-altas-en-gran-parte-de-extremadura\/\" target=\"_blank\">\u00faltimos d\u00edas de tanto calor en Extremadura<\/a>, hemos estado afectados por la isoterma de 20\u00baC a esos 1.500 metros de altitud, lo que se traduce en superficie, a nivel del suelo, en temperaturas<strong> por encima de los 35\u00baC<\/strong>, lo que unido al viento del noreste, seco y muy recalentado al cruzar toda la Pen\u00ednsula, nos ha dejado en los <strong><span style=\"color: #ff0000;\">38-39\u00baC<\/span><\/strong><\/span><span style=\"color: #000000;\"> en las Vegas del Guadiana<\/span><span style=\"color: #000000;\">. Pero de cara a la pr\u00f3xima semana, el calor a ese nivel de 1.500 metros de altitud <strong>aumenta<\/strong>, por lo que el calor a nivel del suelo tambi\u00e9n.<\/span><\/p>\n<p style=\"text-align: left;\"><span style=\"color: #000000;\">De esta forma, para mediados de la pr\u00f3xima semana, estaremos influenciados por la isoterma de 24\u00baC, lo que ya nos lleva a valores <strong>cercanos a los 40\u00baC<\/strong> en general, y de forma puntual se podr\u00e1n superar los 40\u00baC en las Vegas del Guadiana y en el Valle del Guadalquivir.\u00a0<\/span><span style=\"color: #000000;\">Esto tampoco es una situaci\u00f3n demasiado fuera de lo normal, ni mucho menos, estamos a finales de Junio y casi metidos en Julio, y ya empiezan a ser m\u00e1s frecuentes estas irrupciones de aire c\u00e1lido hacia la Pen\u00ednsula.<\/span><\/p>\n<p style=\"text-align: left;\"><span style=\"color: #000000;\">Para que un episodio de calor pueda ser considerado &#8220;<strong><em>ola de calor<\/em><\/strong>&#8220;, las temperaturas deben estar por encima de lo normal, en funci\u00f3n de la \u00e9poca del a\u00f1o, durante al menos 3 d\u00edas. En Extremadura o Andaluc\u00eda es normal que por estas fechas pasemos de los 35\u00baC, pero es algo menos frecuente que nos vayamos por encima de los 40\u00baC, por lo que (de cumplirse) s\u00ed se podr\u00eda hablar de ola de calor. Por otra parte, hay que reconocer que las temperaturas de 40\u00baC no las soporta todo el mundo igual, as\u00ed que \u00e9ste episodio de calor podr\u00e1 ser destacable y, por supuesto, dar\u00e1 que hablar.<\/span><\/p>\n<p style=\"text-align: left;\"><span style=\"color: #000000;\">Todo vendr\u00e1 acompa\u00f1ado de una <strong>situaci\u00f3n muy estable<\/strong>, ya que el anticicl\u00f3n apenas variar\u00e1 su ubicaci\u00f3n de los \u00faltimos d\u00edas, por lo que seguiremos hablando de tiempo estable, seco y bastante caluroso con el paso de los d\u00edas. Eso s\u00ed, de forma puntual se pueden suceder <strong>algunos chubascos<\/strong> por el interior peninsular fruto del calor, pero en principio no ser\u00e1n destacables.<\/span><\/p>\n<p style=\"text-align: left;\"><span style=\"color: #000000;\">Recordemos que se trata de algo que podr\u00e1 suceder la pr\u00f3xima semana, por tanto, dada su relativa lejan\u00eda en el tiempo, <strong>a\u00fan podr\u00eda cambiar<\/strong> y ser algo menos caluroso de lo esperado a fecha de hoy, por lo que se recomienda el <span style=\"color: #0000ff;\"><strong><a href=\"https:\/\/www.facebook.com\/pages\/MeteoBadajoz\/236436716399890\" target=\"_blank\" rel=\"external nofollow\"><span style=\"color: #0000ff;\">seguimiento diario de estos modelos\u00a0y todas las informaciones<\/span><\/a><\/strong><\/span>. Lo que parece seguro es que comenzaremos el mes de Julio con temperaturas bastante elevadas, y no s\u00f3lo en las zonas t\u00edpicamente m\u00e1s calurosas, sino que el calor estar\u00e1 presente en gran parte del territorio espa\u00f1ol, incluido en Canarias.<\/span><\/p>\n<p style=\"text-align: center;\"><strong><span style=\"color: #000000;\">Puedes seguir este blog a trav\u00e9s de la cuenta de Twitter\u00a0<\/span><span style=\"color: #ff0000;\"><a href=\"https:\/\/twitter.com\/MeteoBadajoz\" rel=\"external nofollow\" target=\"_blank\"><span style=\"color: #ff0000;\">@MeteoBadajoz<\/span><\/a><\/span><span style=\"color: #000000;\">, o Facebook\u00a0<\/span><span style=\"color: #ff0000;\"><a href=\"https:\/\/www.facebook.com\/pages\/MeteoBadajoz\/236436716399890\" rel=\"external nofollow\" target=\"_blank\"><span style=\"color: #ff0000;\">MeteoBadajoz<\/span><\/a><\/span><span style=\"color: #000000;\">, donde estar\u00e1s informado en todo momento de c\u00f3mo evolucionan los d\u00edas, as\u00ed como de noticias de inter\u00e9s meteorol\u00f3gico.<\/span><\/strong><\/p>\n<p style=\"text-align: center;\"><span style=\"text-decoration: underline; color: #000000;\"><strong>Si el art\u00edculo te ha parecido interesante, puedes ayudar a divulgarlo a trav\u00e9s de las redes sociales, con ayuda de los botones para compartir.<\/strong><\/span><\/p>\n<p style=\"text-align: center;\"><span style=\"color: #000000;\"><strong>\u00a1\u00a1Gracias!!<\/strong><\/span><\/p>\n<!-- AddThis Advanced Settings generic via filter on the_content --><!-- AddThis Share Buttons generic via filter on the_content -->","protected":false},"excerpt":{"rendered":"<p>\u00bb Los modelos coinciden en que habr\u00e1 varias jornadas consecutivas con temperaturas altas en gran parte de la Pen\u00ednsula, y muy altas en Extremadura y Andaluc\u00eda. &nbsp; Temperatura media de las m\u00e1ximas para un mes de Julio en la Pen\u00ednsula Ib\u00e9rica. Viernes 28 de Junio 2013. Mientras la teor\u00eda francesa del < > y todo [&hellip;]<!-- AddThis Advanced Settings generic via filter on get_the_excerpt --><!-- AddThis Share Buttons generic via filter on get_the_excerpt --><\/p>\n","protected":false},"author":75,"featured_media":0,"comment_status":"open","ping_status":"closed","sticky":false,"template":"","format":"standard","meta":[],"categories":[4,5],"tags":[6,11,18,26,38,62,89,142,150],"_links":{"self":[{"href":"https:\/\/blogs.hoy.es\/meteobadajoz\/wp-json\/wp\/v2\/posts\/462"}],"collection":[{"href":"https:\/\/blogs.hoy.es\/meteobadajoz\/wp-json\/wp\/v2\/posts"}],"about":[{"href":"https:\/\/blogs.hoy.es\/meteobadajoz\/wp-json\/wp\/v2\/types\/post"}],"author":[{"embeddable":true,"href":"https:\/\/blogs.hoy.es\/meteobadajoz\/wp-json\/wp\/v2\/users\/75"}],"replies":[{"embeddable":true,"href":"https:\/\/blogs.hoy.es\/meteobadajoz\/wp-json\/wp\/v2\/comments?post=462"}],"version-history":[{"count":0,"href":"https:\/\/blogs.hoy.es\/meteobadajoz\/wp-json\/wp\/v2\/posts\/462\/revisions"}],"wp:attachment":[{"href":"https:\/\/blogs.hoy.es\/meteobadajoz\/wp-json\/wp\/v2\/media?parent=462"}],"wp:term":[{"taxonomy":"category","embeddable":true,"href":"https:\/\/blogs.hoy.es\/meteobadajoz\/wp-json\/wp\/v2\/categories?post=462"},{"taxonomy":"post_tag","embeddable":true,"href":"https:\/\/blogs.hoy.es\/meteobadajoz\/wp-json\/wp\/v2\/tags?post=462"}],"curies":[{"name":"wp","href":"https:\/\/api.w.org\/{rel}","templated":true}]}}