{"id":469,"date":"2013-07-01T07:00:55","date_gmt":"2013-07-01T05:00:55","guid":{"rendered":"http:\/\/blogs.hoy.es\/meteobadajoz\/?p=469"},"modified":"2013-07-01T07:00:55","modified_gmt":"2013-07-01T05:00:55","slug":"comienza-julio-con-la-primera-ola-de-calor-del-verano","status":"publish","type":"post","link":"https:\/\/blogs.hoy.es\/meteobadajoz\/2013\/07\/01\/comienza-julio-con-la-primera-ola-de-calor-del-verano\/","title":{"rendered":"Comienza julio con la primera ola de calor y aviso amarillo del verano"},"content":{"rendered":"<p align=\"LEFT\"><span style=\"font-size: x-large;\"><span style=\"color: #000000;\">\u00bbLa primera semana de julio se presenta con ambiente poco nuboso y temperaturas muy altas. Podr\u00edamos acabar la semana en las Vegas del Guadiana con 41-42\u00baC. <\/span><span style=\"color: #000000;\">Estas temperaturas han obligado a activar aviso amarillo por calor en C\u00e1ceres y Badajoz.<\/span><\/span><\/p>\n<p style=\"text-align: center;\" align=\"LEFT\"><span style=\"color: #ffffff;\">\u00a0 .<\/span><\/p>\n<p style=\"text-align: center;\" align=\"LEFT\"><img loading=\"lazy\" class=\"aligncenter\" src=\"\/\/nsae01.casimages.net\/img\/2013\/07\/01\/130701015600932821.png\" alt=\"\" width=\"627\" height=\"436\" \/><\/p>\n<p style=\"text-align: center;\" align=\"LEFT\"><span style=\"color: #000000;\"><strong>Representaci\u00f3n gr\u00e1fica de la ola de calor de mediados de semana.<\/strong><\/span><\/p>\n<p><span style=\"color: #000000;\"><strong>Lunes 1 de Julio 2013.<\/strong> Como ya vimos <a href=\"https:\/\/blogs.hoy.es\/meteobadajoz\/2013\/06\/28\/posible-ola-de-calor-la-semana-que-viene-en-espana\/\" target=\"_blank\">en la entrada anterior<\/a>, los modelos intuyen una <strong>posible ola de calor a partir de mediados de esta semana<\/strong>, que provocar\u00e1 un importante aumento en las temperaturas m\u00e1ximas y m\u00ednimas en pr\u00e1cticamente todo el pa\u00eds. Bien es cierto que los extreme\u00f1os ya llevamos much\u00edsimos d\u00edas con temperaturas rondando los 35\u00baC en l\u00edneas generales, y cercanas a los 38-39\u00baC en las Vegas del Guadiana, pero en el resto de la Pen\u00ednsula, las temperaturas tambi\u00e9n est\u00e1n siendo calurosas, aunque no tanto como en Extremadura y Andaluc\u00eda.<!--more--><\/span><\/p>\n<p><span style=\"color: #000000;\">Lo que va a suceder durante los pr\u00f3ximos d\u00edas es que el calor se extender\u00e1 a muchas m\u00e1s zonas de nuestro pa\u00eds, y en zonas del suroeste (por donde tanto calor hemos pasado estos \u00faltimos d\u00edas) el calor seguir\u00e1 siendo noticia, e incluso <strong>subir\u00e1n algo m\u00e1s<\/strong> las temperaturas.<\/span><\/p>\n<p><span style=\"color: #000000;\">Como resumen de la semana en cuanto a temperaturas en Extremadura, tenemos el siguiente esquema de mapas con las m\u00e1ximas hasta el pr\u00f3ximo s\u00e1bado:<\/span><\/p>\n<p style=\"text-align: center;\"><img loading=\"lazy\" class=\"aligncenter\" title=\"Evoluci\u00f3n de las temperaturas m\u00e1ximas en Extremadura durante la primera semana de Julio 2013.\" src=\"\/\/nsae01.casimages.net\/img\/2013\/07\/01\/130701012046556824.png\" alt=\"\" width=\"634\" height=\"597\" \/><strong><span style=\"color: #000000;\">Evoluci\u00f3n de las temperaturas m\u00e1ximas en Extremadura durante la primera semana de Julio 2013.<\/span><\/strong><\/p>\n<p><span style=\"color: #000000;\">Cabe destacar que quiz\u00e1s el d\u00eda menos caluroso podr\u00eda ser el martes, cuando las temperaturas bajar\u00e1n de forma algo m\u00e1s acusada, debido a que, durante esta jornada, el calor se desplazar\u00e1 hacia zonas del interior y este peninsular, pero seguiremos hablando de calor. Esa m\u00ednima tregua apenas durar\u00e1 24h, ya que a partir del mi\u00e9rcoles, las temperaturas volver\u00e1n a experimentar un lento y progresivo ascenso, que nos llevar\u00e1 a temperaturas que pasar\u00e1n de los 40\u00baC, e incluso en las zonas m\u00e1s calurosas nos podr\u00edamos asomar a la marca de los <strong>41-42\u00baC durante el fin de semana<\/strong>.<\/span><\/p>\n<p><span style=\"color: #000000;\">No s\u00f3lo tendremos temperaturas altas durante el d\u00eda, sino tambi\u00e9n durante la noche. En la segunda mitad de la semana, las temperaturas m\u00ednimas no bajar\u00e1n en muchos casos de los 22-23\u00baC, y en plena ciudad las m\u00ednimas podr\u00edan quedarse en los 23-24\u00baC, as\u00ed que <strong>noches t\u00f3rridas las que nos esperan<\/strong>, sobre todo a medida que avance la semana y vayamos acumulando cada vez m\u00e1s calor.<\/span><\/p>\n<p><span style=\"color: #000000;\">En cuanto al estado del cielo, no tendremos muchas novedades durante estos pr\u00f3ximos d\u00edas, tan s\u00f3lo con la aparici\u00f3n de chubascos tormentosos en zonas de sierra del centro-norte de la Pen\u00ednsula, pero seguiremos con ambiente poco nuboso en el resto, salvo algunas bandas de nubes altas que cruzar\u00e1n desde el oeste y noroeste.<\/span><\/p>\n<p><span style=\"color: #ffffff;\">.<\/span><\/p>\n<p style=\"text-align: center;\"><img loading=\"lazy\" class=\"aligncenter\" src=\"\/\/nsae01.casimages.net\/img\/2013\/07\/01\/130701013121377124.gif\" alt=\"\" width=\"630\" height=\"410\" \/><\/p>\n<p style=\"text-align: center;\"><span style=\"color: #000000;\"><strong>Evoluci\u00f3n del polvo en suspensi\u00f3n (arena del desierto) para los pr\u00f3ximos d\u00edas en el Atl\u00e1ntico central-norte.<\/strong><\/span><\/p>\n<p><span style=\"color: #000000;\">Durante estos \u00faltimos d\u00edas ya hemos podido comprobar que el cielo no estaba completamente limpio, incluso con visibilidad bastante reducida que imped\u00eda observar las pocas nubes que se formaban en el horizonte. Todo eso era debido a la llegada de <strong>masas de humo procedentes de grandes incendios<\/strong> ocurridos en Estados Unidos y Canad\u00e1. Pero a diferencia de las pasadas jornadas, el cielo seguir\u00e1 mostr\u00e1ndose igual de sucio, aunque en este caso ya no ser\u00e1 provocado por humo, sino por presencia de <strong>polvo en suspensi\u00f3n procedente del Sahara<\/strong>.<\/span><\/p>\n<p><span style=\"color: #000000;\">En principio no se contemplan concentraciones demasiado elevadas como para hablar de calimas, pero el cielo no estar\u00e1 completamente azul, sino con ambiente blanquecino, algo sucio, como el de los \u00faltimos d\u00edas.<\/span><\/p>\n<p><span style=\"color: #000000;\">En la animaci\u00f3n superior se puede observar c\u00f3mo se desplazan las masas de polvo desde la Pen\u00ednsula Ar\u00e1biga y el interior del Sahara, extendi\u00e9ndose hacia el oeste ayudado de los vientos del este que predominan en la zona cercana al ecuador. Aunque parezca mentira, diariamente son transportadas grandes cantidades de \u00e9ste polvo hacia los pa\u00edses de Am\u00e9rica Central.\u00a0<\/span><span style=\"color: #000000;\">Tambi\u00e9n vemos esa <strong>leve intrusi\u00f3n de polvo hacia la Pen\u00ednsula Ib\u00e9rica<\/strong>, que ser\u00e1 m\u00e1s destacable cuanto m\u00e1s al sureste de la Pen\u00ednsula nos encontremos.<\/span><\/p>\n<p><span style=\"color: #000000;\">As\u00ed que much\u00edsimo calor para los pr\u00f3ximos d\u00edas, con temperaturas c\u00e1lidas durante el d\u00eda y la noche, y con ambiente en general despejado en gran parte de la Pen\u00ednsula, excepto a las nubes de evoluci\u00f3n y los chubascos que puedan aparecer en zonas monta\u00f1osas. A pasar calor, que es lo que toca.<\/span><\/p>\n<p>&nbsp;<\/p>\n<p style=\"text-align: center;\"><strong><span style=\"color: #000000;\">Puedes seguir este blog a trav\u00e9s de la cuenta de Twitter\u00a0<\/span><span style=\"color: #ff0000;\"><a href=\"https:\/\/twitter.com\/MeteoBadajoz\" rel=\"external nofollow\" target=\"_blank\"><span style=\"color: #ff0000;\">@MeteoBadajoz<\/span><\/a><\/span><span style=\"color: #000000;\">, o Facebook\u00a0<\/span><span style=\"color: #ff0000;\"><a href=\"https:\/\/www.facebook.com\/pages\/MeteoBadajoz\/236436716399890\" rel=\"external nofollow\" target=\"_blank\"><span style=\"color: #ff0000;\">MeteoBadajoz<\/span><\/a><\/span><span style=\"color: #000000;\">, donde estar\u00e1s informado en todo momento de c\u00f3mo evolucionan los d\u00edas, as\u00ed como de noticias de inter\u00e9s meteorol\u00f3gico.<\/span><\/strong><\/p>\n<p style=\"text-align: center;\"><span style=\"text-decoration: underline;\"><span style=\"color: #000000;\"><strong>Si el art\u00edculo te ha parecido interesante, puedes ayudar a divulgarlo a trav\u00e9s de las redes sociales, con ayuda de los botones para compartir.<\/strong><\/span><\/span><\/p>\n<p style=\"text-align: center;\"><span style=\"color: #000000;\"><strong>\u00a1\u00a1Gracias!!<\/strong><\/span><\/p>\n<!-- AddThis Advanced Settings generic via filter on the_content --><!-- AddThis Share Buttons generic via filter on the_content -->","protected":false},"excerpt":{"rendered":"<p>\u00bbLa primera semana de julio se presenta con ambiente poco nuboso y temperaturas muy altas. Podr\u00edamos acabar la semana en las Vegas del Guadiana con 41-42\u00baC. Estas temperaturas han obligado a activar aviso amarillo por calor en C\u00e1ceres y Badajoz. \u00a0 . Representaci\u00f3n gr\u00e1fica de la ola de calor de mediados de semana. Lunes 1 [&hellip;]<!-- AddThis Advanced Settings generic via filter on get_the_excerpt --><!-- AddThis Share Buttons generic via filter on get_the_excerpt --><\/p>\n","protected":false},"author":75,"featured_media":0,"comment_status":"open","ping_status":"closed","sticky":false,"template":"","format":"standard","meta":[],"categories":[4,5],"tags":[6,11,18,26,29,38,62,114],"_links":{"self":[{"href":"https:\/\/blogs.hoy.es\/meteobadajoz\/wp-json\/wp\/v2\/posts\/469"}],"collection":[{"href":"https:\/\/blogs.hoy.es\/meteobadajoz\/wp-json\/wp\/v2\/posts"}],"about":[{"href":"https:\/\/blogs.hoy.es\/meteobadajoz\/wp-json\/wp\/v2\/types\/post"}],"author":[{"embeddable":true,"href":"https:\/\/blogs.hoy.es\/meteobadajoz\/wp-json\/wp\/v2\/users\/75"}],"replies":[{"embeddable":true,"href":"https:\/\/blogs.hoy.es\/meteobadajoz\/wp-json\/wp\/v2\/comments?post=469"}],"version-history":[{"count":0,"href":"https:\/\/blogs.hoy.es\/meteobadajoz\/wp-json\/wp\/v2\/posts\/469\/revisions"}],"wp:attachment":[{"href":"https:\/\/blogs.hoy.es\/meteobadajoz\/wp-json\/wp\/v2\/media?parent=469"}],"wp:term":[{"taxonomy":"category","embeddable":true,"href":"https:\/\/blogs.hoy.es\/meteobadajoz\/wp-json\/wp\/v2\/categories?post=469"},{"taxonomy":"post_tag","embeddable":true,"href":"https:\/\/blogs.hoy.es\/meteobadajoz\/wp-json\/wp\/v2\/tags?post=469"}],"curies":[{"name":"wp","href":"https:\/\/api.w.org\/{rel}","templated":true}]}}