{"id":47,"date":"2012-09-21T21:15:00","date_gmt":"2012-09-21T21:15:00","guid":{"rendered":"http:\/\/blogs.hoy.es\/meteobadajoz\/2012\/09\/21\/colaboracion-con-el-programa-tiempo-para-todo-de-canal-extremadura-radio\/"},"modified":"2012-09-21T21:15:00","modified_gmt":"2012-09-21T21:15:00","slug":"colaboracion-con-el-programa-tiempo-para-todo-de-canal-extremadura-radio","status":"publish","type":"post","link":"https:\/\/blogs.hoy.es\/meteobadajoz\/2012\/09\/21\/colaboracion-con-el-programa-tiempo-para-todo-de-canal-extremadura-radio\/","title":{"rendered":"Colaboraci\u00f3n con el programa &#8220;Tiempo para todo&#8221; de Canal Extremadura Radio"},"content":{"rendered":"<p><span style=\"font-family: Helvetica Neue, Arial, Helvetica, sans-serif\">Muy buenas! Hoy viernes 21 de septiembre de 2012 he participado en el programa &#8220;Tiempo para todo&#8221; de Canal Extremadura Radio. Esta misma tarde, a eso de las 17:30h, me llamaba un t\u00e9cnico para ponerme en espera antes de intervenir en este programa junto a otro compa\u00f1ero de afici\u00f3n,  Jose Manuel Jimenez. Mucha tensi\u00f3n y nerviosismo, ya que era mi primera vez, pero al final todo sali\u00f3 estupendamente. Es una especie de descripci\u00f3n m\u00eda, hablo un poco de mi, de la\u00a0afici\u00f3n, c\u00f3mo surgi\u00f3, etc&#8230;<\/span><br \/><span style=\"font-family: Helvetica Neue, Arial, Helvetica, sans-serif\"><\/span><br \/><a name='more'><\/a><span style=\"font-family: Helvetica Neue, Arial, Helvetica, sans-serif\"><br \/><\/span><br \/><span style=\"font-family: Helvetica Neue, Arial, Helvetica, sans-serif\">Fue una conversaci\u00f3n algo corta, pero muuuy intensa. Si no fuera por la limitaci\u00f3n del tiempo, el programa f\u00e1cilmente podr\u00eda haber durado m\u00e1s de media hora. Pero la verdad es que estoy satisfecho, y participar en este programa ha sido lo mejor que he podido hacer en bastante tiempo, porque me ha ayudado a darme a conocer. Y todo se lo debo a uno de los presentadores del espacio del tiempo de Canal Extremadura TV, hablo de Jes\u00fas Teniente, una persona de lo m\u00e1s natural y campechana, y a la que agradezco enormemente su inter\u00e9s por mi y por permitirme participar en su programa.<\/span><br \/><span style=\"font-family: Helvetica Neue, Arial, Helvetica, sans-serif\"><br \/><\/span><span style=\"font-family: Helvetica Neue, Arial, Helvetica, sans-serif\">El pr\u00f3ximo s\u00e1bado 22 de septiembre (ma\u00f1ana) a partir de las 13:30h, m\u00e1s o menos, se emitir\u00e1 el programa en Canal Extremadura Radio. Horas despu\u00e9s de ser publicado en la web de Canal Extremadura, os podr\u00e9 el podcast del programa, por si no hab\u00e9is podido escucharlo. <\/span><br \/><span style=\"font-family: Helvetica Neue, Arial, Helvetica, sans-serif\"><br \/><\/span><span style=\"font-family: Helvetica Neue, Arial, Helvetica, sans-serif\">Bueno, pues lo dicho, estoy tremendamente contento con este nuevo avance en mi afici\u00f3n, algo que me viene muy bien personalmente, porque me ayuda a seguir adelante con todo esto. <\/span><br \/><span style=\"font-family: Helvetica Neue, Arial, Helvetica, sans-serif\"><br \/><\/span><span style=\"font-family: Helvetica Neue, Arial, Helvetica, sans-serif\">Espero que os guste, ya os podr\u00e9 el podcast. <\/span><br \/><span style=\"font-family: Helvetica Neue, Arial, Helvetica, sans-serif\">Un saludo! ;-)<\/span><\/p>\n<!-- AddThis Advanced Settings generic via filter on the_content --><!-- AddThis Share Buttons generic via filter on the_content -->","protected":false},"excerpt":{"rendered":"<p>Muy buenas! Hoy viernes 21 de septiembre de 2012 he participado en el programa &#8220;Tiempo para todo&#8221; de Canal Extremadura Radio. Esta misma tarde, a eso de las 17:30h, me llamaba un t\u00e9cnico para ponerme en espera antes de intervenir en este programa junto a otro compa\u00f1ero de afici\u00f3n, Jose Manuel Jimenez. Mucha tensi\u00f3n y [&hellip;]<!-- AddThis Advanced Settings generic via filter on get_the_excerpt --><!-- AddThis Share Buttons generic via filter on get_the_excerpt --><\/p>\n","protected":false},"author":3,"featured_media":0,"comment_status":"open","ping_status":"closed","sticky":false,"template":"","format":"standard","meta":[],"categories":[3],"tags":[],"_links":{"self":[{"href":"https:\/\/blogs.hoy.es\/meteobadajoz\/wp-json\/wp\/v2\/posts\/47"}],"collection":[{"href":"https:\/\/blogs.hoy.es\/meteobadajoz\/wp-json\/wp\/v2\/posts"}],"about":[{"href":"https:\/\/blogs.hoy.es\/meteobadajoz\/wp-json\/wp\/v2\/types\/post"}],"author":[{"embeddable":true,"href":"https:\/\/blogs.hoy.es\/meteobadajoz\/wp-json\/wp\/v2\/users\/3"}],"replies":[{"embeddable":true,"href":"https:\/\/blogs.hoy.es\/meteobadajoz\/wp-json\/wp\/v2\/comments?post=47"}],"version-history":[{"count":0,"href":"https:\/\/blogs.hoy.es\/meteobadajoz\/wp-json\/wp\/v2\/posts\/47\/revisions"}],"wp:attachment":[{"href":"https:\/\/blogs.hoy.es\/meteobadajoz\/wp-json\/wp\/v2\/media?parent=47"}],"wp:term":[{"taxonomy":"category","embeddable":true,"href":"https:\/\/blogs.hoy.es\/meteobadajoz\/wp-json\/wp\/v2\/categories?post=47"},{"taxonomy":"post_tag","embeddable":true,"href":"https:\/\/blogs.hoy.es\/meteobadajoz\/wp-json\/wp\/v2\/tags?post=47"}],"curies":[{"name":"wp","href":"https:\/\/api.w.org\/{rel}","templated":true}]}}