{"id":473,"date":"2013-07-02T07:00:47","date_gmt":"2013-07-02T05:00:47","guid":{"rendered":"http:\/\/blogs.hoy.es\/meteobadajoz\/?p=473"},"modified":"2013-07-02T07:00:47","modified_gmt":"2013-07-02T05:00:47","slug":"los-chubascos-y-tormentas-en-imagenes","status":"publish","type":"post","link":"https:\/\/blogs.hoy.es\/meteobadajoz\/2013\/07\/02\/los-chubascos-y-tormentas-en-imagenes\/","title":{"rendered":"Los chubascos y tormentas del pasado lunes 1 de Julio, en im\u00e1genes"},"content":{"rendered":"<p style=\"text-align: center;\"><img loading=\"lazy\" class=\"aligncenter\" src=\"\/\/nsae01.casimages.net\/img\/2013\/07\/02\/130702122900365823.jpg\" alt=\"\" width=\"667\" height=\"461\" \/><\/p>\n<p style=\"text-align: center;\"><span style=\"color: #000000;\"><strong>Foto 1.<\/strong> Rayo nube-tierra el pasado lunes 1 de julio de 2013 &#8211; Olivenza (Badajoz).<\/span><\/p>\n<p><span style=\"color: #000000;\"><strong>Martes 2 de Julio 2013.<\/strong> Durante la jornada de ayer, se esperaba la aparici\u00f3n de nubes de evoluci\u00f3n (nubes de tormenta) debidas a la acumulaci\u00f3n de calor de estos \u00faltimos d\u00edas, y al paso de una peque\u00f1a \u201czona de inestabilidad\u201d, que tendr\u00eda la suficiente fuerza como para generar algunos chubascos aislados en zonas de sierra del centro peninsular. Pero una vez m\u00e1s, <strong>la meteorolog\u00eda nos sorprende<\/strong>, y nos vuelve a demostrar la dificultad que tienen los modelos de predicci\u00f3n a la hora de calcular d\u00f3nde se pueden producir los chubascos y\/o las tormentas en este tipo de situaciones.<!--more--><\/span><\/p>\n<p><span style=\"color: #000000;\">Las tormentas suelen ser muy locales y puntuales, pueden dejar una espectacular granizada en una localidad, y a pocos kil\u00f3metros de la misma, puede lucir el Sol. Son fen\u00f3menos <strong>aislados<\/strong>, e irregularmente repartidos, que aparecen bajo unas <strong>condiciones muy concretas<\/strong> (viento, humedad, temperatura, orograf\u00eda de la zona, etc&#8230;) que le a\u00f1aden m\u00e1s <strong>dificultad<\/strong> a los modelos. Por \u00e9sto se dice que en situaciones de chubascos\/tormentas, pr\u00e1cticamente es <em>una loter\u00eda<\/em>, porque nunca se sabe d\u00f3nde puede descargar el n\u00facleo de la tormenta.<\/span><\/p>\n<p><span style=\"color: #000000;\">Pues durante la jornada de ayer, las tormentas aparec\u00eda en muchas zonas del centro y norte de la Pen\u00ednsula, y tambi\u00e9n en Extremadura, donde se pudieron observar numerosas tormentas repartidas por distintas comarcas de la regi\u00f3n.<\/span><\/p>\n<p><span style=\"color: #000000;\">En la imagen que encabeza este post, observamos la <strong>espectacular descarga el\u00e9ctrica nube-tierra<\/strong> que capt\u00f3 ayer el gran compa\u00f1ero de afici\u00f3n <strong><a href=\"https:\/\/www.facebook.com\/pages\/Carlos-Mora-Fotograf%C3%ADa\/181360342028354\" target=\"_blank\" rel=\"external nofollow\">Carlos Mora Rubio<\/a><\/strong> desde la localidad pacense de Olivenza, a pocos kil\u00f3metros de Badajoz capital. Seg\u00fan Carlos, la ca\u00edda de algunos rayos como el de la foto provocaron un peque\u00f1o incendio cerca de la localidad. Todas las fotos de Carlos en su blog, con el\u00a0<strong><a href=\"http:\/\/lafotoesvida.blogspot.com.es\/2013\/07\/dia-de-verano-tormentoso.html\" target=\"_blank\" rel=\"external nofollow\">reportaje completo<\/a><\/strong>.<\/span><\/p>\n<p><span style=\"color: #000000;\">Ayer se escucharon algunos <strong>truenos durante bastante tiempo en Badajoz<\/strong> de esa tormenta que pasaba por Olivenza. Una tormenta, por supuesto, inesperada, ya que ninguno esper\u00e1bamos que se llegar\u00e1n a formar tormentas por el oeste de la regi\u00f3n.<\/span><\/p>\n<p><span style=\"color: #000000;\">Aunque mucha gente no aficionada no lo sabe, en las redes sociales los aficionados estamos cada d\u00eda pendientes de las posibles situaciones que se nos van presentando a lo largo del a\u00f1o, siendo muy analizadas (algunas en profundidad) y desde luego que no se contemplaba ninguna situaci\u00f3n parecida. A continuaci\u00f3n veamos algunas fotos de esas grandes nubes de evoluci\u00f3n que acabaron en tormentas de tarde en algunas localidades:<\/span><\/p>\n<p><img loading=\"lazy\" class=\"aligncenter\" src=\"\/\/nsae01.casimages.net\/img\/2013\/07\/02\/130702124057773015.jpg\" alt=\"\" width=\"640\" height=\"480\" \/><\/p>\n<p style=\"text-align: center;\"><span style=\"color: #000000;\"><strong>Foto 2.<\/strong> As\u00ed comenzaban a crecer las nubes de evoluci\u00f3n, en las primeras horas de la tarde, hacia las sierras del este de la provincia de Badajoz. Juan Antonio Bermejo Ortiz captaba esos &#8220;<em>c\u00famulos congestus<\/em>&#8221; que crec\u00edan por el entorno de Helechosa de los Montes (Badajoz), y que quedaban reflejados sobre la superficie del embalse de C\u00edjara.<\/span><\/p>\n<p style=\"text-align: center;\"><img loading=\"lazy\" class=\"aligncenter\" src=\"\/\/nsae01.casimages.net\/img\/2013\/07\/02\/130702124557228135.jpg\" alt=\"\" width=\"649\" height=\"486\" \/><\/p>\n<p style=\"text-align: center;\"><span style=\"color: #000000;\"><strong>Foto 3.<\/strong> Las nubes de evoluci\u00f3n se mezclaban con una banda de nubes altas que entraba por el oeste, y se formaban los primeros chubascos en las cercan\u00edas de C\u00e1ceres capital. Esta foto concretamente fue tomada por Antonio De La Osa, desde la capital cacere\u00f1a.<\/span><\/p>\n<p style=\"text-align: center;\"><img loading=\"lazy\" class=\"aligncenter\" src=\"\/\/nsae01.casimages.net\/img\/2013\/07\/02\/130702010550982349.jpg\" alt=\"\" width=\"646\" height=\"484\" \/><\/p>\n<p style=\"text-align: center;\"><span style=\"color: #000000;\"><strong>Foto 4.<\/strong> Una vez se forman los chubascos, las descargas de precipitaci\u00f3n (en forma de cortinas de lluvia) que acompa\u00f1an a las corrientes descendentes de la tormenta pueden ser tan bestiales como en \u00e9sta foto, tomada ayer, en Madrid por Juan Carlos P\u00e9rez Gonz\u00e1lez. Y es que las tormentas tambi\u00e9n fueron las protagonistas de la tarde en el centro y norte peninsular, por donde s\u00ed estaban previstas.<\/span><\/p>\n<p style=\"text-align: center;\"><img loading=\"lazy\" class=\"aligncenter\" src=\"\/\/nsae01.casimages.net\/img\/2013\/07\/02\/130702011403824656.jpg\" alt=\"\" width=\"648\" height=\"864\" \/><\/p>\n<p style=\"text-align: center;\"><span style=\"color: #000000;\"><strong>Foto 5.<\/strong> En la base de algunas de esas tormentas se pudieron observar formaciones tan peculiares y raras como la que vemos en esta otra foto, de Mario Fern\u00e1ndez desde la ciudad de Toledo. Quiz\u00e1s una posible &#8220;<em>tuba<\/em>&#8221; o simplemente una formaci\u00f3n nubosa m\u00e1s de la base del &#8220;<em>cumulonimbo<\/em>&#8220;.<\/span><\/p>\n<p style=\"text-align: center;\"><img loading=\"lazy\" class=\"aligncenter\" src=\"\/\/nsae01.casimages.net\/img\/2013\/07\/02\/130702011751487255.jpg\" alt=\"\" width=\"663\" height=\"498\" \/><\/p>\n<p style=\"text-align: center;\"><span style=\"color: #000000;\"><strong>Foto 6.<\/strong> Cielo cubierto a la ca\u00edda de la tarde en Parla, Madrid, fotograf\u00eda en este caso de Isidoro Cortes Berrio, con bastantes nubes de evoluci\u00f3n por toda la zona, rodeado de chubascos, y algunos rayos de Sol al fondo.<\/span><\/p>\n<p style=\"text-align: center;\"><img loading=\"lazy\" class=\"aligncenter\" src=\"\/\/nsae01.casimages.net\/img\/2013\/07\/02\/130702012214593511.jpg\" alt=\"\" width=\"672\" height=\"448\" \/><\/p>\n<p style=\"text-align: center;\"><span style=\"color: #000000;\"><strong>Foto 7<\/strong>. Y una \u00faltima fotograf\u00eda desde Valencia de Alc\u00e1ntara (C\u00e1ceres) por \u00c1lvaro Rodr\u00edguez Gonz\u00e1lez, con los restos de los chubascos, al atardecer, que crecieron durante la tarde hacia las sierras occidentales de la provincia de C\u00e1ceres, lindando con Portugal, por donde tambi\u00e9n apareci\u00f3 alguna tormenta.<\/span><\/p>\n<p style=\"text-align: left;\"><span style=\"color: #000000;\">Durante los pr\u00f3ximos d\u00edas ya no se repetir\u00e1 una situaci\u00f3n parecida a la del pasado lunes, al menos no en Extremadura, aunque s\u00ed por zonas del norte peninsular a finales de semana. Pero lo que s\u00ed encontraremos, <strong><a href=\"https:\/\/blogs.hoy.es\/meteobadajoz\/2013\/07\/01\/comienza-julio-con-la-primera-ola-de-calor-del-verano\/#.UdIQhPlHAlc\" target=\"_blank\">como se ha venido anunciando durante los \u00faltimos d\u00edas<\/a><\/strong>, es una importante irrupci\u00f3n de aire c\u00e1lido que nos acompa\u00f1ar\u00e1 durante bastantes d\u00edas y por lo menos hasta mediados de la pr\u00f3xima semana. Estaremos atentos.<\/span><\/p>\n<p style=\"text-align: left;\"><span style=\"color: #ffffff;\">.<\/span><\/p>\n<p style=\"text-align: center;\"><span style=\"color: #000000;\"><strong>Puedes seguir este blog a trav\u00e9s de la cuenta de Twitter\u00a0<span style=\"color: #ff0000;\"><a href=\"https:\/\/twitter.com\/MeteoBadajoz\" rel=\"external nofollow\" target=\"_blank\"><span style=\"color: #ff0000;\">@MeteoBadajoz<\/span><\/a><\/span>, o Facebook\u00a0<span style=\"color: #ff0000;\"><a href=\"https:\/\/www.facebook.com\/pages\/MeteoBadajoz\/236436716399890\" rel=\"external nofollow\" target=\"_blank\"><span style=\"color: #ff0000;\">MeteoBadajoz<\/span><\/a><\/span>, donde estar\u00e1s informado en todo momento de c\u00f3mo evolucionan los d\u00edas, as\u00ed como de noticias de inter\u00e9s meteorol\u00f3gico.<\/strong><\/span><\/p>\n<p style=\"text-align: center;\"><span style=\"color: #000000;\"><strong>Si el art\u00edculo te ha parecido interesante, puedes ayudar a divulgarlo a trav\u00e9s de las redes sociales, con ayuda de los botones para compartir.<\/strong><\/span><\/p>\n<p style=\"text-align: center;\"><span style=\"color: #000000;\"><strong>\u00a1\u00a1Gracias!!<\/strong><\/span><\/p>\n<!-- AddThis Advanced Settings generic via filter on the_content --><!-- AddThis Share Buttons generic via filter on the_content -->","protected":false},"excerpt":{"rendered":"<p>Foto 1. Rayo nube-tierra el pasado lunes 1 de julio de 2013 &#8211; Olivenza (Badajoz). Martes 2 de Julio 2013. Durante la jornada de ayer, se esperaba la aparici\u00f3n de nubes de evoluci\u00f3n (nubes de tormenta) debidas a la acumulaci\u00f3n de calor de estos \u00faltimos d\u00edas, y al paso de una peque\u00f1a \u201czona de inestabilidad\u201d, [&hellip;]<!-- AddThis Advanced Settings generic via filter on get_the_excerpt --><!-- AddThis Share Buttons generic via filter on get_the_excerpt --><\/p>\n","protected":false},"author":75,"featured_media":0,"comment_status":"open","ping_status":"closed","sticky":false,"template":"","format":"standard","meta":[],"categories":[4,5],"tags":[6,44,68,83,88,129,147,150],"_links":{"self":[{"href":"https:\/\/blogs.hoy.es\/meteobadajoz\/wp-json\/wp\/v2\/posts\/473"}],"collection":[{"href":"https:\/\/blogs.hoy.es\/meteobadajoz\/wp-json\/wp\/v2\/posts"}],"about":[{"href":"https:\/\/blogs.hoy.es\/meteobadajoz\/wp-json\/wp\/v2\/types\/post"}],"author":[{"embeddable":true,"href":"https:\/\/blogs.hoy.es\/meteobadajoz\/wp-json\/wp\/v2\/users\/75"}],"replies":[{"embeddable":true,"href":"https:\/\/blogs.hoy.es\/meteobadajoz\/wp-json\/wp\/v2\/comments?post=473"}],"version-history":[{"count":0,"href":"https:\/\/blogs.hoy.es\/meteobadajoz\/wp-json\/wp\/v2\/posts\/473\/revisions"}],"wp:attachment":[{"href":"https:\/\/blogs.hoy.es\/meteobadajoz\/wp-json\/wp\/v2\/media?parent=473"}],"wp:term":[{"taxonomy":"category","embeddable":true,"href":"https:\/\/blogs.hoy.es\/meteobadajoz\/wp-json\/wp\/v2\/categories?post=473"},{"taxonomy":"post_tag","embeddable":true,"href":"https:\/\/blogs.hoy.es\/meteobadajoz\/wp-json\/wp\/v2\/tags?post=473"}],"curies":[{"name":"wp","href":"https:\/\/api.w.org\/{rel}","templated":true}]}}