{"id":477,"date":"2013-07-09T13:58:12","date_gmt":"2013-07-09T11:58:12","guid":{"rendered":"http:\/\/blogs.hoy.es\/meteobadajoz\/?p=477"},"modified":"2013-07-09T13:58:12","modified_gmt":"2013-07-09T11:58:12","slug":"el-intenso-calor-remitira-a-partir-del-jueves","status":"publish","type":"post","link":"https:\/\/blogs.hoy.es\/meteobadajoz\/2013\/07\/09\/el-intenso-calor-remitira-a-partir-del-jueves\/","title":{"rendered":"El intenso calor remitir\u00e1 a partir de este jueves"},"content":{"rendered":"<p><span style=\"color: #000000; font-size: x-large;\">\u00bbSeg\u00fan los modelos, ser\u00e1 a partir del jueves cuando los term\u00f3metros ya rebajen la marca de los 40\u00baC en las Vegas del Guadiana, pero todav\u00eda seguiremos por encima de los 35\u00baC en muchas zonas, por lo que seguir\u00e1 el calor.<\/span><\/p>\n<p style=\"text-align: center;\"><img loading=\"lazy\" class=\"aligncenter\" src=\"\/\/nsae01.casimages.net\/img\/2013\/07\/09\/130709012119446777.png\" alt=\"\" width=\"670\" height=\"362\" \/><\/p>\n<p style=\"text-align: center;\"><strong><span style=\"color: #000000;\">Comparaci\u00f3n de la situaci\u00f3n actual, a d\u00eda del 9 de Julio de 2013, y evoluci\u00f3n de la lengua de aire c\u00e1lido para los pr\u00f3ximos d\u00edas &#8211; Modelo ECMWF.<\/span><\/strong><\/p>\n<p style=\"text-align: left;\"><span style=\"color: #000000;\"><strong>Martes 9 de Julio 2013.<\/strong> Despu\u00e9s de casi una semana con temperaturas cercanas o superiores a los 40\u00baC en las zonas m\u00e1s calurosas de Extremadura, esta primera ola de calor parece que <strong>comenzar\u00e1 a remitir a partir del jueves<\/strong>, cuando las temperaturas ya se podr\u00edan quedar por debajo de los 40\u00baC. Aunque, no nos enga\u00f1emos, seguir\u00e1 haciendo calor, ya que las temperaturas todav\u00eda estar\u00e1n por encima de los 35\u00baC en muchos casos, pero ya no llegaremos a los 41-42\u00baC de estos \u00faltimos d\u00edas. Las temperaturas tienden a normalizarse, a ajustarse a los valores propios de la \u00e9poca del a\u00f1o en la que nos encontramos.<!--more--><\/span><\/p>\n<p style=\"text-align: left;\"><span style=\"color: #000000;\">Durante esta \u00faltima semana hemos estado bajo los efectos de un anticicl\u00f3n de bloqueo que, desde el Reino Unido, ejerc\u00eda su influencia a todo el oeste y suroeste de Europa. Mientras una masa de aire c\u00e1lido, de procedencia norteafricana, afectaba a buena parte de la Pen\u00ednsula, especialmente al oeste del pa\u00eds, zonas de Extremadura, Andaluc\u00eda, e interior de Portugal.<\/span><\/p>\n<p style=\"text-align: left;\"><span style=\"color: #000000;\">El viento del este o sureste, conocido como <em><strong>Solano<\/strong><\/em>, llega muy seco y recalentado a todo el oeste peninsular disparando las temperaturas por esas zonas. Lisboa ha estado en aviso rojo por temperaturas de hasta 42\u00baC, incre\u00edble trat\u00e1ndose de una ciudad ubicada en la costa, pero no es nada raro trat\u00e1ndose del viento de levante.<\/span><\/p>\n<p style=\"text-align: left;\"><span style=\"color: #000000;\">Pero durante los pr\u00f3ximos d\u00edas, <strong>desaparece ese solano<\/strong>, y aparece el viento de poniente, viento del oeste, m\u00e1s fresco y h\u00famedo. Ese cambio de viento no s\u00f3lo se produce en superficie, a nivel del suelo, sino tambi\u00e9n en capas medias de la Troposfera, donde encontramos la masa de aire c\u00e1lido. Ese flujo del oeste provocar\u00e1 que se desplace el calor a zonas del interior y este peninsular, haciendo que por all\u00ed suban ligeramente las temperaturas. Mientras, en el lado opuesto, por el oeste peninsular, tender\u00e1n a bajar lentamente con el paso de los d\u00edas hasta <strong>valores m\u00e1s normales del mes de Julio<\/strong> en nuestro pa\u00eds.<\/span><\/p>\n<p style=\"text-align: left;\"><img loading=\"lazy\" class=\"aligncenter\" src=\"\/\/nsae01.casimages.net\/img\/2013\/07\/09\/130709013917321751.gif\" alt=\"\" width=\"600\" height=\"450\" \/><\/p>\n<p style=\"text-align: center;\"><span style=\"color: #000000;\"><strong>Evoluci\u00f3n de las precipitaciones esperadas por el modelo WRF (MeteoGalicia) para las pr\u00f3ximas jornadas.<\/strong><\/span><\/p>\n<p style=\"text-align: left;\"><span style=\"color: #000000;\">En cuanto al estado del cielo, cabe destacar que, fruto de la gran acumulaci\u00f3n de calor durante estos \u00faltimos d\u00edas, y a la llegada de un peque\u00f1o embolsamiento de aire fr\u00edo en altura, tendremos una <strong>mayor presencia de nubosidad de evoluci\u00f3n<\/strong> (nubes de tormenta), que de cara a la tarde pueden acabar en <strong>chubascos y\/o tormentas en zonas de sierra<\/strong> y alrededores durante las pr\u00f3ximas jornadas.<\/span><\/p>\n<p style=\"text-align: left;\"><span style=\"color: #000000;\">En la figura superior se observa la aparici\u00f3n de precipitaciones asociadas principalmente a zonas de sierra durante la tarde. En principio ser\u00e1n m\u00e1s probables cuanto m\u00e1s al este y noreste nos encontremos. A d\u00eda de hoy, no s\u00f3lo existen avisos activos por temperaturas altas, sino tambi\u00e9n por la formaci\u00f3n de chubascos y tormentas<strong> localmente fuertes en puntos del interior y este<\/strong>.<\/span><\/p>\n<p style=\"text-align: left;\"><span style=\"color: #000000;\">As\u00ed pues, como ya se coment\u00f3 en la \u00faltima entrada de este blog, este episodio de altas temperaturas acabar\u00e1 a mediados de esta semana, (al menos nos despediremos ya de los 41-42\u00baC) con una <strong>tendencia a la inestabilizaci\u00f3n<\/strong>, con algunos chubascos y tormentas que se suceder\u00e1n durante los pr\u00f3ximos d\u00edas, sobre todo en \u00e1reas monta\u00f1osas del este y noreste de la Pen\u00ednsula.<\/span><\/p>\n<p style=\"text-align: center;\"><span style=\"color: #000000;\"><strong>Puedes seguir este blog a trav\u00e9s de la cuenta de Twitter\u00a0<span style=\"color: #ff0000;\"><a href=\"https:\/\/twitter.com\/MeteoBadajoz\" rel=\"external nofollow\" target=\"_blank\"><span style=\"color: #ff0000;\">@MeteoBadajoz<\/span><\/a><\/span>, o Facebook\u00a0<span style=\"color: #ff0000;\"><a href=\"https:\/\/www.facebook.com\/pages\/MeteoBadajoz\/236436716399890\" rel=\"external nofollow\" target=\"_blank\"><span style=\"color: #ff0000;\">MeteoBadajoz<\/span><\/a><\/span>, donde estar\u00e1s informado en todo momento de c\u00f3mo evolucionan los d\u00edas, as\u00ed como de noticias de inter\u00e9s meteorol\u00f3gico.<\/strong><\/span><\/p>\n<p style=\"text-align: center;\"><span style=\"color: #000000;\"><strong>Si el art\u00edculo te ha parecido interesante, puedes ayudar a divulgarlo a trav\u00e9s de las redes sociales, con ayuda de los botones para compartir.<\/strong><\/span><\/p>\n<p style=\"text-align: center;\"><span style=\"color: #000000;\"><strong>\u00a1\u00a1Gracias!!<\/strong><\/span><\/p>\n<!-- AddThis Advanced Settings generic via filter on the_content --><!-- AddThis Share Buttons generic via filter on the_content -->","protected":false},"excerpt":{"rendered":"<p>\u00bbSeg\u00fan los modelos, ser\u00e1 a partir del jueves cuando los term\u00f3metros ya rebajen la marca de los 40\u00baC en las Vegas del Guadiana, pero todav\u00eda seguiremos por encima de los 35\u00baC en muchas zonas, por lo que seguir\u00e1 el calor. Comparaci\u00f3n de la situaci\u00f3n actual, a d\u00eda del 9 de Julio de 2013, y evoluci\u00f3n [&hellip;]<!-- AddThis Advanced Settings generic via filter on get_the_excerpt --><!-- AddThis Share Buttons generic via filter on get_the_excerpt --><\/p>\n","protected":false},"author":75,"featured_media":0,"comment_status":"open","ping_status":"closed","sticky":false,"template":"","format":"standard","meta":[],"categories":[4,5],"tags":[6,11,18,29,38,44,83,88,114,147],"_links":{"self":[{"href":"https:\/\/blogs.hoy.es\/meteobadajoz\/wp-json\/wp\/v2\/posts\/477"}],"collection":[{"href":"https:\/\/blogs.hoy.es\/meteobadajoz\/wp-json\/wp\/v2\/posts"}],"about":[{"href":"https:\/\/blogs.hoy.es\/meteobadajoz\/wp-json\/wp\/v2\/types\/post"}],"author":[{"embeddable":true,"href":"https:\/\/blogs.hoy.es\/meteobadajoz\/wp-json\/wp\/v2\/users\/75"}],"replies":[{"embeddable":true,"href":"https:\/\/blogs.hoy.es\/meteobadajoz\/wp-json\/wp\/v2\/comments?post=477"}],"version-history":[{"count":0,"href":"https:\/\/blogs.hoy.es\/meteobadajoz\/wp-json\/wp\/v2\/posts\/477\/revisions"}],"wp:attachment":[{"href":"https:\/\/blogs.hoy.es\/meteobadajoz\/wp-json\/wp\/v2\/media?parent=477"}],"wp:term":[{"taxonomy":"category","embeddable":true,"href":"https:\/\/blogs.hoy.es\/meteobadajoz\/wp-json\/wp\/v2\/categories?post=477"},{"taxonomy":"post_tag","embeddable":true,"href":"https:\/\/blogs.hoy.es\/meteobadajoz\/wp-json\/wp\/v2\/tags?post=477"}],"curies":[{"name":"wp","href":"https:\/\/api.w.org\/{rel}","templated":true}]}}