{"id":478,"date":"2013-07-11T17:07:25","date_gmt":"2013-07-11T15:07:25","guid":{"rendered":"http:\/\/blogs.hoy.es\/meteobadajoz\/?p=478"},"modified":"2013-07-11T17:07:25","modified_gmt":"2013-07-11T15:07:25","slug":"mananas-frescas-y-tardes-menos-calurosas","status":"publish","type":"post","link":"https:\/\/blogs.hoy.es\/meteobadajoz\/2013\/07\/11\/mananas-frescas-y-tardes-menos-calurosas\/","title":{"rendered":"Ma\u00f1anas m\u00e1s frescas, y tardes menos calurosas"},"content":{"rendered":"<p style=\"text-align: left;\" align=\"LEFT\"><span style=\"font-size: x-large; color: #000000;\"><span style=\"font-family: Arial, Helvetica, sans-serif;\"><span style=\"font-family: 'Segoe UI';\"><strong>\u00bb<\/strong><\/span><span style=\"font-family: 'Segoe UI';\">Los pr\u00f3ximos d\u00edas estar\u00e1n marcados por la presencia de bastante nubosidad a primeras horas del d\u00eda por zonas del oeste y sur de Extremadura, y ambiente menos caluroso en las horas centrales del d\u00eda.<\/span><\/span><\/span><\/p>\n<p style=\"text-align: center;\" align=\"LEFT\"><span style=\"font-size: x-large; color: #000000;\"><span style=\"font-family: Arial, Helvetica, sans-serif;\"><span style=\"font-family: 'Segoe UI';\"><img loading=\"lazy\" class=\"aligncenter\" src=\"\/\/nsae01.casimages.net\/img\/2013\/07\/11\/130711022917522383.png\" alt=\"\" width=\"620\" height=\"392\" \/><\/span><\/span><\/span><\/p>\n<p align=\"CENTER\"><span style=\"font-family: Arial, Helvetica, sans-serif; color: #000000;\"><strong>Imagen visible del sat\u00e9lite Meteosat en la ma\u00f1ana del jueves 11 de Julio de 2013, a las 10h de la ma\u00f1ana.<\/strong><\/span><\/p>\n<p style=\"text-align: left;\" align=\"CENTER\"><span style=\"color: #000000;\"><span style=\"font-family: Arial, Helvetica, sans-serif;\"><strong>Jueves 11 de Julio 2013.<\/strong> Como estaba previsto, el viento de poniente se deja sentir por buena parte del oeste peninsular, dej\u00e1ndonos un progresivo descenso de las temperaturas y, como novedad, la presencia de abundante nubosidad de tipo bajo a primeras horas de la ma\u00f1ana, que se cuelan por las costas occidentales de Portugal. En la imagen visible del sat\u00e9lite Meteosat esta misma ma\u00f1ana, observamos ese extenso manto de nubes bajas que se forma por el contraste t\u00e9rmico entre la temperatura del agua de la superficie del mar, y la temperatura de la masa de aire que est\u00e1 justo encima. Son las llamadas \u201c<strong><em>nieblas de advecci\u00f3n<\/em><\/strong>\u201d.<!--more--><\/span><\/span><\/p>\n<p style=\"text-align: left;\" align=\"CENTER\"><span style=\"color: #000000;\"><span style=\"font-family: Arial, Helvetica, sans-serif;\">En zonas mar\u00edtimas, son nieblas bajas que reducen notablemente la visibilidad, pero al entrar en tierra, no sucede lo mismo en todas las zonas. En general, se trata de nieblas altas, es decir, nubes bajas que no est\u00e1n pegadas al suelo y, por tanto, no reducen demasiado la visibilidad, pero s\u00ed es cierto que tanto en las costas de Portugal, como en zonas medias (a partir de unos 400-500 m) s\u00ed llegan a ser nieblas bajas.<\/span><\/span><\/p>\n<p style=\"text-align: center;\" align=\"CENTER\"><img loading=\"lazy\" class=\"aligncenter\" src=\"\/\/nsae01.casimages.net\/img\/2013\/07\/11\/130711033600702836.jpg\" alt=\"\" width=\"622\" height=\"415\" \/><\/p>\n<p align=\"CENTER\"><span style=\"font-family: Arial, Helvetica, sans-serif; color: #000000;\"><strong>Niebla baja esta ma\u00f1ana en Valencia de Alc\u00e1ntara. Foto v\u00eda Facebook de \u00c1lvaro Rodr\u00edguez Gonz\u00e1lez.<\/strong><\/span><\/p>\n<p align=\"LEFT\"><span style=\"font-family: Arial, Helvetica, sans-serif; color: #000000;\">Durante la pasada ma\u00f1ana del jueves, un gran parche de nubes bajas ha cubierto toda la costa oeste de Portugal, e incluso ha llegado a adentrase hacia el interior, afectando a las comarcas m\u00e1s occidentales de la provincia de Badajoz y C\u00e1ceres.\u00a0<\/span><span style=\"font-family: Arial, Helvetica, sans-serif; color: #000000;\">Ello ha provocado un inicio de jornada algo <strong>m\u00e1s h\u00famedo y fresco<\/strong> por \u00e9stas zonas, donde incluso esas nubes han persistido hasta bien entrada la ma\u00f1ana, especialmente en el interior de Portugal.<\/span><\/p>\n<p align=\"LEFT\"><span style=\"color: #000000;\"><span style=\"font-family: Arial, Helvetica, sans-serif;\">Durante los pr\u00f3ximos d\u00edas seguiremos bajo ese flujo de vientos de componente oeste, que favorecer\u00e1 la expansi\u00f3n de esas nieblas mar\u00edtimas hacia el interior de Portugal y <strong>alcanzando Extremadura <\/strong>(sobre todo a las comarcas m\u00e1s occidentales), e incluso de cara al fin de semana, col\u00e1ndose por las Vegas bajas del Guadiana y el Valle del Guadalquivir.\u00a0<\/span><\/span><\/p>\n<p align=\"LEFT\"><img loading=\"lazy\" class=\"aligncenter\" src=\"\/\/nsae01.casimages.net\/img\/2013\/07\/11\/130711041513433331.gif\" alt=\"\" width=\"600\" height=\"450\" \/><\/p>\n<p style=\"text-align: center;\" align=\"LEFT\"><span style=\"color: #000000;\"><strong><span style=\"font-family: Arial, Helvetica, sans-serif;\">Evoluci\u00f3n prevista de las masas de nubes bajas asociadas a las zonas mar\u00edtimas que rodean la Pen\u00ednsula Ib\u00e9rica &#8211; Modelo WRF.<\/span><\/strong><\/span><\/p>\n<p align=\"LEFT\"><span style=\"font-family: Arial, Helvetica, sans-serif; color: #000000;\">En la animaci\u00f3n superior observamos, en forma de \u201cmanchas\u201d gris\u00e1ceas, la presencia de nubes bajas durante los pr\u00f3ximos d\u00edas. N\u00f3tese que durante la noche, esas nieblas se extienden desde las costas de Portugal hacia el interior y, cuando amanece, esas nieblas vuelven a quedar restringidas a zonas de costa. \u00c9sto es debido al calentamiento del Sol sobre la superficie terrestre, que hace aumentar la temperatura del aire, y las nieblas acaban diluy\u00e9ndose. <strong><a href=\"https:\/\/www.facebook.com\/pages\/MeteoBadajoz\/236436716399890\" target=\"_blank\" rel=\"external nofollow\">Seguiremos de cerca hasta d\u00f3nde acaban llegando esas nubes<\/a><\/strong>.<\/span><\/p>\n<p align=\"LEFT\"><span style=\"font-family: Arial, Helvetica, sans-serif; color: #000000;\">\u00c9ste parece que ser\u00e1 el patr\u00f3n de los pr\u00f3ximos d\u00edas: ma\u00f1anas nubosas, frescas y m\u00e1s h\u00famedas, y a partir de media ma\u00f1ana las nieblas acaban rompi\u00e9ndose, dando paso a tardes soleadas y menos calurosas. Siempre con la excepci\u00f3n de las nubes de evoluci\u00f3n que aparecer\u00e1n en zonas de sierra, debido al calor y a la presencia de algo de inestabilidad, que pueden acabar en <strong>chubascos o tormentas hacia el centro y norte de la Pen\u00ednsula<\/strong>.<\/span><\/p>\n<p align=\"LEFT\"><span style=\"font-family: Arial, Helvetica, sans-serif; color: #000000;\">En Extremadura, en principio, tormentas pocas, pero s\u00ed que las podr\u00edamos encontrar hacia las sierras del norte de C\u00e1ceres, m\u00e1s bien hacia el entorno de Gredos.\u00a0Las temperaturas <strong>ir\u00e1n bajando progresivamente<\/strong> hasta el domingo. La pr\u00f3xima semana podr\u00eda comenzar con un nuevo ascenso de temperaturas hasta valores de unos 37\u00baC, har\u00e1 calor, pero ser\u00e1 m\u00e1s llevadero.<\/span><\/p>\n<p style=\"text-align: center;\"><span style=\"color: #000000;\"><strong>Puedes seguir este blog a trav\u00e9s de la cuenta de Twitter\u00a0<span style=\"color: #ff0000;\"><a href=\"https:\/\/twitter.com\/MeteoBadajoz\" rel=\"external nofollow\" target=\"_blank\"><span style=\"color: #ff0000;\">@MeteoBadajoz<\/span><\/a><\/span>, o Facebook\u00a0<span style=\"color: #ff0000;\"><a href=\"https:\/\/www.facebook.com\/pages\/MeteoBadajoz\/236436716399890\" rel=\"external nofollow\" target=\"_blank\"><span style=\"color: #ff0000;\">MeteoBadajoz<\/span><\/a><\/span>, donde estar\u00e1s informado en todo momento de c\u00f3mo evolucionan los d\u00edas, as\u00ed como de noticias de inter\u00e9s meteorol\u00f3gico.<\/strong><\/span><\/p>\n<p style=\"text-align: center;\"><span style=\"text-decoration: underline;\"><span style=\"color: #000000;\"><strong>Si el art\u00edculo te ha parecido interesante, puedes ayudar a divulgarlo a trav\u00e9s de las redes sociales, con ayuda de los botones para compartir.<\/strong><\/span><\/span><\/p>\n<p style=\"text-align: center;\"><span style=\"color: #000000;\"><strong>\u00a1\u00a1Gracias!!<\/strong><\/span><\/p>\n<!-- AddThis Advanced Settings generic via filter on the_content --><!-- AddThis Share Buttons generic via filter on the_content -->","protected":false},"excerpt":{"rendered":"<p>\u00bbLos pr\u00f3ximos d\u00edas estar\u00e1n marcados por la presencia de bastante nubosidad a primeras horas del d\u00eda por zonas del oeste y sur de Extremadura, y ambiente menos caluroso en las horas centrales del d\u00eda. Imagen visible del sat\u00e9lite Meteosat en la ma\u00f1ana del jueves 11 de Julio de 2013, a las 10h de la ma\u00f1ana. [&hellip;]<!-- AddThis Advanced Settings generic via filter on get_the_excerpt --><!-- AddThis Share Buttons generic via filter on get_the_excerpt --><\/p>\n","protected":false},"author":75,"featured_media":0,"comment_status":"open","ping_status":"closed","sticky":false,"template":"","format":"standard","meta":[],"categories":[4,5],"tags":[6,54,62,88,107,111,142,150],"_links":{"self":[{"href":"https:\/\/blogs.hoy.es\/meteobadajoz\/wp-json\/wp\/v2\/posts\/478"}],"collection":[{"href":"https:\/\/blogs.hoy.es\/meteobadajoz\/wp-json\/wp\/v2\/posts"}],"about":[{"href":"https:\/\/blogs.hoy.es\/meteobadajoz\/wp-json\/wp\/v2\/types\/post"}],"author":[{"embeddable":true,"href":"https:\/\/blogs.hoy.es\/meteobadajoz\/wp-json\/wp\/v2\/users\/75"}],"replies":[{"embeddable":true,"href":"https:\/\/blogs.hoy.es\/meteobadajoz\/wp-json\/wp\/v2\/comments?post=478"}],"version-history":[{"count":0,"href":"https:\/\/blogs.hoy.es\/meteobadajoz\/wp-json\/wp\/v2\/posts\/478\/revisions"}],"wp:attachment":[{"href":"https:\/\/blogs.hoy.es\/meteobadajoz\/wp-json\/wp\/v2\/media?parent=478"}],"wp:term":[{"taxonomy":"category","embeddable":true,"href":"https:\/\/blogs.hoy.es\/meteobadajoz\/wp-json\/wp\/v2\/categories?post=478"},{"taxonomy":"post_tag","embeddable":true,"href":"https:\/\/blogs.hoy.es\/meteobadajoz\/wp-json\/wp\/v2\/tags?post=478"}],"curies":[{"name":"wp","href":"https:\/\/api.w.org\/{rel}","templated":true}]}}