{"id":480,"date":"2013-07-15T20:29:06","date_gmt":"2013-07-15T18:29:06","guid":{"rendered":"http:\/\/blogs.hoy.es\/meteobadajoz\/?p=480"},"modified":"2013-07-15T20:29:06","modified_gmt":"2013-07-15T18:29:06","slug":"sol-y-ascenso-termico-a-mediados-de-semana","status":"publish","type":"post","link":"https:\/\/blogs.hoy.es\/meteobadajoz\/2013\/07\/15\/sol-y-ascenso-termico-a-mediados-de-semana\/","title":{"rendered":"Sol y ascenso t\u00e9rmico a mediados de semana"},"content":{"rendered":"<p align=\"LEFT\"><span style=\"color: #000000; font-size: x-large;\"><span style=\"font-family: Arial, Helvetica, sans-serif;\"><span style=\"font-family: 'Segoe UI';\"><strong>\u00bb<\/strong><\/span><span style=\"font-family: 'Segoe UI';\">El tiempo se mantendr\u00e1 en general estable, con predominio de las altas presiones, y con un ascenso de las temperaturas que alcanzar\u00e1 su m\u00e1ximo a mediados de semana, con m\u00e1ximas de 37-38\u00baC en algunas zonas del suroeste de la Pen\u00ednsula.<\/span><\/span><\/span><\/p>\n<p align=\"LEFT\"><img loading=\"lazy\" class=\"aligncenter\" src=\"\/\/nsae01.casimages.net\/img\/2013\/07\/15\/130715073739696667.png\" alt=\"\" width=\"624\" height=\"351\" \/><\/p>\n<p align=\"CENTER\"><span style=\"color: #000000;\"><span style=\"font-family: Arial, Helvetica, sans-serif;\"><span><strong>Ubicaci\u00f3n de los centros de acci\u00f3n (anticiclones= HIGH y borrascas= LOW) en Europa y Atl\u00e1ntico Norte para el pr\u00f3ximo mi\u00e9rcoles 17 de Julio 2013.<\/strong><\/span><\/span><\/span><\/p>\n<p align=\"LEFT\"><span style=\"color: #000000;\"><span style=\"font-family: Arial, Helvetica, sans-serif;\"><span><strong>Lunes 15 de Julio 2013.<\/strong> Poco que comentar en cuanto al tiempo de los pr\u00f3ximos d\u00edas en Extremadura, seguiremos bajo el r\u00e9gimen de vientos de poniente que nos lleva afectando desde que acab\u00f3 la primera ola de calor del verano, y en general con cielos poco nubosos en la mayor parte de la regi\u00f3n. Ese viento de oeste y suroeste s\u00f3lo es en Extremadura, porque en el resto es de levante y noreste. El tiempo inestable sigue concentrado en \u00e1reas del centro-norte peninsular, por donde los chubascos y las tormentas contin\u00faan descargando y provocando incluso <strong>algunas inundaciones<\/strong>.<!--more--><\/span><\/span><\/span><\/p>\n<p align=\"LEFT\"><span style=\"color: #000000;\"><span style=\"font-family: Arial, Helvetica, sans-serif;\"><span>En el mapa que encabeza esta entrada vemos la distribuci\u00f3n de anticiclones y borrascas de cara a mitad de esta semana (mi\u00e9rcoles), con una clara situaci\u00f3n de estabilidad en todo el oeste del continente Europeo, marcada por la presencia de un extenso anticicl\u00f3n al suroeste de Reino Unido, que <strong>garantiza el tiempo estable<\/strong> fuera de las zonas de sierra, donde los chubascos y las tormentas apenas consiguen formarse.<\/span><\/span><\/span><\/p>\n<p align=\"LEFT\"><span style=\"color: #000000;\"><span style=\"font-family: Arial, Helvetica, sans-serif;\"><span>Para saber qu\u00e9 es lo que est\u00e1 provocando esas tormentas de la Meseta Norte, hay que irse a las capas medias de la Troposfera (entre unos 3.000 y 5.000 metros de altitud), donde encontramos la presencia de peque\u00f1os <strong>embolsamientos de aire fr\u00edo<\/strong> que circulan por el norte de la Pen\u00ednsula, junto con una <strong>gran bolsa de humedad<\/strong> que tambi\u00e9n est\u00e1 ubicada sobre el norte peninsular.<\/span><\/span><\/span><\/p>\n<p style=\"text-align: center;\" align=\"LEFT\"><img loading=\"lazy\" class=\"aligncenter\" src=\"\/\/nsae01.casimages.net\/img\/2013\/07\/15\/13071508062133172.gif\" alt=\"\" width=\"560\" height=\"480\" \/><\/p>\n<p align=\"CENTER\"><span style=\"color: #000000;\"><span style=\"font-family: Arial, Helvetica, sans-serif;\"><span><strong>Evoluci\u00f3n de la bolsa de humedad a 3.000 metros de altitud (700 hPa) para las pr\u00f3ximas jornadas.<\/strong><\/span><\/span><\/span><\/p>\n<p align=\"LEFT\"><span style=\"color: #000000;\"><span style=\"font-family: Arial, Helvetica, sans-serif;\">La uni\u00f3n de esos dos factores (aire fr\u00edo en altura y humedad), m\u00e1s el calor de las horas diurnas de cada jornada, provoca esa reacci\u00f3n durante la tarde en forma de nubes de gran desarrollo vertical, nubes <\/span><em style=\"color: #000000; font-family: Arial, Helvetica, sans-serif;\"><strong>cumulonimbo<\/strong><\/em><span style=\"font-family: Arial, Helvetica, sans-serif;\">, que acaban produciendo chubascos tormentosos, algunos de los cuales acaban siendo bastante\u00a0intensos.<\/span><\/span><\/p>\n<p align=\"LEFT\"><span style=\"color: #000000;\"><span style=\"font-family: Arial, Helvetica, sans-serif;\"><span>Adem\u00e1s, \u00e9stos d\u00edas encontramos mucha <strong>energ\u00eda disponible en la atm\u00f3sfera<\/strong> para que se produzcan esas tormentas, lo que sin duda est\u00e1 ayudando a que algunos de esos n\u00facleos tormentosos vayan acompa\u00f1ados de abundante aparato el\u00e9ctrico, y la descarga de <strong>granizo algo m\u00e1s grande de lo habitual<\/strong>. Incluso durante el pasado domingo se lleg\u00f3 a ver <strong>un tornado en Teruel<\/strong>, aunque no se sabe si lleg\u00f3 a toca tierra o no. Tambi\u00e9n en tierras gallegas se observ\u00f3 <strong>otro tornado<\/strong>, y adem\u00e1s, lo que es menos habitual, en una zona de sierra.<\/span><\/span><\/span><\/p>\n<p align=\"LEFT\"><span style=\"color: #000000;\"><span style=\"font-family: Arial, Helvetica, sans-serif;\"><span>Algunas de esas potentes tormentas tambi\u00e9n han producido otros fen\u00f3menos severos, como <strong>fuertes rachas de viento<\/strong> que acompa\u00f1an a las corrientes descendentes de la tormenta y, c\u00f3mo no, la descarga de <strong>grandes cantidades de agua<\/strong> en un corto espacio de tiempo, lo que provocaba que el alcantarillado no tuviera tiempo suficiente para drenar, con las consecuentes <strong>acumulaciones de agua<\/strong>.<\/span><\/span><\/span><\/p>\n<p align=\"LEFT\"><span style=\"color: #000000;\"><span style=\"font-family: Arial, Helvetica, sans-serif;\"><span>Para los pr\u00f3ximos d\u00edas, las precipitaciones tormentosas quedar\u00e1n restringidas a zonas del noreste de la Pen\u00ednsula, y ser\u00e1 de nuevo por zonas de Arag\u00f3n y Catalu\u00f1a donde las tormentas sean las protagonistas, aunque mirando a medio plazo esas tormentas podr\u00edan volver a afectar a zonas de sierra del norte de la Pen\u00ednsula.<\/span><\/span><\/span><\/p>\n<p align=\"LEFT\"><span style=\"color: #000000;\"><span style=\"font-family: Arial, Helvetica, sans-serif;\"><span>En el resto del pa\u00eds, lo destacable ser\u00e1 el <strong>ascenso de las temperaturas en gran parte del suroeste<\/strong> peninsular, que nos llevar\u00e1 a m\u00e1ximas como mucho de <strong><span style=\"color: #ff0000;\">37-38\u00baC<\/span> en las Vegas del Guadiana<\/strong>, y por encima de los 35\u00baC en zonas llanas del resto de provincias espa\u00f1olas del centro y suroeste peninsular.<\/span><\/span><\/span><\/p>\n<p align=\"LEFT\"><img loading=\"lazy\" class=\"aligncenter\" src=\"\/\/nsae01.casimages.net\/img\/2013\/07\/15\/130715071652846968.gif\" alt=\"\" width=\"500\" height=\"348\" \/><\/p>\n<p align=\"CENTER\"><span style=\"color: #000000;\"><span style=\"font-family: Arial, Helvetica, sans-serif;\"><span><strong>Evoluci\u00f3n de las temperaturas m\u00e1ximas para los pr\u00f3ximos 3 d\u00edas en la Pen\u00ednsula.<\/strong><\/span><\/span><\/span><\/p>\n<p align=\"LEFT\"><span style=\"color: #000000;\"><span style=\"font-family: Arial, Helvetica, sans-serif;\"><span>El mapa superior refleja la evoluci\u00f3n de las temperaturas m\u00e1ximas previstas para los pr\u00f3ximos d\u00edas, donde se puede observar el <strong>incremento de la temperatura<\/strong> en \u00e1reas de Extremadura y Andaluc\u00eda, principalmente, aunque tambi\u00e9n en el resto del interior de la Pen\u00ednsula. Se observa c\u00f3mo los colores morados se extienden por gran parte del interior, y aparecen colores morados m\u00e1s oscuros en zonas bajas de Extremadura, Castilla La Mancha y Andaluc\u00eda, lo que nos indica que por all\u00ed las temperaturas ser\u00e1n todav\u00eda <strong>un poco m\u00e1s elevadas<\/strong>\u00a0que durante los \u00faltimos d\u00edas.<\/span><\/span><\/span><\/p>\n<p align=\"LEFT\"><span style=\"color: #000000;\"><span style=\"font-family: Arial, Helvetica, sans-serif;\"><span>As\u00ed pues, a excepci\u00f3n de los chubascos tormentosos del norte y noreste peninsular, la situaci\u00f3n se mantiene igualmente estable en el resto del pa\u00eds, con ambiente poco nuboso y temperaturas en ascenso, aunque en principio nada que ver con los m\u00e1s de 40\u00baC de la semana pasada. Calor, pero <strong>m\u00e1s propio de la \u00e9poca<\/strong>. \u00a1A disfrutar!<\/span><\/span><\/span><\/p>\n<p align=\"CENTER\"><span style=\"color: #000000;\"><span style=\"font-family: Arial, Helvetica, sans-serif;\"><span><strong><span style=\"font-family: Arial, Helvetica, sans-serif;\"><strong>Puedes seguir este blog a trav\u00e9s de la cuenta de Twitter\u00a0<\/strong><\/span><\/strong><strong><a href=\"https:\/\/twitter.com\/MeteoBadajoz\" target=\"_blank\" rel=\"external nofollow\"><span style=\"color: #ff0000;\"><span style=\"font-family: Arial, Helvetica, sans-serif;\"><span style=\"text-decoration: underline;\"><strong>@MeteoBadajoz<\/strong><\/span><\/span><\/span><\/a><\/strong><strong><span style=\"font-family: Arial, Helvetica, sans-serif;\"><strong>, o Facebook\u00a0<\/strong><\/span><\/strong><strong><a href=\"https:\/\/www.facebook.com\/pages\/MeteoBadajoz\/236436716399890\" target=\"_blank\" rel=\"external nofollow\"><span style=\"color: #ff0000;\"><span style=\"font-family: Arial, Helvetica, sans-serif;\"><span style=\"text-decoration: underline;\"><strong>MeteoBadajoz<\/strong><\/span><\/span><\/span><\/a><\/strong><strong><span style=\"font-family: Arial, Helvetica, sans-serif;\"><strong>, donde estar\u00e1s informado en todo momento de c\u00f3mo evolucionan los d\u00edas, as\u00ed como de noticias de inter\u00e9s meteorol\u00f3gico.<\/strong><\/span><\/strong><\/span><\/span><\/span><\/p>\n<p align=\"CENTER\"><strong><span style=\"color: #000000;\"><span style=\"font-family: Arial, Helvetica, sans-serif;\"><span><span style=\"text-decoration: underline;\"><strong>Si el art\u00edculo te ha parecido interesante, puedes ayudar a divulgarlo a trav\u00e9s de las redes sociales, con ayuda de los botones para compartir.<\/strong><\/span><\/span><\/span><\/span><\/strong><\/p>\n<p align=\"CENTER\"><strong><span style=\"color: #000000;\"><span style=\"font-family: Arial, Helvetica, sans-serif;\"><span>\u00a1\u00a1Gracias!!<\/span><\/span><\/span><\/strong><\/p>\n<!-- AddThis Advanced Settings generic via filter on the_content --><!-- AddThis Share Buttons generic via filter on the_content -->","protected":false},"excerpt":{"rendered":"<p>\u00bbEl tiempo se mantendr\u00e1 en general estable, con predominio de las altas presiones, y con un ascenso de las temperaturas que alcanzar\u00e1 su m\u00e1ximo a mediados de semana, con m\u00e1ximas de 37-38\u00baC en algunas zonas del suroeste de la Pen\u00ednsula. Ubicaci\u00f3n de los centros de acci\u00f3n (anticiclones= HIGH y borrascas= LOW) en Europa y Atl\u00e1ntico [&hellip;]<!-- AddThis Advanced Settings generic via filter on get_the_excerpt --><!-- AddThis Share Buttons generic via filter on get_the_excerpt --><\/p>\n","protected":false},"author":75,"featured_media":0,"comment_status":"open","ping_status":"closed","sticky":false,"template":"","format":"standard","meta":[],"categories":[4,5],"tags":[6,15,18,26,38,44,62,88,147,150],"_links":{"self":[{"href":"https:\/\/blogs.hoy.es\/meteobadajoz\/wp-json\/wp\/v2\/posts\/480"}],"collection":[{"href":"https:\/\/blogs.hoy.es\/meteobadajoz\/wp-json\/wp\/v2\/posts"}],"about":[{"href":"https:\/\/blogs.hoy.es\/meteobadajoz\/wp-json\/wp\/v2\/types\/post"}],"author":[{"embeddable":true,"href":"https:\/\/blogs.hoy.es\/meteobadajoz\/wp-json\/wp\/v2\/users\/75"}],"replies":[{"embeddable":true,"href":"https:\/\/blogs.hoy.es\/meteobadajoz\/wp-json\/wp\/v2\/comments?post=480"}],"version-history":[{"count":0,"href":"https:\/\/blogs.hoy.es\/meteobadajoz\/wp-json\/wp\/v2\/posts\/480\/revisions"}],"wp:attachment":[{"href":"https:\/\/blogs.hoy.es\/meteobadajoz\/wp-json\/wp\/v2\/media?parent=480"}],"wp:term":[{"taxonomy":"category","embeddable":true,"href":"https:\/\/blogs.hoy.es\/meteobadajoz\/wp-json\/wp\/v2\/categories?post=480"},{"taxonomy":"post_tag","embeddable":true,"href":"https:\/\/blogs.hoy.es\/meteobadajoz\/wp-json\/wp\/v2\/tags?post=480"}],"curies":[{"name":"wp","href":"https:\/\/api.w.org\/{rel}","templated":true}]}}