{"id":482,"date":"2013-07-17T13:06:04","date_gmt":"2013-07-17T11:06:04","guid":{"rendered":"http:\/\/blogs.hoy.es\/meteobadajoz\/?p=482"},"modified":"2013-07-17T13:06:04","modified_gmt":"2013-07-17T11:06:04","slug":"novedades-para-la-proxima-semana","status":"publish","type":"post","link":"https:\/\/blogs.hoy.es\/meteobadajoz\/2013\/07\/17\/novedades-para-la-proxima-semana\/","title":{"rendered":"Vigilando posibles novedades la pr\u00f3xima semana"},"content":{"rendered":"<p align=\"LEFT\"><span style=\"color: #000000; font-size: x-large;\"><span style=\"font-family: Arial, Helvetica, sans-serif;\"><span style=\"font-family: 'Segoe UI';\"><strong>\u00bb<\/strong><\/span><span style=\"font-family: 'Segoe UI';\">Los modelos num\u00e9ricos comienzan a vislumbrar algunas novedades para la pr\u00f3xima semana, en forma de un posible episodio de calor muy intenso, y una posible situaci\u00f3n de tormentas en muchas zonas de la Pen\u00ednsula.<\/span><\/span><\/span><\/p>\n<p style=\"text-align: center;\" align=\"LEFT\"><img loading=\"lazy\" class=\"aligncenter\" src=\"\/\/nsae01.casimages.net\/img\/2013\/07\/17\/130717121747333458.png\" alt=\"\" width=\"614\" height=\"408\" \/><\/p>\n<p align=\"CENTER\"><span style=\"color: #000000;\"><span style=\"font-family: Arial, Helvetica, sans-serif;\"><span><strong>An\u00e1lisis de la posici\u00f3n de los centros de acci\u00f3n (anticiclones y borrascas) para la pr\u00f3xima semana en Europa y Atl\u00e1ntico Norte.<\/strong><\/span><\/span><\/span><\/p>\n<p align=\"LEFT\"><span style=\"color: #000000;\"><span style=\"font-family: Arial, Helvetica, sans-serif;\"><span><strong>Mi\u00e9rcoles 17 de Julio 2013.<\/strong> Despu\u00e9s de varias semanas consecutivas acompa\u00f1ados de una situaci\u00f3n generalmente estable por todo el oeste de Europa, los principales modelos de predicci\u00f3n comienzan a vislumbrar configuraciones meteorol\u00f3gicas que <strong>poco tienen de usuales encontr\u00e1ndonos en pleno mes de Julio<\/strong>. El anticicl\u00f3n que nos afectaba durante las \u00faltimas semanas, se desplazar\u00e1 en los pr\u00f3ximos d\u00edas hacia latitudes m\u00e1s altas, ubic\u00e1ndose m\u00e1s all\u00e1 de las Islas Brit\u00e1nicas.<!--more--><\/span><\/span><\/span><\/p>\n<p align=\"LEFT\"><span style=\"color: #000000;\"><span style=\"font-family: Arial, Helvetica, sans-serif;\"><span>Con la presencia de ese potente anticicl\u00f3n en latitudes tan elevadas, el Atl\u00e1ntico Norte queda \u201cmenos protegido\u201d, y se convierte en un lugar m\u00e1s propenso para el <strong>acercamiento de borrascas y embolsamientos de aire fr\u00edo<\/strong> hacia el entorno de las Azores, que quedan a la deriva y que, posteriormente,\u00a0<strong>PODR\u00cdAN tomar rumbo hacia la Pen\u00ednsula Ib\u00e9rica<\/strong>.<\/span><\/span><\/span><\/p>\n<p align=\"LEFT\"><span style=\"color: #000000;\"><span style=\"font-family: Arial, Helvetica, sans-serif;\"><span>Merece la pena destacar la palabra <strong>PODR\u00cdA<\/strong>, ya que estamos hablando de plazos demasiado largos (una semana) y en meteorolog\u00eda no se deber\u00edan tener en cuenta mapas como los que se toman como referencia en este nuevo post. Pero debido al poco movimiento que tenemos en verano, cualquier novedad en los modelos cobra mayor importancia que todo lo dem\u00e1s, y merece ser seguido durante varios d\u00edas hasta su confirmaci\u00f3n.<\/span><\/span><\/span><\/p>\n<p align=\"LEFT\"><span style=\"color: #000000;\"><span style=\"font-family: Arial, Helvetica, sans-serif;\"><span>As\u00ed pues, si echamos mano de los modelos, observamos ese desplazamiento hacia latitudes m\u00e1s altas (como puede verse en el mapa que encabeza este an\u00e1lisis), con la presencia de un <strong>anticicl\u00f3n de bloqueo<\/strong> en el tri\u00e1ngulo Islandia &#8211; Reino Unido &#8211; Escandinavia., desde donde ejerce su funci\u00f3n de bloqueo provocando un \u201cpar\u00f3n\u201d de la circulaci\u00f3n a esa latitud, y haciendo desplazar algunas borrascas y masas de aire fr\u00edo hacia latitudes m\u00e1s bajas.<\/span><\/span><\/span><\/p>\n<p align=\"LEFT\"><span style=\"color: #000000;\"><span style=\"font-family: Arial, Helvetica, sans-serif;\"><span>En este caso, no se trata de una borrasca como tal, sino de un <strong>embolsamiento de aire fr\u00edo en capas medias y altas de la Troposfera<\/strong>, que acaba teniendo reflejo es superficie, y que incluso podr\u00eda llegar a profundizarse como consecuencia de esa alimentaci\u00f3n que recibe en altura, en forma de aire fr\u00edo.<\/span><\/span><\/span><\/p>\n<p align=\"LEFT\"><span style=\"color: #000000;\"><span style=\"font-family: Arial, Helvetica, sans-serif;\"><span>A d\u00eda de hoy, la gran mayor\u00eda de modelos coinciden en que se ubicar\u00e1 en las cercan\u00edas del archipi\u00e9lago de las Azores: o bien sobre el mismo archipi\u00e9lago, o bien entre \u00e9ste y la Pen\u00ednsula. <strong>Su influencia en nuestro pa\u00eds depender\u00e1 de si se ubica m\u00e1s al este o al oeste<\/strong>.<\/span><\/span><\/span><\/p>\n<p align=\"LEFT\"><span style=\"color: #000000;\"><span style=\"font-family: Arial, Helvetica, sans-serif;\"><span>Bajo una configuraci\u00f3n como la que plantean los modelos en estos momentos, surgen principalmente dos posibles escenarios:<\/span><\/span><\/span><\/p>\n<p style=\"text-align: center;\" align=\"LEFT\"><img loading=\"lazy\" class=\"aligncenter\" src=\"\/\/nsae01.casimages.net\/img\/2013\/07\/17\/130717123807909701.png\" alt=\"\" width=\"629\" height=\"365\" \/><\/p>\n<p align=\"LEFT\"><span style=\"color: #000000;\"><span style=\"font-family: Arial, Helvetica, sans-serif;\"><span><strong>1. Si la borrasca s\u00f3lo se acera a la Pen\u00ednsula y luego se desv\u00eda sin pasar sobre nosotros<\/strong>: hablar\u00edamos de una importante irrupci\u00f3n de aire c\u00e1lido que nos dejar\u00eda un posible episodio de calor muy intenso en casi todo el pa\u00eds, con m\u00e1ximas muy por encima de los 40\u00baC en muchas zonas del centro, sur, y este peninsular. En principio, sin actividad tormentosa destacada, aunque siempre acaban apareciendo chubascos en zonas monta\u00f1osas, pero no se tratar\u00eda de un episodio de tormentas generalizado.<\/span><\/span><\/span><\/p>\n<p style=\"text-align: center;\" align=\"LEFT\"><img loading=\"lazy\" class=\"aligncenter\" src=\"\/\/nsae01.casimages.net\/img\/2013\/07\/17\/1307171240404157.png\" alt=\"\" width=\"629\" height=\"365\" \/><\/p>\n<p align=\"LEFT\"><span style=\"color: #000000;\"><span style=\"font-family: Arial, Helvetica, sans-serif;\"><span><strong>2. Si la borrasca se acerca a la Pen\u00ednsula Ib\u00e9rica y, posteriormente, acaba situ\u00e1ndose al oeste, muy cerca de nosotros, o rozando el noroeste<\/strong>: la situaci\u00f3n tambi\u00e9n estar\u00eda dominada por una importante irrupci\u00f3n de aire c\u00e1lido sobre la Pen\u00ednsula, que posteriormente acabar\u00eda en un incremento de la actividad tormentosa en muchas zonas del pa\u00eds, con la consecuente normalizaci\u00f3n de las temperaturas.\u00a0<\/span><\/span><\/span><\/p>\n<p align=\"LEFT\"><span style=\"color: #000000;\"><span style=\"font-family: Arial, Helvetica, sans-serif;\"><span>Aunque a priori parece claro que pasaremos una vez m\u00e1s por un <strong>episodio de intenso calor<\/strong>, su duraci\u00f3n depender\u00e1 del <strong>car\u00e1cter estacionario de esa borrasca en altura<\/strong>, ya que cuanto m\u00e1s tiempo se quede anclada al oeste de la Pen\u00ednsula Ib\u00e9rica, m\u00e1s aire c\u00e1lido bombear\u00e1 hacia nuestro pa\u00eds. De cumplirse el \u201c<em>segundo escenario<\/em>\u201d las tormentas tambi\u00e9n podr\u00edan ser las protagonistas por buena parte de la Pen\u00ednsula, especialmente por todo el interior y este peninsular, aunque tambi\u00e9n en el resto hablar\u00edamos de una situaci\u00f3n bastante inestable. Y m\u00e1s a\u00fan si antes de las tormentas llega todo ese calor, lo que provocar\u00eda una <strong>situaci\u00f3n potencialmente inestable<\/strong>.<\/span><\/span><\/span><\/p>\n<p align=\"LEFT\"><span style=\"color: #000000;\"><span style=\"font-family: Arial, Helvetica, sans-serif;\"><span>L\u00f3gicamente a una semana vista no podemos concretar rasgos de ese supuesto episodio de calor o de tormentas, como su duraci\u00f3n o intensidad, pero a d\u00eda de hoy, el intenso calor afectar\u00eda especialmente a las regiones del centro, sur, y este peninsular, y en menor medida al oeste, por donde predominar\u00edan los vientos de poniente y suroeste, aunque a\u00fan as\u00ed tambi\u00e9n hablar\u00edamos de calor.<\/span><\/span><\/span><\/p>\n<p align=\"LEFT\"><span style=\"color: #000000;\"><span style=\"font-family: Arial, Helvetica, sans-serif;\">En principio tan s\u00f3lo durar\u00eda 3 d\u00edas (como m\u00e1ximo), pero el calor ser\u00eda bastante intenso en algunas zonas del sur de la Pen\u00ednsula. As\u00ed que no queda otra que hacer seguimiento diario puro y duro, para ver qu\u00e9 es lo que acaba ocurriendo, si pasaremos o no mucho calor, y si se producir\u00e1n esas tormentas o no. <strong><a href=\"https:\/\/www.facebook.com\/pages\/MeteoBadajoz\/236436716399890\" target=\"_blank\" rel=\"external nofollow\">Lo seguiremos diariamente en la p\u00e1gina de Facebook de \u00e9ste blog<\/a><\/strong>.<\/span><\/span><\/p>\n<p align=\"CENTER\"><span style=\"color: #000000;\"><span style=\"font-family: Arial, Helvetica, sans-serif;\"><span><strong><span style=\"font-family: Arial, Helvetica, sans-serif;\"><strong>Puedes seguir este blog a trav\u00e9s de la cuenta de Twitter\u00a0<\/strong><\/span><\/strong><strong><a href=\"https:\/\/twitter.com\/MeteoBadajoz\" target=\"_blank\" rel=\"external nofollow\"><span style=\"color: #ff0000;\"><span style=\"font-family: Arial, Helvetica, sans-serif;\"><span style=\"text-decoration: underline;\"><strong>@MeteoBadajoz<\/strong><\/span><\/span><\/span><\/a><\/strong><strong><span style=\"font-family: Arial, Helvetica, sans-serif;\"><strong>, o Facebook\u00a0<\/strong><\/span><\/strong><strong><a href=\"https:\/\/www.facebook.com\/pages\/MeteoBadajoz\/236436716399890\" target=\"_blank\" rel=\"external nofollow\"><span style=\"color: #ff0000;\"><span style=\"font-family: Arial, Helvetica, sans-serif;\"><span style=\"text-decoration: underline;\"><strong>MeteoBadajoz<\/strong><\/span><\/span><\/span><\/a><\/strong><strong><span style=\"font-family: Arial, Helvetica, sans-serif;\"><strong>, donde estar\u00e1s informado en todo momento de c\u00f3mo evolucionan los d\u00edas, as\u00ed como de noticias de inter\u00e9s meteorol\u00f3gico.<\/strong><\/span><\/strong><\/span><\/span><\/span><\/p>\n<p align=\"CENTER\"><strong><span style=\"color: #000000;\"><span style=\"font-family: Arial, Helvetica, sans-serif;\"><span><span style=\"text-decoration: underline;\"><strong>Si el art\u00edculo te ha parecido interesante, puedes ayudar a divulgarlo a trav\u00e9s de las redes sociales, con ayuda de los botones para compartir.<\/strong><\/span><\/span><\/span><\/span><\/strong><\/p>\n<p align=\"CENTER\"><strong><span style=\"color: #000000;\"><span style=\"font-family: Arial, Helvetica, sans-serif;\"><span>\u00a1\u00a1Gracias!!<\/span><\/span><\/span><\/strong><\/p>\n<!-- AddThis Advanced Settings generic via filter on the_content --><!-- AddThis Share Buttons generic via filter on the_content -->","protected":false},"excerpt":{"rendered":"<p>\u00bbLos modelos num\u00e9ricos comienzan a vislumbrar algunas novedades para la pr\u00f3xima semana, en forma de un posible episodio de calor muy intenso, y una posible situaci\u00f3n de tormentas en muchas zonas de la Pen\u00ednsula. An\u00e1lisis de la posici\u00f3n de los centros de acci\u00f3n (anticiclones y borrascas) para la pr\u00f3xima semana en Europa y Atl\u00e1ntico Norte. [&hellip;]<!-- AddThis Advanced Settings generic via filter on get_the_excerpt --><!-- AddThis Share Buttons generic via filter on get_the_excerpt --><\/p>\n","protected":false},"author":75,"featured_media":0,"comment_status":"open","ping_status":"closed","sticky":false,"template":"","format":"standard","meta":[],"categories":[4,5],"tags":[6,11,12,15,18,26,33,38,44,50,83,88,90,102,124,147,150],"_links":{"self":[{"href":"https:\/\/blogs.hoy.es\/meteobadajoz\/wp-json\/wp\/v2\/posts\/482"}],"collection":[{"href":"https:\/\/blogs.hoy.es\/meteobadajoz\/wp-json\/wp\/v2\/posts"}],"about":[{"href":"https:\/\/blogs.hoy.es\/meteobadajoz\/wp-json\/wp\/v2\/types\/post"}],"author":[{"embeddable":true,"href":"https:\/\/blogs.hoy.es\/meteobadajoz\/wp-json\/wp\/v2\/users\/75"}],"replies":[{"embeddable":true,"href":"https:\/\/blogs.hoy.es\/meteobadajoz\/wp-json\/wp\/v2\/comments?post=482"}],"version-history":[{"count":0,"href":"https:\/\/blogs.hoy.es\/meteobadajoz\/wp-json\/wp\/v2\/posts\/482\/revisions"}],"wp:attachment":[{"href":"https:\/\/blogs.hoy.es\/meteobadajoz\/wp-json\/wp\/v2\/media?parent=482"}],"wp:term":[{"taxonomy":"category","embeddable":true,"href":"https:\/\/blogs.hoy.es\/meteobadajoz\/wp-json\/wp\/v2\/categories?post=482"},{"taxonomy":"post_tag","embeddable":true,"href":"https:\/\/blogs.hoy.es\/meteobadajoz\/wp-json\/wp\/v2\/tags?post=482"}],"curies":[{"name":"wp","href":"https:\/\/api.w.org\/{rel}","templated":true}]}}