{"id":487,"date":"2013-07-26T18:11:46","date_gmt":"2013-07-26T16:11:46","guid":{"rendered":"http:\/\/blogs.hoy.es\/meteobadajoz\/?p=487"},"modified":"2013-07-26T18:11:46","modified_gmt":"2013-07-26T16:11:46","slug":"importante-cambio-de-tiempo-para-el-fin-de-semana-2","status":"publish","type":"post","link":"https:\/\/blogs.hoy.es\/meteobadajoz\/2013\/07\/26\/importante-cambio-de-tiempo-para-el-fin-de-semana-2\/","title":{"rendered":"Importante cambio de tiempo para el fin de semana"},"content":{"rendered":"<p align=\"LEFT\"><span style=\"color: #000000; font-size: x-large;\"><span style=\"font-family: Arial, Helvetica, sans-serif;\"><span style=\"font-family: 'Segoe UI';\"><strong>\u00bb<\/strong><\/span><span style=\"font-family: 'Segoe UI';\">Peque\u00f1o respiro en los term\u00f3metros durante el fin de semana, con presencia de m\u00e1s nubosidad e incluso con riesgo de algunas precipitaciones d\u00e9biles en Extremadura durante el s\u00e1bado.<\/span><\/span><\/span><\/p>\n<p style=\"text-align: center;\" align=\"LEFT\"><img loading=\"lazy\" class=\"aligncenter\" src=\"\/\/nsae01.casimages.net\/img\/2013\/07\/26\/130726055240964462.png\" alt=\"\" width=\"615\" height=\"407\" \/><\/p>\n<p align=\"CENTER\"><span style=\"color: #000000;\"><span style=\"font-family: Arial, Helvetica, sans-serif;\"><span><strong>Descenso de las temperaturas m\u00e1ximas previstas para el s\u00e1bado 27 de Julio de 2013 &#8211; AEMET.<\/strong><\/span><\/span><\/span><\/p>\n<p align=\"LEFT\"><span style=\"color: #000000;\"><span style=\"font-family: Arial, Helvetica, sans-serif;\"><strong>Viernes 26 de Julio 2013.<\/strong> Tal y como se avis\u00f3 en la \u00faltima entrada de \u00e9ste blog, y en el <strong><a href=\"https:\/\/www.facebook.com\/MeteoBadajoz\" target=\"_blank\" rel=\"external nofollow\">seguimiento de la p\u00e1gina de Facebook<\/a><\/strong>, la presente semana acabar\u00eda con un empeoramiento generalizado del tiempo, que afectar\u00eda a gran parte del Oeste y Noroeste peninsular, con un notable descenso t\u00e9rmico y la llegada de un frente fr\u00edo desde el Atl\u00e1ntico. Los modelos han ido confirmando poco a poco ese cambio de tiempo para el fin de semana, y su llegada ya es pr\u00e1cticamente garantizada.<!--more--><\/span><\/span><\/p>\n<p align=\"LEFT\"><span style=\"color: #000000;\"><span style=\"font-family: Arial, Helvetica, sans-serif;\"><span>En la jornada del viernes ya hemos notado cierto descenso de las m\u00e1ximas por todo el Suroeste de la Pen\u00ednsula, que en Extremadura han bajado entre 1 y 2\u00baC, qued\u00e1ndonos por debajo de los 35\u00baC en todas las comarcas. Pero el descenso m\u00e1s importante se registrar\u00e1 durante el s\u00e1bado, jornada en la que<strong> las m\u00e1ximas bajar\u00e1n entre 4 y hasta 5\u00baC<\/strong>, seg\u00fan el mapa de variaci\u00f3n de temperaturas de la AEMET. Hablaremos de m\u00e1ximas que <strong>ni siquiera alcanzar\u00e1n los 30\u00baC<\/strong> en las Vegas del Guadiana, y algo m\u00e1s bajas en este resto de la regi\u00f3n, tanto el s\u00e1bado como el domingo.<\/span><\/span><\/span><\/p>\n<p><img loading=\"lazy\" class=\"alignleft\" src=\"\/\/nsae01.casimages.net\/img\/2013\/07\/26\/130726052351748962.gif\" alt=\"\" width=\"308\" height=\"195\" \/><\/p>\n<p align=\"LEFT\"><span style=\"color: #000000;\"><span style=\"font-family: Arial, Helvetica, sans-serif;\"><span>\u00c9ste peque\u00f1o respiro de las temperaturas tambi\u00e9n vendr\u00e1 acompa\u00f1ado de un aumento claro de la nubosidad por todo el Oeste peninsular, asociada al paso de un frente fr\u00edo, que se est\u00e1 configurando durante estas \u00faltimas horas hacia el Oeste y Suroeste de la Pen\u00ednsula Ib\u00e9rica.<\/span><\/span><\/span><\/p>\n<p align=\"LEFT\"><span style=\"color: #000000;\"><span style=\"font-family: Arial, Helvetica, sans-serif;\"><span>En la animaci\u00f3n observamos c\u00f3mo gira la nubosidad en aguas del Atl\u00e1ntico Norte, con una banda de nubes altas dibujando una forma de \u201cU\u201d, lo que denota la presencia de una <em><strong>vaguada<\/strong><\/em>. Para que entiendan qu\u00e9 es una vaguada,\u00a0digamos que es la forma que tiene el aire fr\u00edo de abrirse paso hacia latitudes m\u00e1s bajas.<\/span><\/span><\/span><\/p>\n<p align=\"LEFT\"><span style=\"color: #000000;\"><span style=\"font-family: Arial, Helvetica, sans-serif;\"><span>Por delante de esa vaguada queda el Norte de la Pen\u00ednsula, Francia, Reino Unido y, en general, todo el Oeste de Europa. Ser\u00e1 all\u00ed, en todo el interior-oeste del continente Europeo, donde <strong>las tormentas ser\u00e1n las protagonistas<\/strong> en los pr\u00f3ximos d\u00edas, debido al marcado contraste de temperaturas entre esa masa de aire fr\u00edo que baja desde el Atl\u00e1ntico Norte, y la masa de aire muy c\u00e1lido que asciende desde el Norte de \u00c1frica, y que durante los pr\u00f3ximos d\u00edas se adentrar\u00e1 por todo el interior-sur de Europa.<\/span><\/span><\/span><\/p>\n<p align=\"LEFT\"><span style=\"color: #000000;\"><span style=\"font-family: Arial, Helvetica, sans-serif;\"><span>Aqu\u00ed en Espa\u00f1a, tambi\u00e9n estaremos por delante de esa vaguada, pero no crecer\u00e1n tanto las tormentas como por zonas de Europa. S\u00ed veremos tormentas en zonas de la Cordillera Cant\u00e1brica y Pirineos, principalmente. Lo m\u00e1s destacable ser\u00e1 el aumento generalizado de la nubosidad, con <strong>m\u00e1s riesgo de precipitaciones cuanto m\u00e1s al Oeste y Norte<\/strong> nos encontremos.<\/span><\/span><\/span><\/p>\n<p align=\"LEFT\"><span style=\"color: #000000;\"><span style=\"font-family: Arial, Helvetica, sans-serif;\"><span>El d\u00eda m\u00e1s inestable en Extremadura ser\u00e1 el s\u00e1bado, cuando ese frente fr\u00edo cruce la regi\u00f3n de Suroeste a Noreste, aportando <strong>mayor nubosidad e incluso algunas precipitaciones d\u00e9biles<\/strong> hacia las comarcas del Sur y Este (durante la ma\u00f1ana), y Norte-Noreste (en la segunda mitad del d\u00eda). Precipitaciones, por lo general, de car\u00e1cter d\u00e9bil y disperso, no se esperan recoger grandes cantidades de agua. Todo acompa\u00f1ado de un poco m\u00e1s de viento que durante los \u00faltimos d\u00edas.<\/span><\/span><\/span><\/p>\n<p align=\"LEFT\"><span style=\"color: #000000;\"><span style=\"font-family: Arial, Helvetica, sans-serif;\"><span>As\u00ed que peque\u00f1a tregua en cuanto a las altas temperaturas por todo el Oeste de la Pen\u00ednsula, en un fin de semana marcado por un ambiente bastante m\u00e1s fresco y h\u00famedo, y por la abundante nubosidad y el riesgo de algunas precipitaciones, aunque ser\u00e1n d\u00e9biles. Eso s\u00ed, no todo el fin de semana ser\u00e1 de cielos cubiertos, tras el paso del frente se abrir\u00e1n muchos claros por el Oeste. A partir de mediados de la pr\u00f3xima semana podr\u00edan volver los 38\u00baC a Extremadura, y es que seguimos en verano amig@s&#8230;<\/span><\/span><\/span><\/p>\n<p align=\"CENTER\"><span style=\"color: #000000;\"><span style=\"font-family: Arial, Helvetica, sans-serif;\"><span><strong><span style=\"font-family: Arial, Helvetica, sans-serif;\"><strong>Puedes seguir este blog a trav\u00e9s de la cuenta de Twitter\u00a0<\/strong><\/span><\/strong><strong><a href=\"https:\/\/twitter.com\/MeteoBadajoz\" target=\"_blank\" rel=\"external nofollow\"><span style=\"color: #ff0000;\"><span style=\"font-family: Arial, Helvetica, sans-serif;\"><span style=\"text-decoration: underline;\"><strong>@MeteoBadajoz<\/strong><\/span><\/span><\/span><\/a><\/strong><strong><span style=\"font-family: Arial, Helvetica, sans-serif;\"><strong>, o Facebook\u00a0<\/strong><\/span><\/strong><strong><a href=\"https:\/\/www.facebook.com\/pages\/MeteoBadajoz\/236436716399890\" target=\"_blank\" rel=\"external nofollow\"><span style=\"color: #ff0000;\"><span style=\"font-family: Arial, Helvetica, sans-serif;\"><span style=\"text-decoration: underline;\"><strong>MeteoBadajoz<\/strong><\/span><\/span><\/span><\/a><\/strong><strong><span style=\"font-family: Arial, Helvetica, sans-serif;\"><strong>, donde estar\u00e1s informado en todo momento de c\u00f3mo evolucionan los d\u00edas, as\u00ed como de noticias de inter\u00e9s meteorol\u00f3gico.<\/strong><\/span><\/strong><\/span><\/span><\/span><\/p>\n<p align=\"CENTER\"><strong><span style=\"color: #000000;\"><span style=\"font-family: Arial, Helvetica, sans-serif;\"><span><span style=\"text-decoration: underline;\"><strong>Si el art\u00edculo te ha parecido interesante, puedes ayudar a divulgarlo a trav\u00e9s de las redes sociales, con ayuda de los botones para compartir.<\/strong><\/span><\/span><\/span><\/span><\/strong><\/p>\n<p align=\"CENTER\"><strong><span style=\"color: #000000;\"><span style=\"font-family: Arial, Helvetica, sans-serif;\"><span>\u00a1\u00a1Gracias!!<\/span><\/span><\/span><\/strong><\/p>\n<!-- AddThis Advanced Settings generic via filter on the_content --><!-- AddThis Share Buttons generic via filter on the_content -->","protected":false},"excerpt":{"rendered":"<p>\u00bbPeque\u00f1o respiro en los term\u00f3metros durante el fin de semana, con presencia de m\u00e1s nubosidad e incluso con riesgo de algunas precipitaciones d\u00e9biles en Extremadura durante el s\u00e1bado. Descenso de las temperaturas m\u00e1ximas previstas para el s\u00e1bado 27 de Julio de 2013 &#8211; AEMET. Viernes 26 de Julio 2013. Tal y como se avis\u00f3 en [&hellip;]<!-- AddThis Advanced Settings generic via filter on get_the_excerpt --><!-- AddThis Share Buttons generic via filter on get_the_excerpt --><\/p>\n","protected":false},"author":75,"featured_media":0,"comment_status":"open","ping_status":"closed","sticky":false,"template":"","format":"standard","meta":[],"categories":[4,5],"tags":[6,12,33,54,83,88,90,91,126,150],"_links":{"self":[{"href":"https:\/\/blogs.hoy.es\/meteobadajoz\/wp-json\/wp\/v2\/posts\/487"}],"collection":[{"href":"https:\/\/blogs.hoy.es\/meteobadajoz\/wp-json\/wp\/v2\/posts"}],"about":[{"href":"https:\/\/blogs.hoy.es\/meteobadajoz\/wp-json\/wp\/v2\/types\/post"}],"author":[{"embeddable":true,"href":"https:\/\/blogs.hoy.es\/meteobadajoz\/wp-json\/wp\/v2\/users\/75"}],"replies":[{"embeddable":true,"href":"https:\/\/blogs.hoy.es\/meteobadajoz\/wp-json\/wp\/v2\/comments?post=487"}],"version-history":[{"count":0,"href":"https:\/\/blogs.hoy.es\/meteobadajoz\/wp-json\/wp\/v2\/posts\/487\/revisions"}],"wp:attachment":[{"href":"https:\/\/blogs.hoy.es\/meteobadajoz\/wp-json\/wp\/v2\/media?parent=487"}],"wp:term":[{"taxonomy":"category","embeddable":true,"href":"https:\/\/blogs.hoy.es\/meteobadajoz\/wp-json\/wp\/v2\/categories?post=487"},{"taxonomy":"post_tag","embeddable":true,"href":"https:\/\/blogs.hoy.es\/meteobadajoz\/wp-json\/wp\/v2\/tags?post=487"}],"curies":[{"name":"wp","href":"https:\/\/api.w.org\/{rel}","templated":true}]}}