{"id":488,"date":"2013-07-29T13:23:59","date_gmt":"2013-07-29T11:23:59","guid":{"rendered":"http:\/\/blogs.hoy.es\/meteobadajoz\/?p=488"},"modified":"2013-07-29T13:23:59","modified_gmt":"2013-07-29T11:23:59","slug":"arranca-una-semana-bastante-calurosa-en-espana","status":"publish","type":"post","link":"https:\/\/blogs.hoy.es\/meteobadajoz\/2013\/07\/29\/arranca-una-semana-bastante-calurosa-en-espana\/","title":{"rendered":"Arranca una semana bastante calurosa en Espa\u00f1a"},"content":{"rendered":"<p align=\"LEFT\"><span style=\"color: #000000; font-size: x-large;\"><span style=\"font-family: Arial, Helvetica, sans-serif;\"><span style=\"font-family: 'Segoe UI';\"><strong>\u00bb<\/strong><\/span><span style=\"font-family: 'Segoe UI';\">Tras la peque\u00f1a tregua del pasado fin de semana, las temperaturas iniciar\u00e1n un importante ascenso en gran parte del pa\u00eds, que nos volver\u00e1 a dejar temperaturas muy altas, cercanas o superiores a los 40\u00baC.<\/span><\/span><\/span><\/p>\n<p style=\"text-align: center;\" align=\"LEFT\"><img loading=\"lazy\" class=\"aligncenter\" src=\"\/\/nsae01.casimages.net\/img\/2013\/07\/29\/130729114315212741.png\" alt=\"\" width=\"638\" height=\"392\" \/><\/p>\n<p align=\"CENTER\"><span style=\"color: #000000;\"><span style=\"font-family: Arial, Helvetica, sans-serif;\"><span><strong>An\u00e1lisis de la situaci\u00f3n prevista para la segunda mitad de la semana, con una nueva irrupci\u00f3n de aire c\u00e1lido desde el Norte de \u00c1frica, y una masa de aire fr\u00edo que desciende por el Atl\u00e1ntico, y que es la causante de la advecci\u00f3n c\u00e1lida.<\/strong><\/span><\/span><\/span><\/p>\n<p align=\"LEFT\"><span style=\"color: #000000;\"><span style=\"font-family: Arial, Helvetica, sans-serif;\"><span><strong>Lunes 29 de Julio 2013.<\/strong> La presente semana promete ser de nuevo muy calurosa en la mayor parte del pa\u00eds, por la llegada de una nueva invasi\u00f3n de aire c\u00e1lido desde el Norte de \u00c1frica, siendo m\u00e1s importante a partir del mi\u00e9rcoles, y hacia las regiones del interior, Este y Sur de la Pen\u00ednsula, por donde se podr\u00edan alcanzar los <span style=\"color: #ff0000;\"><strong>40\/43\u00baC<\/strong><\/span> en el Valle del Guadalquivir.<!--more--><\/span><\/span><\/span><\/p>\n<p align=\"LEFT\"><span style=\"color: #000000;\"><span style=\"font-family: Arial, Helvetica, sans-serif;\"><span>En el resto, las temperaturas tambi\u00e9n ser\u00e1n elevadas, <strong>cercanas a los 40\u00baC en los principales valles del interior y Suroeste peninsular<\/strong>, y rondando o por encima de los 35\u00baC en el resto del pa\u00eds, excepto en el Noroeste, por donde el calor ser\u00e1 menos destacable.\u00a0<\/span><\/span><\/span><span style=\"font-family: Arial, Helvetica, sans-serif; color: #000000;\">Todo acompa\u00f1ado de una situaci\u00f3n anticicl\u00f3nica, con <strong>mucha estabilidad en pr\u00e1cticamente todo el pa\u00eds<\/strong>.<\/span><\/p>\n<p><img loading=\"lazy\" class=\"alignleft\" src=\"\/\/nsae01.casimages.net\/img\/2013\/07\/28\/130728095935653306.gif\" alt=\"\" width=\"308\" height=\"185\" \/><\/p>\n<p align=\"LEFT\"><span style=\"color: #000000;\"><span style=\"font-family: Arial, Helvetica, sans-serif;\"><span>En la animaci\u00f3n de la izquierda observamos c\u00f3mo va a evolucionar esa masa de aire c\u00e1lido que, una vez m\u00e1s, vendr\u00e1 impulsada desde el Norte de \u00c1frica, con temperaturas en capas medias de la Troposfera bastante destacables.<\/span><\/span><\/span><\/p>\n<p align=\"LEFT\"><span style=\"color: #000000;\"><span style=\"font-family: Arial, Helvetica, sans-serif;\"><span>N\u00f3tese c\u00f3mo vuelve a descender en latitud una masa de aire fr\u00edo desde el Atl\u00e1ntico Norte (tal y como ocurri\u00f3 la pasada semana), que es la que provoca ese <strong>movimiento ascendente del aire c\u00e1lido hacia buena parte de Europa<\/strong> y que, en su camino, afectar\u00e1 de lleno a gran parte de nuestro pa\u00eds. Con el paso de los d\u00edas, esa lengua de aire c\u00e1lido se alargar\u00e1 hacia el Norte, llegando a afectar al interior del continente Europeo hacia el fin de semana.<\/span><\/span><\/span><\/p>\n<p align=\"LEFT\"><span style=\"color: #000000;\"><span style=\"font-family: Arial, Helvetica, sans-serif;\">Durante este pasado fin de semana, las temperaturas hab\u00edan descendido entre 3 y hasta 7\u00baC, pero en el transcurso de la semana recuperaremos esos grados perdidos, y adem\u00e1s, en tan s\u00f3lo 2-3 d\u00edas. En Extremadura pasaremos de m\u00e1ximas ligeramente por encima de los 30\u00baC del lunes, a los 38\u00baC de m\u00e1xima para este mi\u00e9rcoles. Afortunadamente, por zonas del Oeste de la\u00a0Pen\u00ednsula\u00a0seguiremos bajo la acci\u00f3n de los vientos de Poniente y suroeste, que como ya saben, son vientos que aportan m\u00e1s fresco y humedad durante la noche, y <strong>suavizan las temperaturas m\u00e1ximas durante el d\u00eda<\/strong>.<\/span><\/span><\/p>\n<p align=\"LEFT\"><span style=\"color: #000000;\"><span style=\"font-family: Arial, Helvetica, sans-serif;\">Pero ese efecto del viento de Poniente no se deja sentir m\u00e1s all\u00e1 de Extremadura, por lo que en el resto de la Pen\u00ednsula el calor s\u00ed ser\u00e1 bastante intenso. A\u00fan as\u00ed, en nuestra regi\u00f3n tambi\u00e9n hablaremos de calor, aunque nada que ver con las m\u00e1ximas que se podr\u00edan registrar hacia puntos del interior o en el Valle del Guadalquivir, por donde s\u00ed <strong>se pasar\u00e1 de los 40-42\u00baC en ese \u00faltimo caso<\/strong>.<\/span><\/span><\/p>\n<p align=\"LEFT\"><span style=\"color: #000000;\"><span style=\"font-family: Arial, Helvetica, sans-serif;\">Las temperaturas m\u00ednimas tambi\u00e9n ser\u00e1n elevadas, sobre todo hacia el Sur y, de nuevo, en todo el litoral mediterr\u00e1neo peninsular, por donde las m\u00ednimas no bajar\u00e1n de los 23-24\u00baC, por lo que las noches volver\u00e1n a ser sofocantes.<\/span><\/span><\/p>\n<p align=\"LEFT\"><span style=\"color: #000000;\"><span style=\"font-family: Arial, Helvetica, sans-serif;\">Seg\u00fan los modelos, este nuevo episodio de altas temperaturas nos afectar\u00e1 hasta el comienzo de la pr\u00f3xima semana, momento en el que las temperaturas comenzar\u00e1n a descender progresivamente, por lo que en principio <strong>su duraci\u00f3n podr\u00eda ser de 4-5 d\u00edas<\/strong>, como mucho.<\/span><\/span><\/p>\n<p align=\"LEFT\"><img loading=\"lazy\" class=\"aligncenter\" src=\"\/\/nsae01.casimages.net\/img\/2013\/07\/29\/130729010751847416.png\" alt=\"\" width=\"500\" height=\"334\" \/><\/p>\n<p style=\"text-align: center;\" align=\"LEFT\"><span style=\"color: #000000;\"><strong><span style=\"font-family: Arial, Helvetica, sans-serif;\">Mapa de avisos de AEMET por altas temperaturas para el mi\u00e9rcoles.<\/span><\/strong><\/span><\/p>\n<p align=\"LEFT\"><span style=\"color: #000000;\"><span style=\"font-family: Arial, Helvetica, sans-serif;\">Como puede verse en el mapa superior, la AEMET ya ha activado <strong>numerosos avisos por altas temperaturas para este mi\u00e9rcoles<\/strong>.\u00a0<\/span><\/span><span style=\"font-family: Arial, Helvetica, sans-serif; color: #000000;\">De momento activas en gran parte de Extremadura, interior de Andaluc\u00eda, interior-sur de Madrid, interior-oeste de Castilla La Mancha, Sur de Castilla Y Le\u00f3n, y en puntos del Valle del Ebro, incluso en Navarra y La Rioja. Muy probablemente acaben extendi\u00e9ndose a m\u00e1s zonas conforme avance la semana y se vayan teniendo m\u00e1s detalles sobre qu\u00e9 valores m\u00e1ximos se alcanzar\u00e1n, y en qu\u00e9 zonas.<\/span><\/p>\n<p align=\"LEFT\">&#8211; &#8211; &#8211; &#8211; &#8211; &#8211; &#8211; &#8211; &#8211; &#8211; &#8211; &#8211; &#8211; &#8211; &#8211; &#8211; &#8211; &#8211; &#8211; &#8211; &#8211; &#8211; &#8211; &#8211; &#8211; &#8211; &#8211; &#8211; &#8211; &#8211; &#8211; &#8211; &#8211; &#8211; &#8211; &#8211; &#8211; &#8211; &#8211; &#8211; &#8211; &#8211; &#8211; &#8211; &#8211; &#8211; &#8211; &#8211; &#8211; &#8211; &#8211; &#8211; &#8211; &#8211; &#8211; &#8211; &#8211; &#8211; &#8211; &#8211; &#8211; &#8211; &#8211; &#8211; &#8211; &#8211; &#8211; &#8211; &#8211; &#8211; &#8211; &#8211; &#8211; &#8211; &#8211; &#8211; &#8211; &#8211;<\/p>\n<p style=\"text-align: left;\" align=\"LEFT\"><span style=\"font-size: medium;\"><strong><span style=\"font-family: Arial, Helvetica, sans-serif; color: #ff0000;\">Edito: lunes 29 de Julio, a las 20:00h.\u00a0<\/span><\/strong><\/span><\/p>\n<p style=\"text-align: center;\" align=\"LEFT\"><img loading=\"lazy\" class=\"aligncenter\" src=\"\/\/nsae01.casimages.net\/img\/2013\/07\/29\/130729080233298007.png\" alt=\"\" width=\"640\" height=\"480\" \/><\/p>\n<p align=\"LEFT\"><span style=\"font-family: Arial, Helvetica, sans-serif; color: #000000;\"><strong>AEMET ha extendido los avisos amarillos por calor para este mi\u00e9rcoles en Extremadura<\/strong>. Los avisos ya afectan a toda la regi\u00f3n, con temperaturas m\u00e1ximas de 38\u00baC en casi cualquier zona, algo m\u00e1s bajas hacia el extremo Norte de la comunidad, donde las m\u00e1ximas ser\u00e1n de 36\u00baC. De todas formas, siguen sin ser temperaturas demasiado altas, afortunadamente, en principio, no pasaremos de los 40\u00baC.<\/span><\/p>\n<p align=\"LEFT\"><span style=\"font-family: Arial, Helvetica, sans-serif; color: #000000;\">&#8211; &#8211; &#8211; &#8211; &#8211; &#8211; &#8211; &#8211; &#8211; &#8211; &#8211; &#8211; &#8211; &#8211; &#8211; &#8211; &#8211; &#8211; &#8211; &#8211; &#8211; &#8211; &#8211; &#8211; &#8211; &#8211; &#8211; &#8211; &#8211; &#8211; &#8211; &#8211; &#8211; &#8211; &#8211; &#8211; &#8211; &#8211; &#8211; &#8211; &#8211; &#8211; &#8211; &#8211; &#8211; &#8211; &#8211; &#8211; &#8211; &#8211; &#8211; &#8211; &#8211; &#8211; &#8211; &#8211; &#8211; &#8211; &#8211; &#8211; &#8211; &#8211; &#8211; &#8211; &#8211; &#8211; &#8211; &#8211; &#8211; &#8211; &#8211; &#8211; &#8211; &#8211; &#8211; &#8211; &#8211; &#8211;<\/span><\/p>\n<p align=\"LEFT\"><span style=\"color: #000000;\"><span style=\"font-family: Arial, Helvetica, sans-serif;\">As\u00ed pues, tras la tregua del fin de semana por el Oeste y centro, la semana volver\u00e1 a dejarnos mucho calor, en muchas zonas, pero en principio durar\u00eda menos de una semana, lo iremos siguiendo. <strong><a href=\"https:\/\/www.facebook.com\/MeteoBadajoz\" target=\"_blank\" rel=\"external nofollow\">Ten\u00e9is informaci\u00f3n actualizada en la p\u00e1gina de Facebook de este blog<\/a><\/strong>.<\/span><\/span><\/p>\n<p align=\"CENTER\"><span style=\"color: #000000;\"><span style=\"font-family: Arial, Helvetica, sans-serif;\"><span><strong><span style=\"font-family: Arial, Helvetica, sans-serif;\"><strong>Puedes seguir este blog a trav\u00e9s de la cuenta de Twitter\u00a0<\/strong><\/span><\/strong><strong><a href=\"https:\/\/twitter.com\/MeteoBadajoz\" target=\"_blank\" rel=\"external nofollow\"><span style=\"color: #ff0000;\"><span style=\"font-family: Arial, Helvetica, sans-serif;\"><span style=\"text-decoration: underline;\"><strong>@MeteoBadajoz<\/strong><\/span><\/span><\/span><\/a><\/strong><strong><span style=\"font-family: Arial, Helvetica, sans-serif;\"><strong>, o Facebook\u00a0<\/strong><\/span><\/strong><strong><a href=\"https:\/\/www.facebook.com\/pages\/MeteoBadajoz\/236436716399890\" target=\"_blank\" rel=\"external nofollow\"><span style=\"color: #ff0000;\"><span style=\"font-family: Arial, Helvetica, sans-serif;\"><span style=\"text-decoration: underline;\"><strong>MeteoBadajoz<\/strong><\/span><\/span><\/span><\/a><\/strong><strong><span style=\"font-family: Arial, Helvetica, sans-serif;\"><strong>, donde estar\u00e1s informado en todo momento de c\u00f3mo evolucionan los d\u00edas, as\u00ed como de noticias de inter\u00e9s meteorol\u00f3gico.<\/strong><\/span><\/strong><\/span><\/span><\/span><\/p>\n<p align=\"CENTER\"><strong><span style=\"color: #000000;\"><span style=\"font-family: Arial, Helvetica, sans-serif;\"><span><span style=\"text-decoration: underline;\"><strong>Si el art\u00edculo te ha parecido interesante, puedes ayudar a divulgarlo a trav\u00e9s de las redes sociales, con ayuda de los botones para compartir.<\/strong><\/span><\/span><\/span><\/span><\/strong><\/p>\n<p align=\"CENTER\"><strong><span style=\"color: #000000;\"><span style=\"font-family: Arial, Helvetica, sans-serif;\"><span>\u00a1\u00a1Gracias!!<\/span><\/span><\/span><\/strong><\/p>\n<!-- AddThis Advanced Settings generic via filter on the_content --><!-- AddThis Share Buttons generic via filter on the_content -->","protected":false},"excerpt":{"rendered":"<p>\u00bbTras la peque\u00f1a tregua del pasado fin de semana, las temperaturas iniciar\u00e1n un importante ascenso en gran parte del pa\u00eds, que nos volver\u00e1 a dejar temperaturas muy altas, cercanas o superiores a los 40\u00baC. An\u00e1lisis de la situaci\u00f3n prevista para la segunda mitad de la semana, con una nueva irrupci\u00f3n de aire c\u00e1lido desde el [&hellip;]<!-- AddThis Advanced Settings generic via filter on get_the_excerpt --><!-- AddThis Share Buttons generic via filter on get_the_excerpt --><\/p>\n","protected":false},"author":75,"featured_media":0,"comment_status":"open","ping_status":"closed","sticky":false,"template":"","format":"standard","meta":[],"categories":[4,5],"tags":[6,11,18,26,29,38,62,88,150],"_links":{"self":[{"href":"https:\/\/blogs.hoy.es\/meteobadajoz\/wp-json\/wp\/v2\/posts\/488"}],"collection":[{"href":"https:\/\/blogs.hoy.es\/meteobadajoz\/wp-json\/wp\/v2\/posts"}],"about":[{"href":"https:\/\/blogs.hoy.es\/meteobadajoz\/wp-json\/wp\/v2\/types\/post"}],"author":[{"embeddable":true,"href":"https:\/\/blogs.hoy.es\/meteobadajoz\/wp-json\/wp\/v2\/users\/75"}],"replies":[{"embeddable":true,"href":"https:\/\/blogs.hoy.es\/meteobadajoz\/wp-json\/wp\/v2\/comments?post=488"}],"version-history":[{"count":0,"href":"https:\/\/blogs.hoy.es\/meteobadajoz\/wp-json\/wp\/v2\/posts\/488\/revisions"}],"wp:attachment":[{"href":"https:\/\/blogs.hoy.es\/meteobadajoz\/wp-json\/wp\/v2\/media?parent=488"}],"wp:term":[{"taxonomy":"category","embeddable":true,"href":"https:\/\/blogs.hoy.es\/meteobadajoz\/wp-json\/wp\/v2\/categories?post=488"},{"taxonomy":"post_tag","embeddable":true,"href":"https:\/\/blogs.hoy.es\/meteobadajoz\/wp-json\/wp\/v2\/tags?post=488"}],"curies":[{"name":"wp","href":"https:\/\/api.w.org\/{rel}","templated":true}]}}