{"id":491,"date":"2013-08-02T18:41:10","date_gmt":"2013-08-02T16:41:10","guid":{"rendered":"http:\/\/blogs.hoy.es\/meteobadajoz\/?p=491"},"modified":"2013-08-02T18:41:10","modified_gmt":"2013-08-02T16:41:10","slug":"primer-fin-de-semana-de-agosto-con-temperaturas-no-demasiado-altas","status":"publish","type":"post","link":"https:\/\/blogs.hoy.es\/meteobadajoz\/2013\/08\/02\/primer-fin-de-semana-de-agosto-con-temperaturas-no-demasiado-altas\/","title":{"rendered":"Primer fin de semana de agosto con temperaturas no demasiado altas"},"content":{"rendered":"<p align=\"LEFT\"><span style=\"color: #000000; font-size: x-large;\"><span style=\"font-family: Arial, Helvetica, sans-serif;\"><span style=\"font-family: 'Segoe UI';\"><strong>\u00bb<\/strong><\/span><span style=\"font-family: 'Segoe UI';\">Despu\u00e9s de rozar los 40\u00baC en algunos municipios de Extremadura, las temperaturas han descendido hasta valores de unos 33-34\u00baC. El domingo volver\u00e1n a subir, pero de momento sin mucho calor a la vista.<\/span><\/span><\/span><\/p>\n<p style=\"text-align: center;\" align=\"LEFT\"><img loading=\"lazy\" class=\"aligncenter\" src=\"\/\/nsae01.casimages.net\/img\/2013\/08\/02\/130802062128814429.png\" alt=\"\" width=\"640\" height=\"424\" \/><\/p>\n<p align=\"CENTER\"><span style=\"color: #000000;\"><span style=\"font-family: Arial, Helvetica, sans-serif;\"><span><strong>Ascenso de las temperaturas m\u00e1ximas previsto para el domingo 4 de agosto de 2013.<\/strong><\/span><\/span><\/span><\/p>\n<p align=\"LEFT\"><span style=\"color: #000000;\"><span style=\"font-family: Arial, Helvetica, sans-serif;\"><span><strong>Viernes 2 de Agosto 2013.\u00a0<\/strong><\/span><\/span><\/span><span style=\"color: #000000;\"><span style=\"font-family: Arial, Helvetica, sans-serif;\"><span>Sin duda, el paso de un debilitado frente fr\u00edo por el noroeste de la Pen\u00ednsula, y la entrada de vientos de Poniente (del oeste), est\u00e1n ayudando a que las temperaturas no sean demasiado altas por el oeste peninsular, a diferencia de los \u00faltimos d\u00edas, en los que las m\u00e1ximas pasaban de los 37-38\u00baC. Y as\u00ed parece que continuar\u00e1 durante los pr\u00f3ximos d\u00edas: Sol y temperaturas calurosas, pero llevaderas.<!--more--><\/span><\/span><\/span><\/p>\n<p align=\"LEFT\"><span style=\"color: #000000;\"><span style=\"font-family: Arial, Helvetica, sans-serif;\"><span>El s\u00e1bado las temperaturas ser\u00e1n muy parecidas a las del viernes, pero el domingo <strong>volver\u00e1n a subir las m\u00e1ximas<\/strong> (como puede observarse en el mapa que encabeza esta noticia), con <\/span><\/span><\/span><span style=\"color: #000000;\"><span style=\"font-family: Arial, Helvetica, sans-serif;\"><span>ascensos de entre <strong>+1\/+3\u00baC por todo el oeste y noroeste<\/strong> de la Pen\u00ednsula, aunque no ser\u00e1n temperaturas demasiado elevadas. En Extremadura, como mucho, m\u00e1ximas de <span style=\"color: #ff0000;\"><strong>35-36\u00baC<\/strong><span style=\"color: #000000;\"> para el domingo<\/span><\/span>, no m\u00e1s.<\/span><\/span><\/span><\/p>\n<p align=\"LEFT\"><span style=\"color: #000000;\"><span style=\"font-family: Arial, Helvetica, sans-serif;\"><span>En cuanto al estado del cielo, fin de semana de cielos despejados en Extremadura, con <strong>ausencia casi total de nubosidad<\/strong>, aunque tanto en la jornada del s\u00e1bado, como en la del domingo, podr\u00edan cruzarnos algunos intervalos nubosos de nubes altas. Nubes puramente decorativas, muy finas, blanquecinas, que velan el cielo.<\/span><\/span><\/span><\/p>\n<p align=\"LEFT\"><span style=\"font-family: Arial, Helvetica, sans-serif; color: #000000;\">Nos olvidaremos tambi\u00e9n de la masa de polvo en suspensi\u00f3n que tan sucio nos ha dejado el cielo durante la tarde del pasado jueves y la ma\u00f1ana del viernes. Esas arena en suspensi\u00f3n de origen sahariano, se ir\u00e1 desplazando hacia las regiones del Este peninsular, por donde <strong>todav\u00eda seguir\u00e1 presente<\/strong> durante varios d\u00edas m\u00e1s, aunque en concentraciones mucho menores.<\/span><\/p>\n<p align=\"LEFT\"><span style=\"font-family: Arial, Helvetica, sans-serif; color: #000000;\">Precauci\u00f3n con el \u00edndice ultravioleta que se encuentra en <strong>niveles MUY ALTOS<\/strong> (en Extremadura encontramos valores de 9-10), as\u00ed que ante exposiciones prolongadas a pleno Sol, recomendable la protecci\u00f3n solar. Sin demasiadas novedades para los pr\u00f3ximos d\u00edas.<\/span><\/p>\n<p align=\"CENTER\"><span style=\"color: #000000;\"><span style=\"font-family: Arial, Helvetica, sans-serif;\"><span><strong><span style=\"font-family: Arial, Helvetica, sans-serif;\"><strong>Puedes seguir este blog a trav\u00e9s de la cuenta de Twitter\u00a0<\/strong><\/span><\/strong><strong><a href=\"https:\/\/twitter.com\/MeteoBadajoz\" target=\"_blank\" rel=\"external nofollow\"><span style=\"color: #ff0000;\"><span style=\"font-family: Arial, Helvetica, sans-serif;\"><span style=\"text-decoration: underline;\"><strong>@MeteoBadajoz<\/strong><\/span><\/span><\/span><\/a><\/strong><strong><span style=\"font-family: Arial, Helvetica, sans-serif;\"><strong>, o Facebook\u00a0<\/strong><\/span><\/strong><strong><a href=\"https:\/\/www.facebook.com\/pages\/MeteoBadajoz\/236436716399890\" target=\"_blank\" rel=\"external nofollow\"><span style=\"color: #ff0000;\"><span style=\"font-family: Arial, Helvetica, sans-serif;\"><span style=\"text-decoration: underline;\"><strong>MeteoBadajoz<\/strong><\/span><\/span><\/span><\/a><\/strong><strong><span style=\"font-family: Arial, Helvetica, sans-serif;\"><strong>, donde estar\u00e1s informado en todo momento de c\u00f3mo evolucionan los d\u00edas, as\u00ed como de noticias de inter\u00e9s meteorol\u00f3gico.<\/strong><\/span><\/strong><\/span><\/span><\/span><\/p>\n<p align=\"CENTER\"><strong><span style=\"color: #000000;\"><span style=\"font-family: Arial, Helvetica, sans-serif;\"><span><span style=\"text-decoration: underline;\"><strong>Si el art\u00edculo te ha parecido interesante, puedes ayudar a divulgarlo a trav\u00e9s de las redes sociales, con ayuda de los botones para compartir.<\/strong><\/span><\/span><\/span><\/span><\/strong><\/p>\n<p align=\"CENTER\"><strong><span style=\"color: #000000;\"><span style=\"font-family: Arial, Helvetica, sans-serif;\"><span>\u00a1\u00a1Gracias!!<\/span><\/span><\/span><\/strong><\/p>\n<!-- AddThis Advanced Settings generic via filter on the_content --><!-- AddThis Share Buttons generic via filter on the_content -->","protected":false},"excerpt":{"rendered":"<p>\u00bbDespu\u00e9s de rozar los 40\u00baC en algunos municipios de Extremadura, las temperaturas han descendido hasta valores de unos 33-34\u00baC. El domingo volver\u00e1n a subir, pero de momento sin mucho calor a la vista. Ascenso de las temperaturas m\u00e1ximas previsto para el domingo 4 de agosto de 2013. Viernes 2 de Agosto 2013.\u00a0Sin duda, el paso [&hellip;]<!-- AddThis Advanced Settings generic via filter on get_the_excerpt --><!-- AddThis Share Buttons generic via filter on get_the_excerpt --><\/p>\n","protected":false},"author":75,"featured_media":0,"comment_status":"open","ping_status":"closed","sticky":false,"template":"","format":"standard","meta":[],"categories":[4,5],"tags":[6,10,26,62,150],"_links":{"self":[{"href":"https:\/\/blogs.hoy.es\/meteobadajoz\/wp-json\/wp\/v2\/posts\/491"}],"collection":[{"href":"https:\/\/blogs.hoy.es\/meteobadajoz\/wp-json\/wp\/v2\/posts"}],"about":[{"href":"https:\/\/blogs.hoy.es\/meteobadajoz\/wp-json\/wp\/v2\/types\/post"}],"author":[{"embeddable":true,"href":"https:\/\/blogs.hoy.es\/meteobadajoz\/wp-json\/wp\/v2\/users\/75"}],"replies":[{"embeddable":true,"href":"https:\/\/blogs.hoy.es\/meteobadajoz\/wp-json\/wp\/v2\/comments?post=491"}],"version-history":[{"count":0,"href":"https:\/\/blogs.hoy.es\/meteobadajoz\/wp-json\/wp\/v2\/posts\/491\/revisions"}],"wp:attachment":[{"href":"https:\/\/blogs.hoy.es\/meteobadajoz\/wp-json\/wp\/v2\/media?parent=491"}],"wp:term":[{"taxonomy":"category","embeddable":true,"href":"https:\/\/blogs.hoy.es\/meteobadajoz\/wp-json\/wp\/v2\/categories?post=491"},{"taxonomy":"post_tag","embeddable":true,"href":"https:\/\/blogs.hoy.es\/meteobadajoz\/wp-json\/wp\/v2\/tags?post=491"}],"curies":[{"name":"wp","href":"https:\/\/api.w.org\/{rel}","templated":true}]}}