{"id":5,"date":"2013-01-17T21:34:00","date_gmt":"2013-01-17T21:34:00","guid":{"rendered":"http:\/\/blogs.hoy.es\/meteobadajoz\/2013\/01\/17\/esta-en-marcha-la-primera-ciclogenesis-explosiva-de-la-temporada\/"},"modified":"2013-01-17T21:34:00","modified_gmt":"2013-01-17T21:34:00","slug":"esta-en-marcha-la-primera-ciclogenesis-explosiva-de-la-temporada","status":"publish","type":"post","link":"https:\/\/blogs.hoy.es\/meteobadajoz\/2013\/01\/17\/esta-en-marcha-la-primera-ciclogenesis-explosiva-de-la-temporada\/","title":{"rendered":"Est\u00e1 en marcha la primera ciclog\u00e9nesis explosiva de la temporada."},"content":{"rendered":"<div style=\"clear: both; text-align: center;\"><a href=\"http:\/\/3.bp.blogspot.com\/-F8VD8gZceDo\/UPhKsw0PFmI\/AAAAAAAAFb8\/grxcltbpaEA\/s1600\/1.png\" rel=\"external nofollow\"><img loading=\"lazy\" src=\"\/\/3.bp.blogspot.com\/-F8VD8gZceDo\/UPhKsw0PFmI\/AAAAAAAAFb8\/grxcltbpaEA\/s640\/1.png\" alt=\"\" width=\"640\" height=\"432\" border=\"0\" \/><\/a><\/div>\n<div style=\"text-align: center;\"><span style=\"font-family: Helvetica Neue, Arial, Helvetica, sans-serif;\"><strong>Mapa de intensidad de viento a nivel de la superficie previsto para el s\u00e1bado 19 de enero de 2013 a las 06h. (C) Meteopt.com<\/strong><\/span><\/div>\n<div style=\"text-align: center;\"><\/div>\n<p><span style=\"font-family: Helvetica Neue, Arial, Helvetica, sans-serif;\">Despu\u00e9s de varios d\u00edas en los que hemos permanecido muy\u00a0pendientes\u00a0de c\u00f3mo evolucionaban los modelos,\u00a0observ\u00e1ndose\u00a0cambios importantes a medio\/largo plazo, finalmente los modelos han pegado cierto cambio en las \u00faltimas salidas y nos muestran la formaci\u00f3n de la que podr\u00eda ser <strong>la primera <a href=\"http:\/\/www.tiempo.com\/ram\/4070\/el-concepto-de-ciclognesis-explosiva\/\" target=\"_blank\" rel=\"external nofollow\"><span style=\"color: red;\">ciclog\u00e9nesis explosiva<\/span><\/a> de la temporada<\/strong>. Una borrasca que, si se cumplen los modelos, sufrir\u00e1 un extraordinario proceso de profundizaci\u00f3n en las pr\u00f3ximas horas que tendr\u00e1 lugar frente a las costas occidentales de la Pen\u00ednsula, avanzando r\u00e1pidamente hacia el este, barriendo la Pen\u00ednsula con presiones en su centro bastante bajas, de unos <strong>\u00a1978 hPa!<\/strong>.<!--more--><\/span><span style=\"font-family: 'Helvetica Neue', Arial, Helvetica, sans-serif;\">Se presenta un fin de semana caracterizado por una situaci\u00f3n poco habitual en la Pen\u00ednsula, ser\u00e1n destacables las precipitaciones que se puedan acumular en amplias zonas del oeste, centro y norte peninsular y, especialmente, las intensas rachas de viento. Mucha precauci\u00f3n porque tal y como nos vienen mostrando los modelos la cosa pinta bastante interesante. Sin duda, los que amamos la meteorolog\u00eda y, sobre todo, su car\u00e1cter violento (el tiempo severo) vamos a tener un buen subid\u00f3n de adrenalina en la jornada del pr\u00f3ximo s\u00e1bado, cuando \u00e9sta\u00a0profunda\u00a0borrasca cruce Espa\u00f1a de oeste a este. Vamos a tratar de analizar a continuaci\u00f3n c\u00f3mo puede desarrollarse este nuevo temporal de lluvia y viento en la Pen\u00ednsula.<\/span><\/p>\n<div style=\"clear: both; text-align: left;\"><\/div>\n<div style=\"clear: both; text-align: center;\"><\/div>\n<div style=\"clear: both; text-align: center;\"><a href=\"http:\/\/2.bp.blogspot.com\/-ElhYzrocoTA\/UPhWsMtAGEI\/AAAAAAAAFic\/VZuRmCtrzDM\/s1600\/Animaci%C3%B3n+isobaras.gif\" rel=\"external nofollow\"><img src=\"\/\/2.bp.blogspot.com\/-ElhYzrocoTA\/UPhWsMtAGEI\/AAAAAAAAFic\/VZuRmCtrzDM\/s1600\/Animaci%C3%B3n+isobaras.gif\" alt=\"\" border=\"0\" \/><\/a><\/div>\n<div style=\"text-align: left;\"><span style=\"font-family: 'Helvetica Neue', Arial, Helvetica, sans-serif;\">En la animaci\u00f3n superior puede verse la r\u00e1pida profundizaci\u00f3n de esta\u00a0perturbaci\u00f3n<\/span><span style=\"font-family: 'Helvetica Neue', Arial, Helvetica, sans-serif;\">\u00a0en su avance hacia la Pen\u00ednsula. Vemos c\u00f3mo\u00a0surge<\/span><span style=\"font-family: 'Helvetica Neue', Arial, Helvetica, sans-serif;\">\u00a0<\/span><span style=\"font-family: 'Helvetica Neue', Arial, Helvetica, sans-serif;\">de un peque\u00f1o centro de baja presi\u00f3n<\/span><span style=\"font-family: 'Helvetica Neue', Arial, Helvetica, sans-serif;\">\u00a0al noroeste de las islas Azores que, al llegar al norte de Portugal-sur de Galicia, se profundiza a\u00fan m\u00e1s.<\/span><\/div>\n<div style=\"text-align: left;\"><span style=\"font-family: 'Helvetica Neue', Arial, Helvetica, sans-serif;\"><br \/>\n<\/span><\/div>\n<div style=\"clear: both; text-align: center;\"><a href=\"http:\/\/1.bp.blogspot.com\/-tqpKs442J8A\/UPhQ50iOOOI\/AAAAAAAAFeo\/wxchGa2Lpn4\/s1600\/gfs_pi_g500_045.png\" rel=\"external nofollow\"><img loading=\"lazy\" src=\"\/\/1.bp.blogspot.com\/-tqpKs442J8A\/UPhQ50iOOOI\/AAAAAAAAFeo\/wxchGa2Lpn4\/s640\/gfs_pi_g500_045.png\" alt=\"\" width=\"640\" height=\"480\" border=\"0\" \/><\/a><\/div>\n<p><span style=\"font-family: Helvetica Neue, Arial, Helvetica, sans-serif;\">Podemos comprobar tambi\u00e9n el gradiente de presi\u00f3n (diferencia de presi\u00f3n) entre el centro de la borrasca y los alrededores de la misma. Mirad lo juntas que estar\u00e1n las isobaras, un s\u00edntoma sin duda de que el viento ser\u00e1 bastante intenso. El mapa es espectacular, pocas veces este tipo de borrascas tan profundas llegan a atravesar la Pen\u00ednsula y a llegar al Mediterr\u00e1neo, ya que suelen acercarse al noroeste o incluso cruzar Galicia, pero \u00e9sta vez parece que pasar\u00e1 algo m\u00e1s al sur. Las fuertes rachas de viento est\u00e1n aseguradas en la mayor parte de la Pen\u00ednsula.<\/span><\/p>\n<div style=\"clear: both; text-align: center;\"><\/div>\n<div style=\"clear: both; text-align: center;\"><a href=\"http:\/\/4.bp.blogspot.com\/-MESrjjrknpU\/UPhYCS5hJKI\/AAAAAAAAFjs\/Xq52pKuDzts\/s1600\/Animaci%C3%B3n+viento+a+nivel+de+superficie.gif\" rel=\"external nofollow\"><img src=\"\/\/4.bp.blogspot.com\/-MESrjjrknpU\/UPhYCS5hJKI\/AAAAAAAAFjs\/Xq52pKuDzts\/s1600\/Animaci%C3%B3n+viento+a+nivel+de+superficie.gif\" alt=\"\" border=\"0\" \/><\/a><\/div>\n<p><span style=\"font-family: Helvetica Neue, Arial, Helvetica, sans-serif;\">En esta animaci\u00f3n de la fuerza del viento a nivel de la superficie vemos el acercamiento de la borrasca, pero desde el punto de vista ventoso. Parece que lo m\u00e1s destacable en cuanto al viento, afectar\u00e1 especialmente a las costas de Portugal, Galicia, todo el sur de la Pen\u00ednsula y, durante el domingo, a la fachada mediterr\u00e1nea. En el resto las rachas de viento tambi\u00e9n ser\u00e1n fuertes, pero algo menos destacables que en las zonas anteriormente\u00a0mencionadas.<\/span><br \/>\n<span style=\"font-family: Helvetica Neue, Arial, Helvetica, sans-serif;\"><br \/>\n<\/span><\/p>\n<div style=\"clear: both; text-align: center;\"><a href=\"http:\/\/3.bp.blogspot.com\/-95O_6G2G1S4\/UPhPlknbfBI\/AAAAAAAAFec\/6AbEdLxnroM\/s1600\/gfs_pi_v10m_042.png\" rel=\"external nofollow\"><img loading=\"lazy\" src=\"\/\/3.bp.blogspot.com\/-95O_6G2G1S4\/UPhPlknbfBI\/AAAAAAAAFec\/6AbEdLxnroM\/s640\/gfs_pi_v10m_042.png\" alt=\"\" width=\"640\" height=\"480\" border=\"0\" \/><\/a><\/div>\n<p><span style=\"font-family: Helvetica Neue, Arial, Helvetica, sans-serif;\"><br \/>\n<\/span><span style=\"font-family: Helvetica Neue, Arial, Helvetica, sans-serif;\">En la imagen superior se muestra el mapa de vientos a nivel de la superficie terrestre previsto para la pr\u00f3xima jornada de s\u00e1bado a las 06h de la ma\u00f1ana, momento en el cual la borrasca, ya bastante profundizada, impactar\u00e1 en las costas occidentales de la Pen\u00ednsula y, seg\u00fan \u00e9ste mapa, con bastante fuerza. Rachas superiores a los <strong>100 km\/h<\/strong>. Durante el s\u00e1bado, en pr\u00e1cticamente toda la Pen\u00ednsula y en alg\u00fan momento de la jornada, el viento ser\u00e1 bastante intenso.<\/span><br \/>\n<span style=\"font-family: Helvetica Neue, Arial, Helvetica, sans-serif;\"><br \/>\n<\/span><\/p>\n<div style=\"clear: both; text-align: center;\"><\/div>\n<div style=\"clear: both; text-align: center;\"><a href=\"http:\/\/1.bp.blogspot.com\/-7xj6lGs9Nws\/UPhb-7Aw8bI\/AAAAAAAAFmg\/RJZHXFHyHWY\/s1600\/Captura.PNG\" rel=\"external nofollow\"><img loading=\"lazy\" src=\"\/\/1.bp.blogspot.com\/-7xj6lGs9Nws\/UPhb-7Aw8bI\/AAAAAAAAFmg\/RJZHXFHyHWY\/s640\/Captura.PNG\" alt=\"\" width=\"640\" height=\"342\" border=\"0\" \/><\/a><\/div>\n<div style=\"clear: both; text-align: center;\"><\/div>\n<div style=\"text-align: center;\"><span style=\"color: cyan; font-family: Helvetica Neue, Arial, Helvetica, sans-serif;\"><strong><><\/strong><\/span><\/div>\n<p><span style=\"font-family: Helvetica Neue, Arial, Helvetica, sans-serif;\"><br \/>\n<\/span><span style=\"font-family: Helvetica Neue, Arial, Helvetica, sans-serif;\">Cogiendo un punto de este mapa de vientos, localiz\u00e1ndolo en mi ciudad, Badajoz, observamos, en el margen izquierdo, distintos valores para diferentes\u00a0par\u00e1metros\u00a0previstos en ese punto (se\u00f1alado en el mapa) para el\u00a0s\u00e1bado\u00a0a las 09h de la ma\u00f1ana. Hacia la zona baja de las Vegas del Guadiana, se observan vientos de unos 40 km\/h, pero con rachas m\u00e1ximas de m\u00e1s de <strong>80 km\/h<\/strong>, un dato bastante importante y a tener en cuenta a la hora de establecer los avisos. Tambi\u00e9n observamos el par\u00e1metro de la presi\u00f3n en ese instante que, como vemos, es de unos <strong>986 hPa<\/strong>.<\/span><br \/>\n<span style=\"font-family: Helvetica Neue, Arial, Helvetica, sans-serif;\"><br \/>\n<\/span><\/p>\n<div style=\"clear: both; text-align: center;\"><a href=\"http:\/\/3.bp.blogspot.com\/-dmzsEUoZmLg\/UPhamzJF6gI\/AAAAAAAAFlI\/_f_KsoZHJwo\/s1600\/Animaci%C3%B3n+viento+a+850+hPa.gif\" rel=\"external nofollow\"><img src=\"\/\/3.bp.blogspot.com\/-dmzsEUoZmLg\/UPhamzJF6gI\/AAAAAAAAFlI\/_f_KsoZHJwo\/s1600\/Animaci%C3%B3n+viento+a+850+hPa.gif\" alt=\"\" border=\"0\" \/><\/a><\/div>\n<p><span style=\"font-family: Helvetica Neue, Arial, Helvetica, sans-serif;\">Por \u00faltimo en cuanto al viento, me gustar\u00eda que vierais esta animaci\u00f3n del viento a 850 hPa (a unos 1.500 metros de altura) donde\u00a0observamos\u00a0rachas de unos \u00a0\u00a1<strong>120-140 km\/h!<\/strong> a esas alturas, es decir, \u00a1en zonas medias y altas de la Pen\u00ednsula se podr\u00edan alcanzar esas rachas de viento!<\/span><br \/>\n<span style=\"font-family: Helvetica Neue, Arial, Helvetica, sans-serif;\"><br \/>\n<\/span><\/p>\n<div style=\"clear: both; text-align: center;\"><a href=\"http:\/\/1.bp.blogspot.com\/-uqpOTAQdSu4\/UPhboP9DUHI\/AAAAAAAAFlU\/w72di2wjuvc\/s1600\/Lluvias.png\" rel=\"external nofollow\"><img loading=\"lazy\" src=\"\/\/1.bp.blogspot.com\/-uqpOTAQdSu4\/UPhboP9DUHI\/AAAAAAAAFlU\/w72di2wjuvc\/s640\/Lluvias.png\" alt=\"\" width=\"640\" height=\"480\" border=\"0\" \/><\/a><\/div>\n<p><span style=\"font-family: Helvetica Neue, Arial, Helvetica, sans-serif;\">En cuanto a las precipitaciones, parece que ser\u00e1n\u00a0bastante\u00a0abundantes en gran parte del pa\u00eds, pero especialmente en \u00e1reas monta\u00f1osas del noroeste y norte, pero ser\u00e1n bastante cuantiosas en todas las zonas monta\u00f1osas del centro peninsular. El mapa superior muestra las acumulaciones de lluvia en los pr\u00f3ximos tres d\u00edas en la Pen\u00ednsula por el modelo WRF.<\/span><br \/>\n<span style=\"font-family: Helvetica Neue, Arial, Helvetica, sans-serif;\"><br \/>\n<\/span><\/p>\n<div style=\"clear: both; text-align: center;\"><a href=\"http:\/\/4.bp.blogspot.com\/-Ylxyd-3b3Os\/UPhdQZRep4I\/AAAAAAAAFn8\/8IdS9XF_eyg\/s1600\/13012100_2_1712.gif\" rel=\"external nofollow\"><img loading=\"lazy\" src=\"\/\/4.bp.blogspot.com\/-Ylxyd-3b3Os\/UPhdQZRep4I\/AAAAAAAAFn8\/8IdS9XF_eyg\/s640\/13012100_2_1712.gif\" alt=\"\" width=\"640\" height=\"468\" border=\"0\" \/><\/a><\/div>\n<p><span style=\"font-family: Helvetica Neue, Arial, Helvetica, sans-serif;\">Mapa que coincide con el modelo GFS en modo acumulaci\u00f3n de lluvias desde hoy hasta el lunes a las 00h. Cantidades m\u00e1s significativas hacia el norte y noroeste, y en la cara sur del\u00a0Sistema\u00a0Central.<\/span><br \/>\n<span style=\"font-family: Helvetica Neue, Arial, Helvetica, sans-serif;\"><br \/>\n<\/span><\/p>\n<div style=\"clear: both; text-align: center;\"><\/div>\n<div style=\"clear: both; text-align: center;\"><a href=\"http:\/\/4.bp.blogspot.com\/-U9J0595YtAs\/UPhd0KEpRnI\/AAAAAAAAFo8\/w2D73RECpZ8\/s1600\/anim_wrf_arw_d01_temp_850.gif\" rel=\"external nofollow\"><img src=\"\/\/4.bp.blogspot.com\/-U9J0595YtAs\/UPhd0KEpRnI\/AAAAAAAAFo8\/w2D73RECpZ8\/s1600\/anim_wrf_arw_d01_temp_850.gif\" alt=\"\" border=\"0\" \/><\/a><\/div>\n<p><span style=\"font-family: Helvetica Neue, Arial, Helvetica, sans-serif;\">Adem\u00e1s, coincidiendo con la llegada de esta profunda borrasca, se producir\u00e1 tambi\u00e9n la entrada de una masa de aire fr\u00edo en niveles medios de la Troposfera que se traducir\u00e1 en un descenso de las temperaturas y, por tanto, un descenso tambi\u00e9n de las cotas de nieve. As\u00ed que en zonas monta\u00f1osas las precipitaciones podr\u00e1n ser en forma de nieve y, como ser\u00e1n abundantes, tambi\u00e9n podr\u00edan serlo las nevadas, sobre todo por zonas del noroeste de la Pen\u00ednsula y de nuevo en los Pirineos.<\/span><br \/>\n<span style=\"font-family: Helvetica Neue, Arial, Helvetica, sans-serif;\"><br \/>\n<\/span><\/p>\n<div style=\"clear: both; text-align: center;\"><a href=\"http:\/\/3.bp.blogspot.com\/-hhPVuptAQLs\/UPhekQgpz9I\/AAAAAAAAFpE\/JErULHQULE8\/s1600\/Nieve.png\" rel=\"external nofollow\"><img loading=\"lazy\" src=\"\/\/3.bp.blogspot.com\/-hhPVuptAQLs\/UPhekQgpz9I\/AAAAAAAAFpE\/JErULHQULE8\/s640\/Nieve.png\" alt=\"\" width=\"640\" height=\"480\" border=\"0\" \/><\/a><\/div>\n<p><span style=\"font-family: Helvetica Neue, Arial, Helvetica, sans-serif;\">Este es el mapa de acumulaciones de nieve que nos plantea el modelo WRF, con nevadas en\u00a0pr\u00e1cticamente\u00a0todos los sistemas monta\u00f1osos de la Pen\u00ednsula, e incluso con peque\u00f1as nevadas en Las Villuercas y en los Montes de Toledo, as\u00ed como en amplias zonas del este y noreste de Castilla La Mancha, este de Andaluc\u00eda, zonas\u00a0monta\u00f1osas\u00a0de Castilla Y Le\u00f3n, Cordillera Cant\u00e1brica y, especialmente, en los Pirineos.<\/span><br \/>\n<span style=\"font-family: Helvetica Neue, Arial, Helvetica, sans-serif;\"><br \/>\n<\/span><span style=\"font-family: Helvetica Neue, Arial, Helvetica, sans-serif;\">As\u00ed que se prepara un fin de semana bastante complicado, con precipitaciones abundantes y viento fuertes en la mayor parte de la Pen\u00ednsula. Tendremos que seguir su evoluci\u00f3n en cada momento.<\/span><br \/>\n<span style=\"font-family: Helvetica Neue, Arial, Helvetica, sans-serif;\"><br \/>\n<\/span><span style=\"font-family: Helvetica Neue, Arial, Helvetica, sans-serif;\">Un saludo!<\/span><br \/>\n<span style=\"font-family: Helvetica Neue, Arial, Helvetica, sans-serif;\"><br \/>\n<\/span><span style=\"font-family: Helvetica Neue, Arial, Helvetica, sans-serif;\"><br \/>\n<\/span><\/p>\n<!-- AddThis Advanced Settings generic via filter on the_content --><!-- AddThis Share Buttons generic via filter on the_content -->","protected":false},"excerpt":{"rendered":"<p>Mapa de intensidad de viento a nivel de la superficie previsto para el s\u00e1bado 19 de enero de 2013 a las 06h. (C) Meteopt.com Despu\u00e9s de varios d\u00edas en los que hemos permanecido muy\u00a0pendientes\u00a0de c\u00f3mo evolucionaban los modelos,\u00a0observ\u00e1ndose\u00a0cambios importantes a medio\/largo plazo, finalmente los modelos han pegado cierto cambio en las \u00faltimas salidas y nos [&hellip;]<!-- AddThis Advanced Settings generic via filter on get_the_excerpt --><!-- AddThis Share Buttons generic via filter on get_the_excerpt --><\/p>\n","protected":false},"author":3,"featured_media":0,"comment_status":"open","ping_status":"closed","sticky":false,"template":"","format":"standard","meta":[],"categories":[3],"tags":[],"_links":{"self":[{"href":"https:\/\/blogs.hoy.es\/meteobadajoz\/wp-json\/wp\/v2\/posts\/5"}],"collection":[{"href":"https:\/\/blogs.hoy.es\/meteobadajoz\/wp-json\/wp\/v2\/posts"}],"about":[{"href":"https:\/\/blogs.hoy.es\/meteobadajoz\/wp-json\/wp\/v2\/types\/post"}],"author":[{"embeddable":true,"href":"https:\/\/blogs.hoy.es\/meteobadajoz\/wp-json\/wp\/v2\/users\/3"}],"replies":[{"embeddable":true,"href":"https:\/\/blogs.hoy.es\/meteobadajoz\/wp-json\/wp\/v2\/comments?post=5"}],"version-history":[{"count":0,"href":"https:\/\/blogs.hoy.es\/meteobadajoz\/wp-json\/wp\/v2\/posts\/5\/revisions"}],"wp:attachment":[{"href":"https:\/\/blogs.hoy.es\/meteobadajoz\/wp-json\/wp\/v2\/media?parent=5"}],"wp:term":[{"taxonomy":"category","embeddable":true,"href":"https:\/\/blogs.hoy.es\/meteobadajoz\/wp-json\/wp\/v2\/categories?post=5"},{"taxonomy":"post_tag","embeddable":true,"href":"https:\/\/blogs.hoy.es\/meteobadajoz\/wp-json\/wp\/v2\/tags?post=5"}],"curies":[{"name":"wp","href":"https:\/\/api.w.org\/{rel}","templated":true}]}}