{"id":501,"date":"2013-09-04T10:28:27","date_gmt":"2013-09-04T08:28:27","guid":{"rendered":"http:\/\/blogs.hoy.es\/meteobadajoz\/?p=501"},"modified":"2013-09-04T10:28:27","modified_gmt":"2013-09-04T08:28:27","slug":"regresa-la-inestabilidad-durante-los-proximos-dias","status":"publish","type":"post","link":"https:\/\/blogs.hoy.es\/meteobadajoz\/2013\/09\/04\/regresa-la-inestabilidad-durante-los-proximos-dias\/","title":{"rendered":"Regresa la inestabilidad durante los pr\u00f3ximos d\u00edas"},"content":{"rendered":"<p align=\"LEFT\"><span style=\"font-size: x-large;\"><span style=\"color: #000000;\"><span style=\"font-family: 'Segoe UI';\"><strong>\u00bb\u00a0<\/strong><\/span><\/span><span style=\"color: #000000;\"><span style=\"font-family: 'Segoe UI', sans-serif;\">Vuelve el riesgo alto de chubascos y tormentas en algunas zonas de Extremadura, inicialmente durante la madrugada del jueves hacia el Oeste y Norte de la regi\u00f3n y, posteriormente, en el resto durante los pr\u00f3ximos d\u00edas.<\/span><\/span><\/span><\/p>\n<p style=\"text-align: center;\" align=\"CENTER\"><span style=\"font-size: small;\"><strong><span style=\"color: #000000;\"><span style=\"font-family: Arial, Helvetica, sans-serif;\"><img loading=\"lazy\" class=\"aligncenter\" src=\"\/\/nsae01.casimages.net\/img\/2013\/09\/03\/130903113524240291.png\" alt=\"\" width=\"602\" height=\"382\" \/>Agrupaci\u00f3n de nubes tormentosas (del tipo C\u00famulus Congestus y Cumulonimbus) hacia el Centro de la provincia de Badajoz el pasado 28 de Agosto de 2013.<\/span><\/span><\/strong><\/span><\/p>\n<p align=\"LEFT\"><span style=\"font-size: small;\"><span style=\"color: #000000;\"><span style=\"font-family: Arial, Helvetica, sans-serif;\"><strong>Mi\u00e9rcoles 4 de Septiembre 2013.<\/strong><\/span><\/span><span style=\"color: #000000;\"><span style=\"font-family: Arial, Helvetica, sans-serif;\"> Tras el \u00faltimo episodio de tormentas en el Oeste peninsular (que nos dej\u00f3 <a href=\"http:\/\/www.hoy.es\/multimedia\/fotos\/regional\/20130829\/fotografias-tormentas-3061115456188-mm.html\" target=\"_blank\" rel=\"external nofollow\">im\u00e1genes espectaculares de las descargas el\u00e9ctricas<\/a> de esas tormentas), apenas ha transcurrido una semana y la situaci\u00f3n parece que podr\u00eda volver a complicarse, debido a la formaci\u00f3n de probables chubascos a partir de esta pr\u00f3xima madrugada, y que durante los pr\u00f3ximos d\u00edas podr\u00edan ser localmente intensos y acompa\u00f1ados de tormentas.<!--more--><\/span><\/span><\/span><\/p>\n<p align=\"LEFT\"><span style=\"font-size: small;\"><span style=\"color: #000000;\"><span style=\"font-family: Arial, Helvetica, sans-serif;\">La inestabilidad podr\u00eda regresar en las pr\u00f3ximas horas, en unas jornadas en las que podr\u00edamos volver a ver la formaci\u00f3n de nubes tormentosas como las mostradas en la fotograf\u00eda que encabeza este post, de la situaci\u00f3n que nos afect\u00f3 la pasada semana. Adem\u00e1s, el ambiente inestable se mantendr\u00e1 con nosotros durante varios d\u00edas, con riesgo de chubascos y con un descenso acusado y progresivo de las temperaturas.<\/span><\/span><\/span><\/p>\n<p style=\"text-align: center;\" align=\"CENTER\"><span style=\"font-size: small;\"><strong><span style=\"color: #000000;\"><span style=\"font-family: Arial, Helvetica, sans-serif;\"><img loading=\"lazy\" class=\"aligncenter\" src=\"\/\/nsae01.casimages.net\/img\/2013\/09\/04\/13090412272211661.gif\" alt=\"\" width=\"564\" height=\"480\" \/>Evoluci\u00f3n de las temperaturas a 500 hPa (5.500 metros de altitud) para las pr\u00f3ximas horas \u2013 Modelo WRF<\/span><\/span><\/strong><\/span><\/p>\n<p align=\"LEFT\"><span style=\"font-size: small;\"><span style=\"color: #000000;\"><span style=\"font-family: Arial, Helvetica, sans-serif;\">Una vez m\u00e1s tenemos que irnos a las capas medias y altas de la Troposfera para poder observar de d\u00f3nde vienen los cambios, ya que en superficie no tendremos ninguna borrasca como tal. De \u00e9sta forma descubrimos que, desde el entorno de Groenlandia, se va a descolgar una importante masa de aire fr\u00edo en altura, que con el paso de las horas ir\u00e1 a parar hacia el Noroeste de la Pen\u00ednsula Ib\u00e9rica. Asociada a ella, tambi\u00e9n podemos observar peque\u00f1os embolsamientos de aire fr\u00edo secundarios que circulan alrededor de la \u201cborrasca madre\u201d, y que muchas veces son las causantes de la reactivaci\u00f3n de tormentas en zonas, digamos, poco esperadas. En la animaci\u00f3n superior se ha facilitado la observaci\u00f3n de dichos elementos, asociando a \u00e9stos una numeraci\u00f3n:<\/span><\/span><\/span><\/p>\n<p align=\"LEFT\"><span style=\"font-size: small;\"><strong><span style=\"color: #000000;\"><span style=\"font-family: Arial, Helvetica, sans-serif;\">-&#8220;B&#8221; indica la gran masa de aire fr\u00edo que desciende desde Groenlandia.<\/span><\/span><\/strong><\/span><\/p>\n<p align=\"LEFT\"><span style=\"font-size: small;\"><strong><span style=\"color: #000000;\"><span style=\"font-family: Arial, Helvetica, sans-serif;\">-&#8220;1, 2, 3 y 4&#8221; indican las masas de aire fr\u00edo secundarias.<\/span><\/span><\/strong><\/span><\/p>\n<p align=\"LEFT\"><span style=\"font-size: small;\"><span style=\"color: #000000;\"><span style=\"font-family: Arial, Helvetica, sans-serif;\"><img loading=\"lazy\" class=\"alignleft\" src=\"\/\/nsae01.casimages.net\/img\/2013\/09\/03\/13090311524996578.png\" alt=\"\" width=\"315\" height=\"169\" \/>Las \u00faltimas actualizaciones de los modelos llevan al primer embolsamiento de aire fr\u00edo (&#8220;1&#8221; en la animaci\u00f3n superior) desde las Azores hasta acceder por el Oeste peninsular, y as\u00ed ha sido calculado por el modelo americano GFS, como puede verse en las m\u00faltiples trayectorias de dicho embolsamiento, en el mapa de la izquierda.<\/span><\/span><\/span><\/p>\n<p align=\"LEFT\"><span style=\"font-size: small;\"><span style=\"color: #000000;\"><span style=\"font-family: Arial, Helvetica, sans-serif;\">Esa peque\u00f1a bolsa de aire fr\u00edo es atra\u00edda por la que desciende hacia el Noroeste peninsular, y se fusionan.<\/span><\/span><\/span><\/p>\n<p align=\"LEFT\"><span style=\"font-size: small;\"><span style=\"color: #000000;\"><span style=\"font-family: Arial, Helvetica, sans-serif;\">En principio, los modelos intuyen ya cierta inestabilidad durante las \u00faltimas horas de hoy, mi\u00e9rcoles, con la aparici\u00f3n de posibles chubascos hacia las sierras del Oeste de la regi\u00f3n, e interior de Portugal, debido al acercamiento de la primera masa de aire fr\u00edo (n\u00famero 1 en la animaci\u00f3n superior). Y ser\u00e1 sobre todo durante la madrugada del mi\u00e9rcoles-jueves cuando esos chubascos\/tormentas vayan desplaz\u00e1ndose hacia el Norte (siguiendo la trayectoria del embolsamiento de aire fr\u00edo), afectando en la primera mitad de la noche a las comarcas m\u00e1s occidentales y, posteriormente, desplaz\u00e1ndose hacia zonas del Norte de Extremadura.<\/span><\/span><\/span><\/p>\n<p align=\"LEFT\"><span style=\"font-size: small;\"><span style=\"color: #000000;\"><span style=\"font-family: Arial, Helvetica, sans-serif;\">Esos chubascos ser\u00e1n m\u00e1s probables cuanto m\u00e1s al Oeste y Norte estemos, de forma que <strong>l<\/strong><\/span><\/span><strong><span style=\"color: #000000;\"><span style=\"font-family: Arial, Helvetica, sans-serif;\">as comarcas m\u00e1s occidentales de la provincia de C\u00e1ceres podr\u00edan ser las m\u00e1s afectadas<\/span><\/span><\/strong><span style=\"color: #000000;\"><span style=\"font-family: Arial, Helvetica, sans-serif;\"><strong> durante la noche y las primeras horas de la ma\u00f1ana del jueves<\/strong>. As\u00ed que aquellos que sean aficionados a la fotograf\u00eda meteorol\u00f3gica, que vayan preparando sus c\u00e1maras, porque la pr\u00f3xima noche podr\u00eda traernos algunos de esos momentos espectaculares que nos ofrece la meteorolog\u00eda en contadas ocasiones.<\/span><\/span><\/span><\/p>\n<p align=\"LEFT\"><span style=\"font-size: small;\"><span style=\"color: #000000;\"><span style=\"font-family: Arial, Helvetica, sans-serif;\">En cuanto al tiempo para el d\u00eda de Extremadura, como avance, la tendencia para los pr\u00f3ximos d\u00edas ser\u00e1 <strong>cada vez m\u00e1s inestable<\/strong>, con mayor presencia de nubosidad, y la formaci\u00f3n de chubascos y posibles tormentas durante la tarde, localmente intensas, principalmente en \u00e1reas monta\u00f1osas, y con la entrada de algunas bandas nubosas desde Portugal que podr\u00edan aportar precipitaciones algo m\u00e1s continuas, y no tan intermitentes como con los chubascos. Aunque no estar\u00e1 todos los d\u00edas lloviendo a todas horas, a\u00fan deben de pasar unos d\u00edas hasta el fin de semana, y habr\u00e1 que afinar un poquito m\u00e1s ese pron\u00f3stico tan importante para muchos interesados.<\/span><\/span><\/span><\/p>\n<p align=\"LEFT\"><span style=\"font-size: small;\"><span style=\"color: #000000;\"><span style=\"font-family: Arial, Helvetica, sans-serif;\">Esta nueva situaci\u00f3n de tormentas ser\u00e1 seguida detalladamente en la <strong><a href=\"https:\/\/www.facebook.com\/MeteoBadajoz\" target=\"_blank\" rel=\"external nofollow\">p\u00e1gina de Facebook que este blog<\/a><\/strong>, y en el <strong><a href=\"https:\/\/twitter.com\/MeteoBadajoz\" target=\"_blank\" rel=\"external nofollow\">perfil de Twitter<\/a><\/strong>.<\/span><\/span><\/span><\/p>\n<p align=\"CENTER\"><span style=\"font-size: small;\"><strong><span style=\"color: #000000;\"><span style=\"font-family: Arial, Helvetica, sans-serif;\"><span style=\"text-decoration: underline;\"><strong>Si el art\u00edculo te ha parecido interesante, puedes ayudar a divulgarlo a trav\u00e9s de las redes sociales, con ayuda de los botones para compartir.<\/strong><\/span><\/span><\/span><\/strong><\/span><\/p>\n<p align=\"CENTER\"><span style=\"font-size: small;\"><strong><span style=\"color: #000000;\"><span style=\"font-family: Arial, Helvetica, sans-serif;\">\u00a1\u00a1Gracias!!<\/span><\/span><\/strong><\/span><\/p>\n<!-- AddThis Advanced Settings generic via filter on the_content --><!-- AddThis Share Buttons generic via filter on the_content -->","protected":false},"excerpt":{"rendered":"<p>\u00bb\u00a0Vuelve el riesgo alto de chubascos y tormentas en algunas zonas de Extremadura, inicialmente durante la madrugada del jueves hacia el Oeste y Norte de la regi\u00f3n y, posteriormente, en el resto durante los pr\u00f3ximos d\u00edas. Agrupaci\u00f3n de nubes tormentosas (del tipo C\u00famulus Congestus y Cumulonimbus) hacia el Centro de la provincia de Badajoz el [&hellip;]<!-- AddThis Advanced Settings generic via filter on get_the_excerpt --><!-- AddThis Share Buttons generic via filter on get_the_excerpt --><\/p>\n","protected":false},"author":75,"featured_media":0,"comment_status":"open","ping_status":"closed","sticky":false,"template":"","format":"standard","meta":[],"categories":[4,5],"tags":[6,12,33,44,83,90,91,102,133,147,150],"_links":{"self":[{"href":"https:\/\/blogs.hoy.es\/meteobadajoz\/wp-json\/wp\/v2\/posts\/501"}],"collection":[{"href":"https:\/\/blogs.hoy.es\/meteobadajoz\/wp-json\/wp\/v2\/posts"}],"about":[{"href":"https:\/\/blogs.hoy.es\/meteobadajoz\/wp-json\/wp\/v2\/types\/post"}],"author":[{"embeddable":true,"href":"https:\/\/blogs.hoy.es\/meteobadajoz\/wp-json\/wp\/v2\/users\/75"}],"replies":[{"embeddable":true,"href":"https:\/\/blogs.hoy.es\/meteobadajoz\/wp-json\/wp\/v2\/comments?post=501"}],"version-history":[{"count":0,"href":"https:\/\/blogs.hoy.es\/meteobadajoz\/wp-json\/wp\/v2\/posts\/501\/revisions"}],"wp:attachment":[{"href":"https:\/\/blogs.hoy.es\/meteobadajoz\/wp-json\/wp\/v2\/media?parent=501"}],"wp:term":[{"taxonomy":"category","embeddable":true,"href":"https:\/\/blogs.hoy.es\/meteobadajoz\/wp-json\/wp\/v2\/categories?post=501"},{"taxonomy":"post_tag","embeddable":true,"href":"https:\/\/blogs.hoy.es\/meteobadajoz\/wp-json\/wp\/v2\/tags?post=501"}],"curies":[{"name":"wp","href":"https:\/\/api.w.org\/{rel}","templated":true}]}}