{"id":509,"date":"2013-09-26T12:21:12","date_gmt":"2013-09-26T10:21:12","guid":{"rendered":"http:\/\/blogs.hoy.es\/meteobadajoz\/?p=509"},"modified":"2013-09-26T12:21:12","modified_gmt":"2013-09-26T10:21:12","slug":"llega-la-primera-borrasca-atlantica-de-la-temporada","status":"publish","type":"post","link":"https:\/\/blogs.hoy.es\/meteobadajoz\/2013\/09\/26\/llega-la-primera-borrasca-atlantica-de-la-temporada\/","title":{"rendered":"Llega la primera borrasca atl\u00e1ntica de la temporada"},"content":{"rendered":"<p align=\"LEFT\"><span style=\"font-size: x-large;\"><span style=\"color: #000000;\"><span style=\"font-family: 'Segoe UI';\"><strong>\u00bb<\/strong><\/span><\/span><span style=\"color: #000000;\"><span style=\"font-family: 'Segoe UI', sans-serif;\"> La lluvia volver\u00e1 a partir de este viernes a gran parte de la Pen\u00ednsula, comenzando por el Oeste, y extendi\u00e9ndose al resto del pa\u00eds. Y todo acompa\u00f1ado de un descenso acusado de las temperaturas.<\/span><\/span><\/span><\/p>\n<p style=\"text-align: center;\" align=\"CENTER\"><span style=\"font-size: small;\"><strong><span style=\"color: #000000;\"><span style=\"font-family: Arial, Helvetica, sans-serif;\"><img loading=\"lazy\" class=\"aligncenter\" src=\"\/\/nsae01.casimages.net\/img\/2013\/09\/26\/130926122116731417.gif\" alt=\"\" width=\"664\" height=\"378\" \/>Animaci\u00f3n de im\u00e1genes infrarrojas del sat\u00e9lite Meteosat, en la ma\u00f1ana del jueves 26 de Sep. 2013.<\/span><\/span><\/strong><\/span><\/p>\n<p align=\"LEFT\"><span style=\"font-size: small;\"><span style=\"color: #000000;\"><span style=\"font-family: Arial, Helvetica, sans-serif;\"><strong>Jueves 26 de Septiembre 2013.<\/strong><\/span><\/span><span style=\"color: #000000;\"><span style=\"font-family: Arial, Helvetica, sans-serif;\"> Si durante estos \u00faltimos d\u00edas habl\u00e1bamos de c\u00f3mo podr\u00eda ser el Oto\u00f1o 2013, tan s\u00f3lo 4 d\u00edas despu\u00e9s del comienzo de la nueva estaci\u00f3n, ya <strong>tenemos un importante cambio de tiempo a la vista<\/strong>, que llegar\u00e1 de cara a la jornada del viernes por todo el Oeste peninsular, dej\u00e1ndonos precipitaciones generosas y generalizadas, algunas rachas de viento moderadas, y un descenso destacable de las temperaturas. \u00a1Mucho que contar en los siguientes p\u00e1rrafos!<!--more--><\/span><\/span><\/span><\/p>\n<p align=\"LEFT\"><span style=\"font-size: small;\"><span style=\"color: #000000;\"><span style=\"font-family: Arial, Helvetica, sans-serif;\">En la imagen superior observamos el giro cicl\u00f3nico de la nubosidad en aguas del Atl\u00e1ntico Norte, que corresponde con un centro de bajas presiones situado actualmente entre el Noreste de las Azores, y el Noroeste de la Pen\u00ednsula Ib\u00e9rica. Es esa borrasca la que durante los pr\u00f3ximos d\u00edas va a complicar, y mucho, el tiempo en gran parte de nuestro pa\u00eds, y durante varios d\u00edas. <\/span><\/span><\/span><\/p>\n<p align=\"LEFT\"><span style=\"font-size: small;\"><span style=\"color: #000000;\"><span style=\"font-family: Arial, Helvetica, sans-serif;\">Todo comenzar\u00e1 de la mano de un primer frente fr\u00edo (el que vemos en la animaci\u00f3n, form\u00e1ndose frente a las costas de Portugal), que nos cruzar\u00e1 durante la jornada del viernes, y ser\u00e1 \u00e9ste el que abra la puerta a la llegada de varias bandas de nubosidad y precipitaciones que llegar\u00e1n a lo largo del fin de semana desde el Atl\u00e1ntico.<\/span><\/span><\/span><\/p>\n<p align=\"LEFT\"><span style=\"font-size: small;\"><span style=\"color: #000000;\"><span style=\"font-family: Arial, Helvetica, sans-serif;\">Todo parece indicar que, a lo largo de esta segunda mitad de la semana, esa borrasca Atl\u00e1ntica se ir\u00e1 poco a poco acercando hacia la Pen\u00ednsula desde el Oeste, tray\u00e9ndonos<strong> cada vez m\u00e1s nubes, y m\u00e1s riesgo de precipitaciones<\/strong>. Pero no ser\u00e1 hasta la jornada del viernes, cuando el frente fr\u00edo principal asociado a esta borrasca, penetrar\u00e1 por todo el Oeste peninsular, repartiendo precipitaciones generalizadas y abundantes, sobre todo y especialmente en \u00e1reas del Suroeste peninsular.<\/span><\/span><\/span><\/p>\n<p align=\"LEFT\"><span style=\"font-size: small;\"><span style=\"color: #000000;\"><span style=\"font-family: Arial, Helvetica, sans-serif;\">Cabe destacar que, una vez m\u00e1s, somos testigos de las conexiones que se establecen entre diferentes centros de acci\u00f3n (anticiclones y borrascas), con los flujos de humedad que ascienden en latitud, desde zonas tropicales hacia zonas templadas, como es el caso de la Pen\u00ednsula Ib\u00e9rica. Y es por lo siguiente&#8230;<\/span><\/span><\/span><\/p>\n<p align=\"CENTER\"><span style=\"font-size: small;\"><strong><span style=\"color: #000000;\"><span style=\"font-family: Arial, Helvetica, sans-serif;\"><img loading=\"lazy\" class=\"aligncenter\" src=\"\/\/nsae01.casimages.net\/img\/2013\/09\/25\/130925092212329229.gif\" alt=\"\" width=\"632\" height=\"480\" \/>Evoluci\u00f3n del agua precipitable para los pr\u00f3ximos d\u00edas en el Atl\u00e1ntico y Europa.<\/span><\/span><\/strong><\/span><\/p>\n<p align=\"LEFT\"><span style=\"font-size: small;\"><span style=\"color: #000000;\"><span style=\"font-family: Arial, Helvetica, sans-serif;\">En la figura superior observamos la evoluci\u00f3n de un par\u00e1metro conocido con el nombre de <\/span><\/span><em><span style=\"color: #000000;\"><span style=\"font-family: Arial, Helvetica, sans-serif;\">Agua Precipitable<\/span><\/span><\/em><span style=\"color: #000000;\"><span style=\"font-family: Arial, Helvetica, sans-serif;\">. De forma t\u00e9cnica (ya se ha comentado en alguna ocasi\u00f3n), lo que este par\u00e1metro nos indica es la cantidad total de agua l\u00edquida que se producir\u00eda, si todo el vapor de agua contenida en una columna de aire pudiera ser \u201cexprimido\u201d, dejando el aire completamente seco.<\/span><\/span><\/span><\/p>\n<p align=\"LEFT\"><span style=\"font-size: small;\"><span style=\"color: #000000;\"><span style=\"font-family: Arial, Helvetica, sans-serif;\">Es un buen indicador de la cantidad de agua que pueden dejar estas masas de aire tan h\u00famedas bajo condiciones de precipitaci\u00f3n. Es decir, que lo que nos indica es <\/span><\/span><strong><span style=\"color: #000000;\"><span style=\"font-family: Arial, Helvetica, sans-serif;\">si las lluvias pueden ser o no abundantes<\/span><\/span><\/strong><span style=\"color: #000000;\"><span style=\"font-family: Arial, Helvetica, sans-serif;\">. Valores de m\u00e1s de 35-40 en el mapa superior, ya indican que las masas de aire contienen mucha humedad, y que por tanto las lluvias pueden ser generosas y abundantes. Pero en el caso que nos ocupa, hablamos de <strong>valores de entre 45-50<\/strong> para comienzos de la pr\u00f3xima semana, as\u00ed que habr\u00e1 que estar muy atentos a las precipitaciones de los pr\u00f3ximos d\u00edas.<\/span><\/span><\/span><\/p>\n<p align=\"LEFT\"><span style=\"font-size: small;\"><span style=\"color: #000000;\"><span style=\"font-family: Arial, Helvetica, sans-serif;\">Y como bien demuestra la animaci\u00f3n superior, el frente de este viernes capta parte de esas masas de aire muy h\u00famedas, pero es m\u00e1s importante lo que nos llegar\u00eda para comienzos de la pr\u00f3xima semana, el lunes, con la entrada de otro frente por el Oeste, y la formaci\u00f3n de ese <strong>r\u00edo de humedad que atraviesa el Atl\u00e1ntico<\/strong> hasta alcanzar la Pen\u00ednsula, por lo que cabr\u00eda esperar lluvias generosas, nuevamente en muchas zonas de la mitad Oeste peninsular.<\/span><\/span><\/span><\/p>\n<p align=\"LEFT\"><span style=\"font-size: small;\"><span style=\"color: #000000;\"><span style=\"font-family: Arial, Helvetica, sans-serif;\">Otra cosa a destacar es que la situaci\u00f3n vendr\u00e1 dominada por vientos del Sur (delante del frente) y vientos del Oeste-Suroeste (tras el frente). Como ya sabemos, en Espa\u00f1a tenemos un viento conocido como <em>\u00c1brego<\/em>, el cual sopla de componente Suroeste, es templado y muy h\u00famedo, y es <strong>portador de precipitaciones abundantes a toda la fachada Atl\u00e1ntica<\/strong> de la Pen\u00ednsula.<\/span><\/span><\/span><\/p>\n<p style=\"text-align: center;\" align=\"LEFT\"><span style=\"font-size: small;\"><span style=\"color: #000000;\"><span style=\"font-family: Arial, Helvetica, sans-serif;\"><img loading=\"lazy\" class=\"aligncenter\" src=\"\/\/nsae01.casimages.net\/img\/2013\/09\/26\/130926020157202886.png\" alt=\"\" width=\"669\" height=\"362\" \/><strong>Efecto del \u00c1brego en la cara Sur del Sistema Central (el caso de la Sierra de Gredos) &#8211; Ilustraci\u00f3n por MeteoBadajoz.<\/strong><\/span><\/span><\/span><\/p>\n<p align=\"LEFT\"><span style=\"font-size: small;\"><span style=\"color: #000000;\"><span style=\"font-family: Arial, Helvetica, sans-serif;\">El efecto de este viento en zonas monta\u00f1osas al paso de precipitaciones, es de <\/span><\/span><strong><span style=\"color: #000000;\"><span style=\"font-family: Arial, Helvetica, sans-serif;\">retenci\u00f3n y realce de la precipitaci\u00f3n<\/span><\/span><\/strong><span style=\"color: #000000;\"><span style=\"font-family: Arial, Helvetica, sans-serif;\">. Es decir, al paso de un frente por el Oeste peninsular, mientras en zonas llanas acumulamos cantidades de lluvia de unos 15-20 mm, en zonas monta\u00f1osas bien orientadas (como la cara Sur del Sistema Central), <strong>la precipitaci\u00f3n queda retenida<\/strong> en la cara Sur (retenci\u00f3n), y las cantidades de lluvia recogidas pueden llegar a ser <strong>el doble o triple que en zonas llanas<\/strong> (realce).<\/span><\/span><\/span><\/p>\n<p align=\"LEFT\"><span style=\"font-size: small;\"><span style=\"color: #000000;\"><span style=\"font-family: Arial, Helvetica, sans-serif;\">Es frecuente que en situaciones como la de este fin de semana, en zonas como Gredos, el episodio de lluvias acabe con cantidades totales de precipitaci\u00f3n, de m\u00e1s de 75-90 mm, e incluso m\u00e1s&#8230; Y ese efecto es producido por el viento \u00c1brego, del Suroeste.<\/span><\/span><\/span><\/p>\n<p style=\"text-align: center;\" align=\"LEFT\"><span style=\"font-size: small;\"><span style=\"color: #000000;\"><span style=\"font-family: Arial, Helvetica, sans-serif;\"><img loading=\"lazy\" class=\"aligncenter\" src=\"\/\/nsae01.casimages.net\/img\/2013\/09\/26\/130926123639507592.png\" alt=\"\" width=\"630\" height=\"370\" \/><strong>Distribuci\u00f3n de las precipitaciones previstas por el modelo HIRLAM de AEMET, para el viernes 27 de Sep. por la tarde.<\/strong><\/span><\/span><\/span><\/p>\n<p align=\"LEFT\"><span style=\"font-size: small;\"><span style=\"color: #000000;\"><span style=\"font-family: Arial, Helvetica, sans-serif;\">El viernes, la situaci\u00f3n vendr\u00e1 dada por el paso de ese primer frente fr\u00edo desde primeras horas de la ma\u00f1ana, con un aumento r\u00e1pido de la nubosidad de Oeste a Este, y la llegada de las precipitaciones. Ser\u00e1 una jornada de cielos cubiertos y precipitaciones d\u00e9biles-moderadas y continuas, es decir, estar\u00e1 lloviendo durante bastante tiempo.<\/span><\/span><\/span><\/p>\n<p align=\"LEFT\"><span style=\"font-size: small;\"><span style=\"color: #000000;\"><span style=\"font-family: Arial, Helvetica, sans-serif;\">Existe una alta posibilidad de que el frente tenga cierto <strong>car\u00e1cter convectivo<\/strong>, es decir, el frente <strong>podr\u00eda desarrollar algunas tormentas<\/strong>, o bien por delante del frente, o bien dentro del propio frente, por lo que podr\u00edan producirse precipitaciones no s\u00f3lo ligadas al paso del frente (lluvias frontales), sino tambi\u00e9n chubascos que, por momentos, podr\u00edan ser intensos e ir acompa\u00f1ados de alguna tormenta. Pero \u00e9sto \u00faltimo no se sabr\u00e1 hasta que el frente no est\u00e9 a las puertas de entrar en la Pen\u00ednsula, el viernes a primeras horas.<\/span><\/span><\/span><\/p>\n<p style=\"text-align: center;\" align=\"LEFT\"><strong><span style=\"font-size: small;\"><span style=\"color: #000000;\"><span style=\"font-family: Arial, Helvetica, sans-serif;\"><img loading=\"lazy\" class=\"aligncenter\" src=\"\/\/nsae01.casimages.net\/img\/2013\/09\/26\/130926115249167440.png\" alt=\"\" width=\"546\" height=\"397\" \/>Avisos de AEMET por lluvias para este viernes 27 de Sep. 2013.<\/span><\/span><\/span><\/strong><\/p>\n<p style=\"text-align: center;\" align=\"LEFT\"><img loading=\"lazy\" class=\"aligncenter\" src=\"\/\/nsae01.casimages.net\/img\/2013\/09\/26\/130926115737437651.png\" alt=\"\" width=\"640\" height=\"196\" \/><\/p>\n<p style=\"text-align: center;\" align=\"LEFT\"><img loading=\"lazy\" class=\"aligncenter\" src=\"\/\/nsae01.casimages.net\/img\/2013\/09\/26\/130926115829965606.png\" alt=\"\" width=\"640\" height=\"195\" \/><\/p>\n<p align=\"LEFT\"><span style=\"font-size: small;\"><span style=\"color: #000000;\"><span style=\"font-family: Arial, Helvetica, sans-serif;\">De momento, la AEMET ya ha <strong>activado el aviso amarillo por lluvias en las comarcas del Norte y Sur de la regi\u00f3n<\/strong>, por cantidades de <strong>15 mm en 1h<\/strong>, y<strong> 40 mm en 12h<\/strong>, lo que nos da una idea de que ser\u00e1 destacable, tanto la intensidad de las precipitaciones, como la persistencia de las mismas. Seguramente esos avisos acabar\u00e1n extendi\u00e9ndose a m\u00e1s zonas de la regi\u00f3n.<\/span><\/span><\/span><\/p>\n<p align=\"LEFT\"><span style=\"font-size: small;\"><span style=\"color: #000000;\"><span style=\"font-family: Arial, Helvetica, sans-serif;\">Durante el fin de semana, y tras el paso del frente fr\u00edo del viernes, seguiremos bajo los efectos de la borrasca, <strong>con sucesivas bandas nubosas cargadas de precipitaciones entrando por el Oeste<\/strong>, por Portugal. Tras el frente, se colar\u00e1 toda la parte postfrontal, asociada a la masa de aire fr\u00edo y, por tanto, con riesgo alto de chubascos y\/o tormentas en muchas zonas.<\/span><\/span><\/span><\/p>\n<p align=\"LEFT\"><span style=\"font-size: small;\"><span style=\"color: #000000;\"><span style=\"font-family: Arial, Helvetica, sans-serif;\">En cuanto a las temperaturas, las m\u00ednimas no van a experimentar grandes cambios, debido a la cobertura nubosa durante la noche, y por la llegada de esas masas de aire templadas y muy h\u00famedas desde el Oeste y Suroeste. En cambio, <strong>las m\u00e1ximas s\u00ed bajar\u00e1n en gran parte del pa\u00eds<\/strong>, qued\u00e1ndonos por debajo de los 25\u00baC durante el fin de semana, a diferencia de los m\u00e1s de 30\u00baC de los \u00faltimos d\u00edas.<\/span><\/span><\/span><\/p>\n<p align=\"LEFT\"><span style=\"font-size: small;\"><span style=\"color: #000000;\"><span style=\"font-family: Arial, Helvetica, sans-serif;\">El viento podr\u00eda soplar con <strong>rachas moderadas e incluso fuertes<\/strong> en zonas medias y altas de la mitad Oeste peninsular. En zonas llana las rachas de viento podr\u00edan alcanzar los 45-50 km\/h. As\u00ed que nos esperan tambi\u00e9n <strong>jornadas con bastante viento<\/strong> debido a paso de esta nueva borrasca.<\/span><\/span><\/span><\/p>\n<p align=\"LEFT\"><span style=\"font-size: small;\"><span style=\"color: #000000;\"><span style=\"font-family: Arial, Helvetica, sans-serif;\">Y <strong>m\u00e1s precipitaciones para los siguientes d\u00edas<\/strong>, aunque l\u00f3gicamente con mayor incertidumbre. Parece que comenzaremos la pr\u00f3xima semana, de nuevo, bajo los efectos de esa regi\u00f3n de bajas presiones instalada en el Atl\u00e1ntico, que todav\u00eda nos dejar\u00e1 una situaci\u00f3n muy inestable, con riesgo alto de chubascos y ambiente fresco. Este episodio de lluvias <strong>no acabar\u00e1 por lo menos hasta mediados de la pr\u00f3xima semana<\/strong>.<\/span><\/span><\/span><\/p>\n<p style=\"text-align: center;\" align=\"LEFT\"><strong><span style=\"font-size: small;\"><span style=\"color: #000000;\"><span style=\"font-family: Arial, Helvetica, sans-serif;\">La situaci\u00f3n, como siempre, ser\u00e1 seguida lo m\u00e1s detalladamente posible tanto en la <span style=\"color: #ff0000;\"><a href=\"https:\/\/www.facebook.com\/MeteoBadajoz\" target=\"_blank\" rel=\"external nofollow\"><span style=\"color: #ff0000;\">p\u00e1gina de Facebook<\/span><\/a><\/span>, como en el <span style=\"color: #ff0000;\"><a href=\"https:\/\/twitter.com\/MeteoBadajoz\" target=\"_blank\" rel=\"external nofollow\"><span style=\"color: #ff0000;\">perfil de Twitter<\/span><\/a><\/span>.<\/span><\/span><\/span><\/strong><\/p>\n<p align=\"CENTER\"><span style=\"font-size: small;\"><strong><span style=\"color: #000000;\"><span style=\"font-family: Arial, Helvetica, sans-serif;\"><span style=\"text-decoration: underline;\"><strong>Si el art\u00edculo te ha parecido interesante, puedes ayudar a divulgarlo a trav\u00e9s de las redes sociales, con ayuda de los botones para compartir.<\/strong><\/span><\/span><\/span><\/strong><\/span><\/p>\n<p align=\"CENTER\"><span style=\"font-size: small;\"><strong><span style=\"color: #000000;\"><span style=\"font-family: Arial, Helvetica, sans-serif;\">\u00a1\u00a1Gracias!!<\/span><\/span><\/strong><\/span><\/p>\n<!-- AddThis Advanced Settings generic via filter on the_content --><!-- AddThis Share Buttons generic via filter on the_content -->","protected":false},"excerpt":{"rendered":"<p>\u00bb La lluvia volver\u00e1 a partir de este viernes a gran parte de la Pen\u00ednsula, comenzando por el Oeste, y extendi\u00e9ndose al resto del pa\u00eds. Y todo acompa\u00f1ado de un descenso acusado de las temperaturas. Animaci\u00f3n de im\u00e1genes infrarrojas del sat\u00e9lite Meteosat, en la ma\u00f1ana del jueves 26 de Sep. 2013. Jueves 26 de Septiembre [&hellip;]<!-- AddThis Advanced Settings generic via filter on get_the_excerpt --><!-- AddThis Share Buttons generic via filter on get_the_excerpt --><\/p>\n","protected":false},"author":75,"featured_media":0,"comment_status":"open","ping_status":"closed","sticky":false,"template":"","format":"standard","meta":[],"categories":[4,5],"tags":[6,12,33,44,83,90,122,133,147],"_links":{"self":[{"href":"https:\/\/blogs.hoy.es\/meteobadajoz\/wp-json\/wp\/v2\/posts\/509"}],"collection":[{"href":"https:\/\/blogs.hoy.es\/meteobadajoz\/wp-json\/wp\/v2\/posts"}],"about":[{"href":"https:\/\/blogs.hoy.es\/meteobadajoz\/wp-json\/wp\/v2\/types\/post"}],"author":[{"embeddable":true,"href":"https:\/\/blogs.hoy.es\/meteobadajoz\/wp-json\/wp\/v2\/users\/75"}],"replies":[{"embeddable":true,"href":"https:\/\/blogs.hoy.es\/meteobadajoz\/wp-json\/wp\/v2\/comments?post=509"}],"version-history":[{"count":0,"href":"https:\/\/blogs.hoy.es\/meteobadajoz\/wp-json\/wp\/v2\/posts\/509\/revisions"}],"wp:attachment":[{"href":"https:\/\/blogs.hoy.es\/meteobadajoz\/wp-json\/wp\/v2\/media?parent=509"}],"wp:term":[{"taxonomy":"category","embeddable":true,"href":"https:\/\/blogs.hoy.es\/meteobadajoz\/wp-json\/wp\/v2\/categories?post=509"},{"taxonomy":"post_tag","embeddable":true,"href":"https:\/\/blogs.hoy.es\/meteobadajoz\/wp-json\/wp\/v2\/tags?post=509"}],"curies":[{"name":"wp","href":"https:\/\/api.w.org\/{rel}","templated":true}]}}