{"id":513,"date":"2013-10-03T23:59:39","date_gmt":"2013-10-03T21:59:39","guid":{"rendered":"http:\/\/blogs.hoy.es\/meteobadajoz\/?p=513"},"modified":"2013-10-03T23:59:39","modified_gmt":"2013-10-03T21:59:39","slug":"se-impone-el-anticiclon-para-los-proximos-dias","status":"publish","type":"post","link":"https:\/\/blogs.hoy.es\/meteobadajoz\/2013\/10\/03\/se-impone-el-anticiclon-para-los-proximos-dias\/","title":{"rendered":"Se impone el anticicl\u00f3n para los pr\u00f3ximos d\u00edas"},"content":{"rendered":"<p style=\"text-align: left;\" align=\"LEFT\"><span style=\"font-size: x-large;\"><span style=\"color: #000000;\"><span style=\"font-family: 'Segoe UI';\"><strong>\u00bb<\/strong><\/span><\/span><span style=\"color: #000000;\"><span style=\"font-family: 'Segoe UI', sans-serif;\"> Este fin de semana ligero ascenso de las temperaturas y cielos cada vez m\u00e1s despejados en toda la regi\u00f3n. Dejamos atr\u00e1s casi una semana completa de lluvias en algunas zonas de la mitad Oeste peninsular.<\/span><\/span><\/span><\/p>\n<p style=\"text-align: center;\" align=\"CENTER\"><span style=\"font-size: small;\"><strong><span style=\"color: #000000;\"><span style=\"font-family: Arial, Helvetica, sans-serif;\"><img loading=\"lazy\" class=\"aligncenter\" src=\"\/\/nsae01.casimages.net\/img\/2013\/10\/03\/131003082755887376.gif\" alt=\"\" width=\"637\" height=\"432\" \/>Evoluci\u00f3n de la situaci\u00f3n meteorol\u00f3gica en el Atl\u00e1ntico Norte y Europa para los pr\u00f3ximos d\u00edas &#8211; Modelo: GFS.<\/span><\/span><\/strong><\/span><\/p>\n<p align=\"LEFT\"><span style=\"font-size: small;\"><span style=\"color: #000000;\"><span style=\"font-family: Arial, Helvetica, sans-serif;\"><strong>Viernes 4 de Octubre 2013.\u00a0<\/strong><\/span><\/span><strong><\/strong><span style=\"color: #000000;\"><span style=\"font-family: Arial, Helvetica, sans-serif;\">Tras la visita de la primera borrasca de este oto\u00f1o 2013 (no demasiado efectiva en zonas llanas del Oeste peninsular, aunque <span style=\"color: #ff0000;\"><a href=\"https:\/\/www.facebook.com\/media\/set\/?set=a.610832555626969.1073741826.236436716399890&#038;type=1&#038;l=7750eda5dd\" target=\"_blank\" rel=\"external nofollow\"><span style=\"color: #ff0000;\">s\u00ed en zonas de sierra bien orientadas al Oeste y Suroeste<\/span><\/a><\/span>), se impone una nueva situaci\u00f3n anticicl\u00f3nica para este fin de semana, con subida de las temperaturas y cielos bastante m\u00e1s despejados que durante los \u00faltimos d\u00edas.<!--more--><\/span><\/span><\/span><\/p>\n<p align=\"LEFT\"><span style=\"font-size: small;\"><span style=\"color: #000000;\"><span style=\"font-family: Arial, Helvetica, sans-serif;\">En el mapa que encabeza esta noticia observamos los movimientos de los centros de alta y baja presi\u00f3n para las pr\u00f3ximas jornadas, en donde vemos que la borrasca (bajo la cual hemos estado influenciados en los \u00faltimos d\u00edas), <strong>se desplazar\u00e1 r\u00e1pidamente hacia el Norte<\/strong>, desliz\u00e1ndose por el flanco Oeste y Noroeste de ese anticicl\u00f3n de bloqueo que abarca buena parte del Centro-Este del continente europeo, y con la llegada de otro anticicl\u00f3n desde el Suroeste de la Pen\u00ednsula.<\/span><\/span><\/span><\/p>\n<p align=\"LEFT\"><span style=\"font-size: small;\"><span style=\"color: #000000;\"><span style=\"font-family: Arial, Helvetica, sans-serif;\">Ser\u00e1 precisamente ese anticicl\u00f3n al Suroeste de nuestro pa\u00eds el que nos garantizar\u00e1 un tiempo muy tranquilo para este fin de semana y en la primera mitad de la pr\u00f3xima semana. Adem\u00e1s, <strong>una nueva masa de aire c\u00e1lido ascender\u00e1 en latitud desde el Sur<\/strong>, junto con el anticicl\u00f3n, que har\u00e1 que suban progresivamente las temperaturas durante los pr\u00f3ximos d\u00edas, aunque sin calor excesivo.<\/span><\/span><\/span><\/p>\n<p style=\"text-align: center;\" align=\"LEFT\"><strong><span style=\"font-size: small;\"><span style=\"color: #000000;\"><span style=\"font-family: Arial, Helvetica, sans-serif;\"><img loading=\"lazy\" class=\"aligncenter\" src=\"\/\/nsae01.casimages.net\/img\/2013\/10\/03\/131003091133183605.png\" alt=\"\" width=\"668\" height=\"379\" \/>Temperaturas previstas a 850 hPa (1.500 metros) para el fin de semana &#8211; Modelo GFS.<\/span><\/span><\/span><\/strong><\/p>\n<p align=\"LEFT\"><span style=\"font-size: small;\"><span style=\"color: #000000;\"><span style=\"font-family: Arial, Helvetica, sans-serif;\">De esta forma, en el mapa superior vemos representada la temperatura en la capas medias de la Troposfera, donde observamos colores anaranjados y rojizos que indican la presencia de <strong>masas de aire m\u00e1s c\u00e1lidas<\/strong> que las que nos han estado afectando a lo largo de la semana. Por tanto, el fin de semana se presenta con ambiente muy soleado en gran parte del pa\u00eds, y con temperaturas m\u00e1ximas que rondar\u00e1n los <span style=\"color: #ff0000;\"><strong>28-30\u00b0C<\/strong><\/span> en zonas del Oeste y Suroeste peninsular.<\/span><\/span><\/span><\/p>\n<p align=\"LEFT\"><span style=\"font-size: small;\"><span style=\"color: #000000;\"><span style=\"font-family: Arial, Helvetica, sans-serif;\"><strong>Las m\u00ednimas ser\u00e1n m\u00e1s bajas<\/strong> que en los \u00faltimos d\u00edas, debido a la ausencia de nubosidad, y porque poco a poco las noches van siendo cada vez m\u00e1s largas. Hablaremos de m\u00ednimas alrededor de los <span style=\"color: #0000ff;\"><strong>12-13\u00baC<\/strong><\/span> en zonas llanas, m\u00e1s bajas l\u00f3gicamente en \u00e1reas monta\u00f1osas, de unos 8-10\u00baC.<\/span><\/span><\/span><\/p>\n<p align=\"LEFT\"><span style=\"font-size: small;\"><span style=\"color: #000000;\"><span style=\"font-family: Arial, Helvetica, sans-serif;\">Para volver a ver novedades en forma de inestabilidad por el Oeste peninsular, tendremos que esperar al menos hasta finales de la pr\u00f3xima semana, momento en el cual los modelos <strong>comienzan a intuir cierto cambio de tiempo<\/strong>, con el acercamiento de una nueva borrasca y frente fr\u00edo asociado desde el Atl\u00e1ntico. Aunque \u00e9sto \u00faltimo ya es adelantarse mucho. De momento parece que tendremos varios d\u00edas consecutivos de cielos poco nubosos o despejados, y temperaturas en ligero ascenso. M\u00e1ximas que no ir\u00e1n m\u00e1s all\u00e1 de los 30\u00baC.<\/span><\/span><\/span><\/p>\n<p align=\"LEFT\"><span style=\"color: #ffffff;\">.<\/span><\/p>\n<p style=\"text-align: center;\"><span style=\"color: #000000;\"><strong style=\"font-size: small;\"><span style=\"font-family: Arial, Helvetica, sans-serif;\">Puedes seguir este blog a trav\u00e9s de la cuenta de Twitter <\/span><\/strong><\/span><strong style=\"font-size: small;\"><a href=\"https:\/\/twitter.com\/MeteoBadajoz\" target=\"_blank\" rel=\"external nofollow\"><span style=\"color: #ff0000;\"><span style=\"font-family: Arial, Helvetica, sans-serif;\">@MeteoBadajoz<\/span><\/span><\/a><\/strong><span style=\"color: #000000;\"><strong style=\"font-size: small;\"><span style=\"font-family: Arial, Helvetica, sans-serif;\">, o Facebook <\/span><\/strong><\/span><strong style=\"font-size: small;\"><a href=\"https:\/\/www.facebook.com\/pages\/MeteoBadajoz\/236436716399890\" target=\"_blank\" rel=\"external nofollow\"><span style=\"color: #ff0000;\"><span style=\"font-family: Arial, Helvetica, sans-serif;\">MeteoBadajoz<\/span><\/span><\/a><\/strong><span style=\"color: #000000;\"><strong style=\"font-size: small;\"><span style=\"font-family: Arial, Helvetica, sans-serif;\">, donde estar\u00e1s informado en todo momento de c\u00f3mo evolucionan los d\u00edas, as\u00ed como de noticias de inter\u00e9s meteorol\u00f3gico.<\/span><\/strong><\/span><\/p>\n<p align=\"CENTER\"><span style=\"font-size: small;\"><strong><span style=\"color: #000000;\"><span style=\"font-family: Arial, Helvetica, sans-serif;\"><span style=\"text-decoration: underline;\"><strong>Si el art\u00edculo te ha parecido interesante, puedes ayudar a divulgarlo a trav\u00e9s de las redes sociales, con ayuda de los botones para compartir.<\/strong><\/span><\/span><\/span><\/strong><\/span><\/p>\n<p align=\"CENTER\"><span style=\"font-size: small;\"><strong><span style=\"color: #000000;\"><span style=\"font-family: Arial, Helvetica, sans-serif;\">\u00a1\u00a1Gracias!!<\/span><\/span><\/strong><\/span><\/p>\n<!-- AddThis Advanced Settings generic via filter on the_content --><!-- AddThis Share Buttons generic via filter on the_content -->","protected":false},"excerpt":{"rendered":"<p>\u00bb Este fin de semana ligero ascenso de las temperaturas y cielos cada vez m\u00e1s despejados en toda la regi\u00f3n. Dejamos atr\u00e1s casi una semana completa de lluvias en algunas zonas de la mitad Oeste peninsular. Evoluci\u00f3n de la situaci\u00f3n meteorol\u00f3gica en el Atl\u00e1ntico Norte y Europa para los pr\u00f3ximos d\u00edas &#8211; Modelo: GFS. Viernes [&hellip;]<!-- AddThis Advanced Settings generic via filter on get_the_excerpt --><!-- AddThis Share Buttons generic via filter on get_the_excerpt --><\/p>\n","protected":false},"author":75,"featured_media":0,"comment_status":"open","ping_status":"closed","sticky":false,"template":"","format":"standard","meta":[],"categories":[4,5],"tags":[6,11,18,26,62,113,138],"_links":{"self":[{"href":"https:\/\/blogs.hoy.es\/meteobadajoz\/wp-json\/wp\/v2\/posts\/513"}],"collection":[{"href":"https:\/\/blogs.hoy.es\/meteobadajoz\/wp-json\/wp\/v2\/posts"}],"about":[{"href":"https:\/\/blogs.hoy.es\/meteobadajoz\/wp-json\/wp\/v2\/types\/post"}],"author":[{"embeddable":true,"href":"https:\/\/blogs.hoy.es\/meteobadajoz\/wp-json\/wp\/v2\/users\/75"}],"replies":[{"embeddable":true,"href":"https:\/\/blogs.hoy.es\/meteobadajoz\/wp-json\/wp\/v2\/comments?post=513"}],"version-history":[{"count":0,"href":"https:\/\/blogs.hoy.es\/meteobadajoz\/wp-json\/wp\/v2\/posts\/513\/revisions"}],"wp:attachment":[{"href":"https:\/\/blogs.hoy.es\/meteobadajoz\/wp-json\/wp\/v2\/media?parent=513"}],"wp:term":[{"taxonomy":"category","embeddable":true,"href":"https:\/\/blogs.hoy.es\/meteobadajoz\/wp-json\/wp\/v2\/categories?post=513"},{"taxonomy":"post_tag","embeddable":true,"href":"https:\/\/blogs.hoy.es\/meteobadajoz\/wp-json\/wp\/v2\/tags?post=513"}],"curies":[{"name":"wp","href":"https:\/\/api.w.org\/{rel}","templated":true}]}}