{"id":520,"date":"2013-10-18T06:00:54","date_gmt":"2013-10-18T04:00:54","guid":{"rendered":"http:\/\/blogs.hoy.es\/meteobadajoz\/?p=520"},"modified":"2013-10-18T06:00:54","modified_gmt":"2013-10-18T04:00:54","slug":"se-inicia-una-sucesion-de-frentes-hacia-la-peninsula","status":"publish","type":"post","link":"https:\/\/blogs.hoy.es\/meteobadajoz\/2013\/10\/18\/se-inicia-una-sucesion-de-frentes-hacia-la-peninsula\/","title":{"rendered":"Se inicia una sucesi\u00f3n de frentes hacia la Pen\u00ednsula"},"content":{"rendered":"<div align=\"center\">\n<p style=\"text-align: left;\"><span style=\"text-align: start; color: #000000; font-size: small;\">Veces visto:\u00a0<\/span><img loading=\"lazy\" style=\"border: 0px;\" src=\"\/\/contadores.gratisparaweb.com\/imagen.php?contador=53&#038;id2=56215\" alt=\"\" width=\"54\" height=\"14\" border=\"0\" \/><\/p>\n<p style=\"text-align: left;\"><span style=\"color: #ffffff;\">.<\/span><\/p>\n<p align=\"LEFT\"><span style=\"font-size: x-large;\"><span style=\"color: #000000;\"><span style=\"font-family: 'Segoe UI';\"><strong>\u00bb<\/strong><\/span><\/span><span style=\"color: #000000;\"><span style=\"font-family: 'Segoe UI', sans-serif;\"> Est\u00e1 en proceso un importante empeoramiento de tiempo en Espa\u00f1a, que podr\u00e1 durar desde este fin de semana, hasta finales de la pr\u00f3xima semana.<\/span><\/span><\/span><\/p>\n<p style=\"text-align: center;\" align=\"CENTER\"><span><strong><span><span><span style=\"font-family: Arial, Helvetica, sans-serif; font-size: x-small;\"><img loading=\"lazy\" class=\"aligncenter\" src=\"\/\/sia1.subirimagenes.net\/img\/2013\/10\/18\/131018120550825927.png\" alt=\"\" width=\"646\" height=\"352\" \/><span style=\"font-size: small; color: #000000;\">Imagen\u00a0infrarroja del Meteosat, con el acercamiento de una borrasca Atl\u00e1ntica, y un frente al Oeste de la Pen\u00ednsula Ib\u00e9rica.<\/span><\/span><\/span><\/span><\/strong><\/span><\/p>\n<p align=\"LEFT\"><span style=\"font-size: small;\"><span style=\"color: #000000;\"><span style=\"font-family: Arial, Helvetica, sans-serif;\"><strong>Viernes 18 de Octubre 2013<\/strong>.<\/span><\/span><span style=\"color: #000000;\"><span style=\"font-family: Arial, Helvetica, sans-serif;\"> Finalmente, los cambios que se ven\u00edan anunciando desde inicios de esta semana, poco a poco se han ido confirmando, y parece seguro que este fin de semana volver\u00e1 a cambiar el tiempo, \u00a1y de qu\u00e9 manera!<!--more--><\/span><\/span><\/span><\/p>\n<p align=\"LEFT\"><span style=\"font-size: small;\"><span style=\"color: #000000;\"><span style=\"font-family: Arial, Helvetica, sans-serif;\">La situaci\u00f3n tiende a empeorar durante los pr\u00f3ximos d\u00edas, debido al acercamiento de una nueva borrasca desde el Atl\u00e1ntico. Una borrasca que, ya durante este s\u00e1bado, nos acercar\u00e1 el primer frente fr\u00edo de este nuevo episodio de lluvias. A fecha de hoy, si se cumplen los pron\u00f3sticos, este fin de semana podr\u00edamos iniciar un <strong>periodo de lluvias abundantes<\/strong> en el Oeste y Noroeste peninsular, que podr\u00eda tener continuidad, al menos, <strong>hasta finales de la pr\u00f3xima semana<\/strong>.<\/span><\/span><\/span><\/p>\n<p align=\"LEFT\"><span style=\"font-size: small;\"><span style=\"color: #000000;\"><span style=\"font-family: Arial, Helvetica, sans-serif;\">Y es que los modelos vienen mostrando es una <strong>sucesi\u00f3n de frentes<\/strong> (hasta 3 en una semana) que barrer\u00e1n la Pen\u00ednsula de Oeste a Este, siendo m\u00e1s activos y efectivos en la vertiente Atl\u00e1ntica de la Pen\u00ednsula Ib\u00e9rica.<\/span><\/span><\/span><\/p>\n<p align=\"LEFT\"><span style=\"font-size: small;\"><span style=\"color: #000000;\"><span style=\"font-family: Arial, Helvetica, sans-serif;\">Como ya se coment\u00f3 en la <strong><span style=\"color: #ff0000;\"><a href=\"https:\/\/blogs.hoy.es\/meteobadajoz\/2013\/10\/14\/pequenas-novedades-a-medio-plazo-en-forma-de-inestabilidad-para-el-oeste-peninsular\/#.UmBrv1BHAlc\" target=\"_blank\"><span style=\"color: #ff0000;\">entrada anterior<\/span><\/a><\/span><\/strong>, el desplazamiento hacia el Este del anticicl\u00f3n que nos afectaba en los \u00faltimos d\u00edas, la presencia de otro potente anticicl\u00f3n de bloqueo sobre Groenlandia e Islandia, y el debilitamiento del anticicl\u00f3n de las Azores, permite el acercamiento de borrascas desde el Atl\u00e1ntico, y que \u00e9stas consigan afectarnos de lleno.<\/span><\/span><\/span><\/p>\n<p style=\"text-align: center;\" align=\"CENTER\"><strong><span style=\"font-size: small;\"><span style=\"color: #000000;\"><span style=\"font-family: Arial, Helvetica, sans-serif;\"><img loading=\"lazy\" class=\"aligncenter\" src=\"\/\/sia1.subirimagenes.net\/img\/2013\/10\/18\/131018121912184577.png\" alt=\"\" width=\"645\" height=\"379\" \/>Anomal\u00edas de presi\u00f3n a 500 hPa (5.500 mtrs) y presi\u00f3n en superficie &#8211; Modelo GFS.<\/span><\/span><\/span><\/strong><\/p>\n<p align=\"LEFT\"><span style=\"font-size: small;\"><span style=\"color: #000000;\"><span style=\"font-family: Arial, Helvetica, sans-serif;\">La imagen superior muestra lo comentado anteriormente, anticicl\u00f3n en altas latitudes, extensa regi\u00f3n de bajas presiones ocupando gran parte del Atl\u00e1ntico Norte, y la d\u00e9bil anomal\u00eda que muestra el anticicl\u00f3n de las Azores, adem\u00e1s de su ubicaci\u00f3n tan al Suroeste. Espa\u00f1a queda en el borde delantero de toda esa zona despresionaria, con un marcado flujo h\u00famedo de Oeste y Suroeste, que ser\u00e1 el que aporte las precipitaciones durante los pr\u00f3ximos d\u00edas.<\/span><\/span><\/span><\/p>\n<p style=\"text-align: center;\" align=\"CENTER\"><strong><span style=\"font-size: small;\"><span style=\"color: #000000;\"><span style=\"font-family: Arial, Helvetica, sans-serif;\"><img loading=\"lazy\" class=\"aligncenter\" src=\"\/\/sia1.subirimagenes.net\/img\/2013\/10\/18\/131018121848909804.png\" alt=\"\" width=\"614\" height=\"361\" \/>Distribuci\u00f3n de los flujos de viento a 200 hPa; corriente en chorro &#8211; Modelo GFS.<\/span><\/span><\/span><\/strong><\/p>\n<p align=\"LEFT\"><span style=\"font-size: small;\"><span style=\"color: #000000;\"><span style=\"font-family: Arial, Helvetica, sans-serif;\">En el mapa superior vemos la ubicaci\u00f3n de la <em>corriente en chorro<\/em>, que es un \u201cr\u00edo de viento\u201d a unos 10 km de altitud que, b\u00e1sicamente, se forma por la diferencia de temperatura entre el Ecuador y el Polo. Para que todo el mundo pueda entenderlo, \u00e9ste r\u00edo de viento, digamos que, se encarga de transportar las borrascas y sus frentes asociados.<\/span><\/span><\/span><\/p>\n<p align=\"LEFT\"><span style=\"font-size: small;\"><span style=\"color: #000000;\"><span style=\"font-family: Arial, Helvetica, sans-serif;\">Como refleja el mapa superior, se impone una circulaci\u00f3n del chorro bastante baja en latitud, pasando por Azores, y apuntando directamente al Oeste peninsular. Pero adem\u00e1s, esa circulaci\u00f3n de viento se muestra casi en linea recta, desde las costas orientales de Estados Unidos y Canad\u00e1, hasta el Oeste de la Pen\u00ednsula Ib\u00e9rica, que es lo que se conoce como <strong>Circulaci\u00f3n Zonal<\/strong>, es decir, un flujo de oestes de largo recorrido mar\u00edtimo, y con la corriente en chorro sin apenas ondulaciones.<\/span><\/span><\/span><\/p>\n<p align=\"LEFT\"><span style=\"font-size: small;\"><span style=\"color: #000000;\"><span style=\"font-family: Arial, Helvetica, sans-serif;\">Esa circulaci\u00f3n zonal ser\u00e1 la que se encargue de transportar los frentes y lineas de inestabilidad asociados a esa regi\u00f3n de bajas presiones, acerc\u00e1ndolos hacia la Pen\u00ednsula, e introduci\u00e9ndolos sucesivamente a lo largo de los pr\u00f3ximos d\u00edas, por el Oeste peninsular.<\/span><\/span><\/span><\/p>\n<p style=\"text-align: center;\" align=\"CENTER\"><strong><span style=\"font-size: small;\"><span style=\"color: #000000;\"><span style=\"font-family: Arial, Helvetica, sans-serif;\"><img loading=\"lazy\" class=\"aligncenter\" src=\"\/\/sia1.subirimagenes.net\/img\/2013\/10\/18\/13101812273042109.gif\" alt=\"\" width=\"640\" height=\"367\" \/>Evoluci\u00f3n de las precipitaciones a ojos del modelo Europeo (ECMWF), con hasta tres frentes cruzando la Pen\u00ednsula.<\/span><\/span><\/span><\/strong><\/p>\n<p align=\"LEFT\"><span style=\"font-size: small;\"><span style=\"color: #000000;\"><span style=\"font-family: Arial, Helvetica, sans-serif;\">De momento, el primero de esos frentes nos cruzar\u00e1 el s\u00e1bado, pero en general no ser\u00e1 demasiado importante, aunque s\u00ed lo ser\u00e1 en las zonas t\u00edpicas: Sur de Galicia, Norte de C\u00e1ceres (cara Sur de Gredos), y por la costa Central y Norte de Portugal. No se descarta que el frente pueda ser de <strong>car\u00e1cter convectivo<\/strong>, es decir, que lleve asociadas algunas tormentas dentro del propio frente que, de forma puntual, puedan dejar <strong>precipitaciones algo m\u00e1s significativas<\/strong>.<\/span><\/span><\/span><\/p>\n<p align=\"LEFT\"><span style=\"font-size: small;\"><span style=\"color: #000000;\"><span style=\"font-family: Arial, Helvetica, sans-serif;\">En la tarde del viernes ya notaremos un importante aumento de la nubosidad desde el Oeste, y durante la noche del viernes-s\u00e1bado ser\u00e1 cuando el frente comience a entrar por el Oeste peninsular (por Portugal y el Oeste de Galicia), y a lo largo de la ma\u00f1ana del s\u00e1bado afectar\u00e1 al resto de la mitad occidental.<\/span><\/span><\/span><\/p>\n<p align=\"LEFT\"><span style=\"font-size: small;\"><span style=\"color: #000000;\"><span style=\"font-family: Arial, Helvetica, sans-serif;\">Ser\u00e1 notable el cambio de tiempo, con presencia de abundante nubosidad y descenso de las temperaturas m\u00e1ximas, pero <strong>no hablaremos de fr\u00edo<\/strong>. Hay que tener en cuenta que estos d\u00edas hemos registrado m\u00e1ximas de 27-29\u00baC, muy altas para la \u00e9poca, por lo que el descenso t\u00e9rmico del fin de semana s\u00f3lo <strong>supondr\u00e1 una normalizaci\u00f3n de las temperaturas<\/strong>. Adem\u00e1s, se imponen los vientos del Oeste y Suroeste, que son templados y muy h\u00famedos. No tendremos ninguna invasi\u00f3n de aire fr\u00edo polar, ni nada semejante.<\/span><\/span><\/span><\/p>\n<p align=\"LEFT\"><span style=\"font-size: small;\"><span style=\"color: #000000;\"><span style=\"font-family: Arial, Helvetica, sans-serif;\">De cara al domingo, la situaci\u00f3n mejorar\u00eda tras el paso del frente, incluso con apertura de bastantes claros, pero estaremos bajo los efectos de la masa de aire fr\u00edo que viaja detr\u00e1s del frente y, por tanto, se podr\u00edan formar algunos chubascos a lo largo del d\u00eda, as\u00ed que <strong>ambiente nuboso e inestable<\/strong>.<\/span><\/span><\/span><\/p>\n<p align=\"LEFT\"><span style=\"font-size: small;\"><span style=\"color: #000000;\"><span style=\"font-family: Arial, Helvetica, sans-serif;\">En cuanto a la pr\u00f3xima semana, a grandes rasgos, vendr\u00e1 dominada nuevamente por ese flujo de Oeste y Suroeste, que continuar\u00e1 <strong>acercando l\u00edneas de inestabilidad hacia el Oeste peninsular<\/strong>. Pero cabe destacar que, durante la jornada del martes, nos cruzar\u00eda el segundo frente. Un frente con bastante m\u00e1s actividad que el del s\u00e1bado, con lluvias mucho m\u00e1s generosas y abundantes, y localmente intensas. Y <strong>atenci\u00f3n al viento durante la jornada del martes<\/strong>, ya que podr\u00eda alcanzar rachas de 60-70 km\/h en zonas llanas, y de <strong>m\u00e1s de 80 km\/h en zonas monta\u00f1osas<\/strong>.<\/span><\/span><\/span><\/p>\n<p align=\"LEFT\"><span style=\"font-size: small;\"><span style=\"color: #000000;\"><span style=\"font-family: Arial, Helvetica, sans-serif;\">El tercer y, en principio, \u00faltimo frente, nos cruzar\u00eda a finales de la pr\u00f3xima semana, pero eso todav\u00eda est\u00e1 en plazo demasiado lejos. Habr\u00e1 que estar muy pendientes de c\u00f3mo se desarrolle la situaci\u00f3n a lo largo de este fin de semana y, especialmente, durante la pr\u00f3xima semana. De momento, se inicia un <strong>nuevo periodo de lluvias<\/strong>.<\/span><\/span><\/span><\/p>\n<p align=\"LEFT\"><span style=\"color: #ffffff;\">.<\/span><\/p>\n<p align=\"CENTER\"><span style=\"font-size: small;\"><strong><span style=\"color: #000000;\"><span style=\"font-family: Arial, Helvetica, sans-serif;\">Puedes seguir este blog a trav\u00e9s de la cuenta de Twitter <\/span><\/span><\/strong><strong><a href=\"https:\/\/twitter.com\/MeteoBadajoz\" target=\"_blank\" rel=\"external nofollow\"><span style=\"color: #ff0000;\"><span style=\"font-family: Arial, Helvetica, sans-serif;\">@MeteoBadajoz<\/span><\/span><\/a><\/strong><strong><span style=\"color: #000000;\"><span style=\"font-family: Arial, Helvetica, sans-serif;\">, o Facebook <\/span><\/span><\/strong><strong><a href=\"https:\/\/www.facebook.com\/pages\/MeteoBadajoz\/236436716399890\" target=\"_blank\" rel=\"external nofollow\"><span style=\"color: #ff0000;\"><span style=\"font-family: Arial, Helvetica, sans-serif;\">MeteoBadajoz<\/span><\/span><\/a><\/strong><strong><span style=\"color: #000000;\"><span style=\"font-family: Arial, Helvetica, sans-serif;\">, donde estar\u00e1s informado en todo momento de c\u00f3mo evolucionan los d\u00edas, as\u00ed como de noticias de inter\u00e9s meteorol\u00f3gico.<\/span><\/span><\/strong><\/span><\/p>\n<p align=\"CENTER\"><span style=\"font-size: small;\"><strong><span style=\"color: #000000;\"><span style=\"font-family: Arial, Helvetica, sans-serif;\"><span style=\"text-decoration: underline;\"><strong>Si el art\u00edculo te ha parecido interesante, puedes ayudar a divulgarlo a trav\u00e9s de las redes sociales, con ayuda de los botones para compartir.<\/strong><\/span><\/span><\/span><\/strong><\/span><\/p>\n<p align=\"CENTER\"><span style=\"font-size: small;\"><strong><span style=\"color: #000000;\"><span style=\"font-family: Arial, Helvetica, sans-serif;\">\u00a1\u00a1Gracias!!<\/span><\/span><\/strong><\/span><\/p>\n<\/div>\n<!-- AddThis Advanced Settings generic via filter on the_content --><!-- AddThis Share Buttons generic via filter on the_content -->","protected":false},"excerpt":{"rendered":"<p>Veces visto:\u00a0 . \u00bb Est\u00e1 en proceso un importante empeoramiento de tiempo en Espa\u00f1a, que podr\u00e1 durar desde este fin de semana, hasta finales de la pr\u00f3xima semana. Imagen\u00a0infrarroja del Meteosat, con el acercamiento de una borrasca Atl\u00e1ntica, y un frente al Oeste de la Pen\u00ednsula Ib\u00e9rica. Viernes 18 de Octubre 2013. Finalmente, los cambios [&hellip;]<!-- AddThis Advanced Settings generic via filter on get_the_excerpt --><!-- AddThis Share Buttons generic via filter on get_the_excerpt --><\/p>\n","protected":false},"author":75,"featured_media":0,"comment_status":"open","ping_status":"closed","sticky":false,"template":"","format":"standard","meta":[],"categories":[4,5],"tags":[6,12,33,36,47,83,90,91,118],"_links":{"self":[{"href":"https:\/\/blogs.hoy.es\/meteobadajoz\/wp-json\/wp\/v2\/posts\/520"}],"collection":[{"href":"https:\/\/blogs.hoy.es\/meteobadajoz\/wp-json\/wp\/v2\/posts"}],"about":[{"href":"https:\/\/blogs.hoy.es\/meteobadajoz\/wp-json\/wp\/v2\/types\/post"}],"author":[{"embeddable":true,"href":"https:\/\/blogs.hoy.es\/meteobadajoz\/wp-json\/wp\/v2\/users\/75"}],"replies":[{"embeddable":true,"href":"https:\/\/blogs.hoy.es\/meteobadajoz\/wp-json\/wp\/v2\/comments?post=520"}],"version-history":[{"count":0,"href":"https:\/\/blogs.hoy.es\/meteobadajoz\/wp-json\/wp\/v2\/posts\/520\/revisions"}],"wp:attachment":[{"href":"https:\/\/blogs.hoy.es\/meteobadajoz\/wp-json\/wp\/v2\/media?parent=520"}],"wp:term":[{"taxonomy":"category","embeddable":true,"href":"https:\/\/blogs.hoy.es\/meteobadajoz\/wp-json\/wp\/v2\/categories?post=520"},{"taxonomy":"post_tag","embeddable":true,"href":"https:\/\/blogs.hoy.es\/meteobadajoz\/wp-json\/wp\/v2\/tags?post=520"}],"curies":[{"name":"wp","href":"https:\/\/api.w.org\/{rel}","templated":true}]}}